{"id":37351,"date":"2011-07-28T18:15:37","date_gmt":"2011-07-28T15:15:37","guid":{"rendered":"http:\/\/www.korhanyilmaz.com\/?p=37351"},"modified":"2011-07-28T22:08:58","modified_gmt":"2011-07-28T19:08:58","slug":"savcidan-rotha-izin-cikti-ama","status":"publish","type":"post","link":"http:\/\/www.korhanyilmaz.com\/?p=37351","title":{"rendered":"Savc\u0131dan Roth&#8217;a izin \u00e7\u0131kt\u0131 ama&#8230;"},"content":{"rendered":"<div id=\"attachment_37352\" style=\"width: 370px\" class=\"wp-caption aligncenter\"><a href=\"http:\/\/www.korhanyilmaz.com\/wp-content\/uploads\/2011\/07\/2104.jpeg\"  class=\"lightview\"><img loading=\"lazy\" decoding=\"async\" aria-describedby=\"caption-attachment-37352\" class=\"size-full wp-image-37352\" src=\"http:\/\/www.korhanyilmaz.com\/wp-content\/uploads\/2011\/07\/2104.jpeg\" alt=\"\" width=\"360\" height=\"240\" \/><\/a><p id=\"caption-attachment-37352\" class=\"wp-caption-text\">Alman Ye\u015filler Partisi E\u015f Ba\u015fkan\u0131 Claudia Roth<\/p><\/div>\n<p style=\"text-align: justify;\">Ahmet \u015e\u0131k ve Nedim \u015eener&#8217;i cezaevinde ziyaret etmek isteyen ama gerekli izin \u00e7\u0131kmad\u0131\u011f\u0131 i\u00e7in Silivri&#8217;den geri d\u00f6nmek zorunda kalan Alman Ye\u015filler Partisi E\u015f Ba\u015fkan\u0131 Claudia Roth&#8217;a ziyaret saati dolunca izin \u00e7\u0131kt\u0131.<\/p>\n<p style=\"text-align: justify;\">\u0130STANBUL &#8211; Ahmet \u015e\u0131k ve Nedim \u015eener\u2019i cezaevinde ziyaret etmek isteyen ama gerekli izin \u00e7\u0131kmad\u0131\u011f\u0131 i\u00e7in Silivri\u2019den geri d\u00f6nmek zorunda kalan Alman Ye\u015filler Partisi E\u015f Ba\u015fkan\u0131 Claudia Roth\u2019a ak\u015fam saatlerinde izin \u00e7\u0131kt\u0131. Roth, ziyaret saati doldu\u011fu i\u00e7in tekrar Silivri\u2019ye gitmedi. \u0130znin \u00e7\u0131kt\u0131\u011f\u0131na dair cezaevi savc\u0131l\u0131\u011f\u0131ndan izin faks\u0131 geldi\u011fi s\u0131rada Hilton otelinde T\u00fcrk gazetecilerle birarada olan Roth\u2019un ilk tepkisi kahkaha atmak oldu. Tatil i\u00e7in T\u00fcrkiye\u2019ye geldi\u011fi \u00f6\u011freniler Roth, yar\u0131n Hrant Dink davas\u0131n\u0131 takip etmek \u00fczere Be\u015fikta\u015f Adliyesi\u2019ne gidece\u011fini s\u00f6yledi.<!--more--><\/p>\n<p style=\"text-align: justify;\"><strong>MA\u00c7TA \u015e\u0130KAYET EDECEK<\/strong><\/p>\n<p style=\"text-align: justify;\">Ziyaret i\u00e7in gerekli iznin \u00e7\u0131kmamas\u0131 \u00fczerine \u00e7ok sinirlenen ve durumu Ba\u015fbakan Erdo\u011fan\u2019a \u015fikayet edece\u011fini s\u00f6yleyen Roth, 7 Ekim tarihinde Erdo\u011fan\u2019la direkt g\u00f6r\u00fc\u015fme \u015fans\u0131 olaca\u011f\u0131n\u0131 belirtti. Roth, &#8220;O tarihte T\u00fcrkiye-Almanya futbol ma\u00e7\u0131 olacak. En az\u0131ndan Erdo\u011fan\u2019la aram\u0131zdaki ba\u011f futbol hayranl\u0131\u011f\u0131m\u0131zd\u0131r&#8221; diye konu\u015ftu.<\/p>\n<p style=\"text-align: justify;\"><strong>ROTH\u2019DAN BDP\u2019YE \u00c7A\u011eRI<\/strong><\/p>\n<p style=\"text-align: justify;\">Alman Ye\u015filler Partisi E\u015fba\u015fkan\u0131 Roth, meclisi boykot ederek yemin etmeyen BDP\u2019ye de \u00e7a\u011fr\u0131da bulundu. Roth, &#8220;Kendileri karar vermek zorunda. BDP\u2019den se\u00e7ilen milletvekilleri parlamentoya girsinler ve g\u00f6revlerini yaps\u0131nlar. Se\u00e7ilen ba\u011f\u0131ms\u0131z Mersin milletvekili ile \u00e7ok da i\u015f yapabiliriz. \u00d6zellikle n\u00fckleer santral kar\u015f\u0131t\u0131 m\u00fccadele vermek istiyoruz. Yak\u0131ndan i\u015f yapmak istiyoruz&#8221; \u015feklinde konu\u015ftu. Roth toplant\u0131n\u0131n ard\u0131ndan Hrant Dink\u2019in avukatlar\u0131 ve arkada\u015flar\u0131yla g\u00f6r\u00fc\u015fmek \u00fczere Agos gazetesine gitti.<\/p>\n<p style=\"text-align: justify;\"><a href=\"http:\/\/www.radikal.com.tr\/Radikal.aspx?aType=RadikalDetayV3&amp;ArticleID=1057994&amp;Date=28.07.2011&amp;CategoryID=77\" target=\"_blank\">Kaynak : Radikal.com.tr<\/a><\/p>\n","protected":false},"excerpt":{"rendered":"<p id=\"caption-attachment-37352\" class=\"wp-caption-text\">Alman Ye\u015filler Partisi E\u015f Ba\u015fkan\u0131 Claudia Roth<\/p>\n<p style=\"text-align: justify;\">Ahmet \u015e\u0131k ve Nedim \u015eener&#8217;i cezaevinde ziyaret etmek isteyen ama gerekli izin \u00e7\u0131kmad\u0131\u011f\u0131 i\u00e7in Silivri&#8217;den geri d\u00f6nmek zorunda kalan Alman Ye\u015filler Partisi E\u015f Ba\u015fkan\u0131 Claudia Roth&#8217;a ziyaret saati dolunca izin \u00e7\u0131kt\u0131.<\/p>\n<p style=\"text-align: justify;\">\u0130STANBUL &#8211; Ahmet \u015e\u0131k ve Nedim \u015eener\u2019i cezaevinde ziyaret etmek isteyen <\/p>\n","protected":false},"author":1,"featured_media":0,"comment_status":"open","ping_status":"open","sticky":false,"template":"","format":"standard","meta":{"footnotes":""},"categories":[105],"tags":[],"class_list":["post-37351","post","type-post","status-publish","format-standard","hentry","category-gundem","odd"],"_links":{"self":[{"href":"http:\/\/www.korhanyilmaz.com\/index.php?rest_route=\/wp\/v2\/posts\/37351","targetHints":{"allow":["GET"]}}],"collection":[{"href":"http:\/\/www.korhanyilmaz.com\/index.php?rest_route=\/wp\/v2\/posts"}],"about":[{"href":"http:\/\/www.korhanyilmaz.com\/index.php?rest_route=\/wp\/v2\/types\/post"}],"author":[{"embeddable":true,"href":"http:\/\/www.korhanyilmaz.com\/index.php?rest_route=\/wp\/v2\/users\/1"}],"replies":[{"embeddable":true,"href":"http:\/\/www.korhanyilmaz.com\/index.php?rest_route=%2Fwp%2Fv2%2Fcomments&post=37351"}],"version-history":[{"count":0,"href":"http:\/\/www.korhanyilmaz.com\/index.php?rest_route=\/wp\/v2\/posts\/37351\/revisions"}],"wp:attachment":[{"href":"http:\/\/www.korhanyilmaz.com\/index.php?rest_route=%2Fwp%2Fv2%2Fmedia&parent=37351"}],"wp:term":[{"taxonomy":"category","embeddable":true,"href":"http:\/\/www.korhanyilmaz.com\/index.php?rest_route=%2Fwp%2Fv2%2Fcategories&post=37351"},{"taxonomy":"post_tag","embeddable":true,"href":"http:\/\/www.korhanyilmaz.com\/index.php?rest_route=%2Fwp%2Fv2%2Ftags&post=37351"}],"curies":[{"name":"wp","href":"https:\/\/api.w.org\/{rel}","templated":true}]}}