{"id":37347,"date":"2011-07-28T14:16:25","date_gmt":"2011-07-28T11:16:25","guid":{"rendered":"http:\/\/www.korhanyilmaz.com\/?p=37347"},"modified":"2011-07-28T22:05:28","modified_gmt":"2011-07-28T19:05:28","slug":"roth-silivriye-giremedi","status":"publish","type":"post","link":"http:\/\/www.korhanyilmaz.com\/?p=37347","title":{"rendered":"Roth Silivri&#8217;ye giremedi"},"content":{"rendered":"<p style=\"text-align: justify;\"><a href=\"http:\/\/www.korhanyilmaz.com\/wp-content\/uploads\/2011\/07\/2103.jpeg\"  class=\"lightview\"><img loading=\"lazy\" decoding=\"async\" class=\"aligncenter size-full wp-image-37348\" src=\"http:\/\/www.korhanyilmaz.com\/wp-content\/uploads\/2011\/07\/2103.jpeg\" alt=\"\" width=\"320\" height=\"214\" \/><\/a><\/p>\n<p style=\"text-align: justify;\">Almanya Ye\u015filler Partisi E\u015fba\u015fkan\u0131 Claudia Roth&#8217;a gazeteciler Ahmet \u015e\u0131k ve Nedim \u015eener&#8217;i cezaevinde g\u00f6rmesi i\u00e7in izin verilmedi. Roth&#8217;un karara tepkisi sert oldu.<\/p>\n<p style=\"text-align: justify;\">\u0130STANBUL &#8211; Ye\u015filler Partisi ve Avrupa Birli\u011fi Ye\u015filler Grubu E\u015fba\u015fkan\u0131 Claudia Roth, Ergenekon Soru\u015fturmas\u0131 kapsam\u0131nda tutuklanan gazeteciler Nedim \u015eener ve Ahmet \u015e\u0131k\u2019\u0131 ziyaret etmek i\u00e7in Silivri Cezaevi\u2019ne geldi ancak bu ziyarete izin verilmedi. <!--more--><\/p>\n<p style=\"text-align: justify;\">Silivri Ceza \u0130nfaz Kurumlar\u0131 Kamp\u00fcs\u00fc\u2019ne gazeteci Ahmet \u015e\u0131k\u2019\u0131n E\u015fi Yonca Verdio\u011flu \u015e\u0131k ile gelen Roth i\u00e7eri girerken &#8220;Ahmet \u015e\u0131k ve Nedim \u015eener benim i\u00e7in birer sembold\u00fcr. T\u00fcrkiye&#8217;de gazeteciler i\u015fini yapt\u0131\u011f\u0131 i\u00e7in cezaevinde tutuklu bulunmaktad\u0131r. Tabi ki bu demokrasi i\u00e7in bir risk fakt\u00f6r\u00fcd\u00fcr. T\u00fcrkiye&#8217;nin d\u00fc\u015fman\u0131 de\u011filim. Bir dost olarak buraday\u0131m&#8221; ifadelerini kulland\u0131.<\/p>\n<p style=\"text-align: justify;\">Yakla\u015f\u0131k bir saat sonra d\u0131\u015far\u0131 \u00e7\u0131kan Ye\u015filler Partisi E\u015fba\u015fkan\u0131 Claudia Roth, g\u00f6rd\u00fc\u011f\u00fc muameleden dolay\u0131 \u00e7ok \u00f6fkeli oldu\u011funu ve \u015e\u0131k ve \u015eener ile g\u00f6r\u00fc\u015femedi\u011fini s\u00f6yledi.<\/p>\n<p style=\"text-align: justify;\">Roth, cezaevi \u00e7\u0131k\u0131\u015f\u0131 terc\u00fcman arac\u0131l\u0131\u011f\u0131yla gazetecilere yapt\u0131\u011f\u0131 a\u00e7\u0131klamada, &#8220;70&#8217;den fazla gazetecinin cezaevinde olmas\u0131 o \u00fclkede bir sorun oldu\u011funu g\u00f6sterir ben b\u00f6yle d\u00fc\u015f\u00fcn\u00fcyorum. 2 saatin ard\u0131ndan size Ahmet \u015e\u0131k ile g\u00f6r\u00fc\u015fmemin nas\u0131l oldu\u011funu anlatmak isterdim. Ama bize izin verilmedi. Bana kar\u015f\u0131 g\u00f6sterilen muamele y\u00fcz\u00fcnden \u00e7ok \u00f6fkeliyim&#8221; dedi.<\/p>\n<p style=\"text-align: justify;\"><strong>&#8216;APTALCA&#8230; \u015e\u0130K\u00c2YET EDECE\u011e\u0130M&#8217;<\/strong><\/p>\n<p style=\"text-align: justify;\">22 Temmuz&#8217;da Adalet Bakanl\u0131\u011f\u0131&#8217;na resmi olarak ba\u015fvurduklar\u0131n\u0131 belirten Roth, &#8220;Alman B\u00fcy\u00fckel\u00e7isi, T\u00fcrkiye&#8217;nin D\u0131\u015fi\u015fleri Bakanl\u0131\u011f\u0131&#8217;na yaz\u0131l\u0131 olarak ba\u015fvurdu. Alman B\u00fcy\u00fckel\u00e7ili\u011fi D\u0131\u015fi\u015fleri Bakanl\u0131\u011f\u0131&#8217;na s\u00fcrekli olarak telefon etmi\u015f. Biz cezaevinde yar\u0131m saat bekledikten sonra D\u0131\u015fi\u015fleri Bakanl\u0131\u011f\u0131&#8217;ndan izin \u00e7\u0131kt\u0131\u011f\u0131n\u0131 ancak iznin yaz\u0131l\u0131 olarak kendilerine ula\u015fmas\u0131 gerekti\u011fini belirttiler. Ondan sonra &#8216;Evet ziyaret edebilirsiniz&#8217; dediler. \u00c7ok sert kontrollerden ge\u00e7irildikten sonra bir g\u00f6revli yan\u0131m\u0131za geldi &#8216;Hay\u0131r savc\u0131 ziyaret edemeyece\u011finizi s\u00f6yledi. Y\u00f6netmeli\u011fe g\u00f6re 10 g\u00fcn \u00f6nce m\u00fcracaat edilmesi gerekiyormu\u015f, ne kadar aptalca bir \u015fey. Bana bunu s\u00f6yleselerdi bir hafta sonra gelirdim&#8221; diye konu\u015ftu. Roth, &#8220;Bana kar\u015f\u0131 b\u00f6yle bir muamale yap\u0131lamaz. Resmi olarak bir \u015fikayet dilek\u00e7esi yazaca\u011f\u0131m. Hem Adalet Bakanl\u0131\u011f\u0131&#8217;na hem de Ba\u015fbakan Recep Tayyip Erdo\u011fan&#8217;a. Erdo\u011fan&#8217;\u0131 da yak\u0131ndan tan\u0131yorum &#8221; ifadelerini kulland\u0131.<\/p>\n<p style=\"text-align: justify;\"><strong>ROTH BA\u015eBAKAN ERDO\u011eAN&#8217;A SESLEND\u0130<\/strong><\/p>\n<p style=\"text-align: justify;\">Sinirli oldu\u011fu g\u00f6zlenen Roth s\u00f6zlerini \u015f\u00f6yle s\u00fcrd\u00fcrd\u00fc: &#8220;Siz neden korkuyorsunuz? Neden bir gazeteciyi ziyaret edemiyorum? Neden karanl\u0131\u011fa \u0131\u015f\u0131k yakan bir gazeteciyle g\u00f6r\u00fc\u015femiyorum? Neden bu gazeteciye y\u00f6neltilen su\u00e7lamalar nelerdir? Neden ona 5 ayd\u0131r tutuklusun? Neden Ergenekon tutuklusu olarak burada bulunuyorsun? diye soram\u0131yorum. Neden bunlar\u0131 soram\u0131yorum. Ben bu h\u00fck\u00fcmete ve Ba\u015fbakan Erdo\u011fan&#8217;a \u015funu s\u00f6ylemek istiyorum. Ya\u015famak i\u00e7in ekmek ve su laz\u0131m. Demokrasinin ya\u015famas\u0131 i\u00e7in bas\u0131n \u00f6zg\u00fcrl\u00fc\u011f\u00fcne ve ifade \u00f6zg\u00fcrl\u00fc\u011f\u00fcne ihtiya\u00e7 vard\u0131r. Yoksa demokrasi ya\u015fayamaz. Demokrasinin d\u00f6rt\u00fcnc\u00fc kolunu bas\u0131n ve ifade \u00f6zg\u00fcrl\u00fc\u011f\u00fcd\u00fcr. Ben size s\u00f6z veriyorum. Ben bas\u0131n \u00f6zg\u00fcrl\u00fc\u011f\u00fc i\u00e7in Nedim \u015eener ve Ahmet \u015e\u0131k&#8217;\u0131n h\u00fcr bir \u015fekilde gazetecilik mesle\u011fini yapabilmesi i\u00e7in m\u00fccadele verece\u011fim. Ben ekim ay\u0131nda bir daha T\u00fcrkiye&#8217;ye gelece\u011fim. Geldi\u011fimde umut ediyorum Ahmet \u015e\u0131k ve Nedim \u015eener h\u00fcr bir \u015fekilde kar\u015f\u0131layabilirim&#8221;<\/p>\n<p style=\"text-align: justify;\"><strong>&#8220;AB \u00dcYEL\u0130\u011e\u0130N\u0130N SAVUNAN B\u0130R\u0130S\u0130 OLARAK BUNU G\u00d6RD\u00dcKTEN SONRA TAB\u0130 K\u0130 \u0130\u015e\u0130M\u0130Z \u00c7OK ZOR&#8221;<\/strong><\/p>\n<p style=\"text-align: justify;\">\u015e\u0131k ve \u015eener ile g\u00f6r\u00fc\u015fememesine tepki g\u00f6steren Roth, &#8220;T\u00fcrkiye dostlar\u0131na b\u00f6yle davran\u0131yorsa, olmayan dostlar\u0131na kar\u015f\u0131 nas\u0131l davranacak. B\u00f6yle bir davran\u0131\u015f benim i\u015fimi de ger\u00e7ekten \u00e7ok zorla\u015ft\u0131r\u0131yor. Almanya&#8217;da ve Avrupa&#8217;da T\u00fcrkiye&#8217;nin AB \u00fcyeli\u011fini savunan birisi olarak bunu g\u00f6rd\u00fckten sonra tabi ki i\u015fimiz \u00e7ok zor. Kendimizde zorlan\u0131yoruz&#8221; dedi. Roth daha sonra Ahmet \u015e\u0131k&#8217;\u0131n e\u015fi Yonca \u015e\u0131k&#8217;\u0131n da i\u00e7inde bulundu\u011fu ara\u00e7 ile cezaevinden ayr\u0131ld\u0131.<\/p>\n<p style=\"text-align: justify;\"><a href=\"http:\/\/www.radikal.com.tr\/Radikal.aspx?aType=RadikalDetayV3&amp;ArticleID=1057977&amp;Date=28.07.2011&amp;CategoryID=77\" target=\"_blank\">Kaynak: Radikal.com.tr<\/a><\/p>\n","protected":false},"excerpt":{"rendered":"<p style=\"text-align: justify;\">\n<p style=\"text-align: justify;\">Almanya Ye\u015filler Partisi E\u015fba\u015fkan\u0131 Claudia Roth&#8217;a gazeteciler Ahmet \u015e\u0131k ve Nedim \u015eener&#8217;i cezaevinde g\u00f6rmesi i\u00e7in izin verilmedi. Roth&#8217;un karara tepkisi sert oldu.<\/p>\n<p style=\"text-align: justify;\">\u0130STANBUL &#8211; Ye\u015filler Partisi ve Avrupa Birli\u011fi Ye\u015filler Grubu E\u015fba\u015fkan\u0131 Claudia Roth, Ergenekon Soru\u015fturmas\u0131 kapsam\u0131nda tutuklanan gazeteciler Nedim \u015eener ve Ahmet \u015e\u0131k\u2019\u0131 ziyaret etmek i\u00e7in Silivri <\/p>\n","protected":false},"author":1,"featured_media":0,"comment_status":"open","ping_status":"open","sticky":false,"template":"","format":"standard","meta":{"footnotes":""},"categories":[105],"tags":[],"class_list":["post-37347","post","type-post","status-publish","format-standard","hentry","category-gundem","odd"],"_links":{"self":[{"href":"http:\/\/www.korhanyilmaz.com\/index.php?rest_route=\/wp\/v2\/posts\/37347","targetHints":{"allow":["GET"]}}],"collection":[{"href":"http:\/\/www.korhanyilmaz.com\/index.php?rest_route=\/wp\/v2\/posts"}],"about":[{"href":"http:\/\/www.korhanyilmaz.com\/index.php?rest_route=\/wp\/v2\/types\/post"}],"author":[{"embeddable":true,"href":"http:\/\/www.korhanyilmaz.com\/index.php?rest_route=\/wp\/v2\/users\/1"}],"replies":[{"embeddable":true,"href":"http:\/\/www.korhanyilmaz.com\/index.php?rest_route=%2Fwp%2Fv2%2Fcomments&post=37347"}],"version-history":[{"count":0,"href":"http:\/\/www.korhanyilmaz.com\/index.php?rest_route=\/wp\/v2\/posts\/37347\/revisions"}],"wp:attachment":[{"href":"http:\/\/www.korhanyilmaz.com\/index.php?rest_route=%2Fwp%2Fv2%2Fmedia&parent=37347"}],"wp:term":[{"taxonomy":"category","embeddable":true,"href":"http:\/\/www.korhanyilmaz.com\/index.php?rest_route=%2Fwp%2Fv2%2Fcategories&post=37347"},{"taxonomy":"post_tag","embeddable":true,"href":"http:\/\/www.korhanyilmaz.com\/index.php?rest_route=%2Fwp%2Fv2%2Ftags&post=37347"}],"curies":[{"name":"wp","href":"https:\/\/api.w.org\/{rel}","templated":true}]}}