{"id":37343,"date":"2011-07-28T13:26:56","date_gmt":"2011-07-28T10:26:56","guid":{"rendered":"http:\/\/www.korhanyilmaz.com\/?p=37343"},"modified":"2011-11-04T20:38:52","modified_gmt":"2011-11-04T18:38:52","slug":"ermenistan-geri-adim-atmiyor","status":"publish","type":"post","link":"http:\/\/www.korhanyilmaz.com\/?p=37343","title":{"rendered":"Ermenistan, geri ad\u0131m atm\u0131yor"},"content":{"rendered":"<p style=\"text-align: center;\"><a href=\"http:\/\/www.korhanyilmaz.com\/wp-content\/uploads\/2011\/07\/ermenistan.jpg\"  class=\"lightview\"><img loading=\"lazy\" decoding=\"async\" class=\"aligncenter size-full wp-image-37344\" src=\"http:\/\/www.korhanyilmaz.com\/wp-content\/uploads\/2011\/07\/ermenistan.jpg\" alt=\"\" width=\"420\" height=\"275\" \/><\/a><\/p>\n<p style=\"text-align: justify;\">Ermenistan D\u0131\u015fi\u015fleri Bakan\u0131 Yard\u0131mc\u0131s\u0131 \u015eavar\u015f Ko\u00e7aryan, Ba\u015fbakan Recep Tayyip Erdo\u011fan&#8217;\u0131n Ermenistan Cumhurba\u015fkan\u0131 Serj Sarkisyan&#8217;\u0131n a\u00e7\u0131klamas\u0131na g\u00f6sterdi\u011fi tepkinin &#8220;y\u00fczs\u00fczce ve yapay&#8221; oldu\u011funu savunarak, T\u00fcrklerin Sarkisyan&#8217;\u0131n a\u00e7\u0131klamas\u0131n\u0131n sadece bir k\u0131sm\u0131na ba\u011fl\u0131 kald\u0131\u011f\u0131 g\u00f6r\u00fc\u015f\u00fcn\u00fc dile getirdi.<\/p>\n<p style=\"text-align: justify;\">Erivan &#8211; Ermeni gazete Asbarez, Ermenistan Cumhurba\u015fkan\u0131 Serj Sarkisyan&#8217;\u0131n Ermeni gen\u00e7lere hitaben s\u00f6yledi\u011fi &#8220;Karaba\u011f&#8217;\u0131 biz ald\u0131k, A\u011fr\u0131&#8217;y\u0131 size b\u0131rak\u0131yoruz&#8221; s\u00f6zlerine Ba\u015fbakan Erdo\u011fan&#8217;\u0131n d\u00fcn Azerbaycan&#8217;dan verdi\u011fi tepkiye y\u00f6nelik, Ermenistan D\u0131\u015fi\u015fleri Bakan Yard\u0131mc\u0131s\u0131 \u015eavar\u015f Ko\u00e7aryan&#8217;\u0131n Erdo\u011fan&#8217;\u0131n cevab\u0131n\u0131n &#8220;y\u00fczs\u00fczce ve yapay&#8221; oldu\u011funu s\u00f6yledi\u011fini bildirdi. <!--more--><\/p>\n<p style=\"text-align: justify;\">Haberde, Ko\u00e7aryan&#8217;\u0131n T\u00fcrklerin Cumhurba\u015fkan\u0131 Sarkisyan&#8217;\u0131n cevab\u0131n\u0131n tamam\u0131n\u0131 okumad\u0131klar\u0131n\u0131 sadece a\u00e7\u0131klaman\u0131n bir k\u0131sm\u0131na ba\u011fl\u0131 kald\u0131klar\u0131 g\u00f6r\u00fc\u015f\u00fcne yer verildi.<\/p>\n<p style=\"text-align: justify;\">Ayr\u0131ca Bakan Ko\u00e7aryan&#8217;\u0131n, &#8220;Asl\u0131nda Ermenistan Cumhurba\u015fkan\u0131&#8217;n\u0131n cevab\u0131 ciddi, kapsaml\u0131 ve hesap edilmi\u015ftir.T\u00fcrkler bunu b\u00f6yle g\u00f6rm\u00fcyorlarsa basit bir \u015fekilde buna ihtiya\u00e7lar\u0131 yoktur.Her hal\u00fckarda T\u00fcrkler taraf\u0131ndan yarat\u0131lan sinir bozuklu\u011fu sadece sahte de\u011fildir.Ayn\u0131 zamanda bunun bir\u00e7ok sonuca \u00f6nc\u00fcl\u00fck etmesi gerekiyor&#8221; ifadelerine dikkat \u00e7ekildi.<\/p>\n<p style=\"text-align: justify;\"><a href=\"http:\/\/www.cumhuriyet.com.tr\/?hn=264644&amp;kw=Ermenistan%2C+geri+ad%FDm+atm%FDyor+\" target=\"_blank\">Kaynak : Cumhuriyet Haber Portal\u0131<\/a><\/p>\n","protected":false},"excerpt":{"rendered":"<p style=\"text-align: center;\">\n<p style=\"text-align: justify;\">Ermenistan D\u0131\u015fi\u015fleri Bakan\u0131 Yard\u0131mc\u0131s\u0131 \u015eavar\u015f Ko\u00e7aryan, Ba\u015fbakan Recep Tayyip Erdo\u011fan&#8217;\u0131n Ermenistan Cumhurba\u015fkan\u0131 Serj Sarkisyan&#8217;\u0131n a\u00e7\u0131klamas\u0131na g\u00f6sterdi\u011fi tepkinin &#8220;y\u00fczs\u00fczce ve yapay&#8221; oldu\u011funu savunarak, T\u00fcrklerin Sarkisyan&#8217;\u0131n a\u00e7\u0131klamas\u0131n\u0131n sadece bir k\u0131sm\u0131na ba\u011fl\u0131 kald\u0131\u011f\u0131 g\u00f6r\u00fc\u015f\u00fcn\u00fc dile getirdi.<\/p>\n<p style=\"text-align: justify;\">Erivan &#8211; Ermeni gazete Asbarez, Ermenistan Cumhurba\u015fkan\u0131 Serj Sarkisyan&#8217;\u0131n Ermeni gen\u00e7lere hitaben s\u00f6yledi\u011fi &#8220;Karaba\u011f&#8217;\u0131 biz <\/p>\n","protected":false},"author":1,"featured_media":0,"comment_status":"open","ping_status":"open","sticky":false,"template":"","format":"standard","meta":{"footnotes":""},"categories":[105],"tags":[],"class_list":["post-37343","post","type-post","status-publish","format-standard","hentry","category-gundem","odd"],"_links":{"self":[{"href":"http:\/\/www.korhanyilmaz.com\/index.php?rest_route=\/wp\/v2\/posts\/37343","targetHints":{"allow":["GET"]}}],"collection":[{"href":"http:\/\/www.korhanyilmaz.com\/index.php?rest_route=\/wp\/v2\/posts"}],"about":[{"href":"http:\/\/www.korhanyilmaz.com\/index.php?rest_route=\/wp\/v2\/types\/post"}],"author":[{"embeddable":true,"href":"http:\/\/www.korhanyilmaz.com\/index.php?rest_route=\/wp\/v2\/users\/1"}],"replies":[{"embeddable":true,"href":"http:\/\/www.korhanyilmaz.com\/index.php?rest_route=%2Fwp%2Fv2%2Fcomments&post=37343"}],"version-history":[{"count":0,"href":"http:\/\/www.korhanyilmaz.com\/index.php?rest_route=\/wp\/v2\/posts\/37343\/revisions"}],"wp:attachment":[{"href":"http:\/\/www.korhanyilmaz.com\/index.php?rest_route=%2Fwp%2Fv2%2Fmedia&parent=37343"}],"wp:term":[{"taxonomy":"category","embeddable":true,"href":"http:\/\/www.korhanyilmaz.com\/index.php?rest_route=%2Fwp%2Fv2%2Fcategories&post=37343"},{"taxonomy":"post_tag","embeddable":true,"href":"http:\/\/www.korhanyilmaz.com\/index.php?rest_route=%2Fwp%2Fv2%2Ftags&post=37343"}],"curies":[{"name":"wp","href":"https:\/\/api.w.org\/{rel}","templated":true}]}}