{"id":37339,"date":"2011-07-28T11:17:00","date_gmt":"2011-07-28T08:17:00","guid":{"rendered":"http:\/\/www.korhanyilmaz.com\/?p=37339"},"modified":"2011-07-28T14:24:56","modified_gmt":"2011-07-28T11:24:56","slug":"tib-dink-cinayetinde-%e2%80%98ozel-hayat%e2%80%99i-hatirladi","status":"publish","type":"post","link":"http:\/\/www.korhanyilmaz.com\/?p=37339","title":{"rendered":"T\u0130B, Dink cinayetinde \u2018\u00f6zel hayat\u2019\u0131 hat\u0131rlad\u0131!"},"content":{"rendered":"<p style=\"text-align: center;\"><a href=\"http:\/\/www.korhanyilmaz.com\/wp-content\/uploads\/2011\/07\/2102.jpg\"  class=\"lightview\"><img loading=\"lazy\" decoding=\"async\" class=\"aligncenter size-full wp-image-37340\" src=\"http:\/\/www.korhanyilmaz.com\/wp-content\/uploads\/2011\/07\/2102.jpg\" alt=\"\" width=\"346\" height=\"266\" \/><\/a><\/p>\n<p style=\"text-align: justify;\">Hrant Dink cinayetinin g\u00f6r\u00fcnt\u00fclerindeki gizemli 4 ki\u015finin s\u0131rr\u0131n\u0131 ayd\u0131nlat\u0131labilecek bilgi T\u0130B\u2019e tak\u0131ld\u0131. Mahkemenin istedi\u011fi cinayet mahallinde bulunan ki\u015filerin telefon numaralar\u0131 \u2018\u00f6zel hayat\u2019 gerek\u00e7esiyle verilmedi.<\/p>\n<p style=\"text-align: justify;\">Vatan gazetesinin haberine g\u00f6re Hrant Dink cinayetinin perde arkas\u0131n\u0131 ayd\u0131nlatabilecek \u00e7ok \u00f6nemli bir bilgi Telekom\u00fcnikasyon \u0130leti\u015fim Ba\u015fkanl\u0131\u011f\u0131 (T\u0130B) engeline kat\u0131ld\u0131. T\u0130B, Dink \u00f6ld\u00fcr\u00fcld\u00fc\u011f\u00fc s\u0131rada, olay yerinde tetik\u00e7i Og\u00fcn Samast d\u0131\u015f\u0131nda \u015f\u00fcpheli 4 ki\u015finin daha bulundu\u011funu ileri s\u00fcren avukatlar\u0131n mahkeme kanal\u0131yla ilettikleri cinayet i\u015flendi\u011fi s\u0131rada o civarda bulunan ki\u015filerin telefon numaralar\u0131n\u0131n g\u00f6nderilmesi talebini \u201c\u00f6zel hayat\u0131n ihlali\u201d olaca\u011f\u0131 gerek\u00e7esiyle reddetti. Oysa Yarg\u0131tay yak\u0131n zamanda, Adalet Bakanl\u0131\u011f\u0131\u2019n\u0131n ba\u015fvurusu \u00fczerine mahkemelerin \u201cdelil toplama yetkisi\u201d kapsam\u0131nda tan\u0131klar\u0131n bile telefon kay\u0131tlar\u0131n\u0131n istenebilece\u011fine karar vermi\u015fti. <!--more--><\/p>\n<p style=\"text-align: justify;\"><strong>Esrarengiz 4 ki\u015fi<\/strong><\/p>\n<p style=\"text-align: justify;\">Dink ailesinin avukatlar\u0131n\u0131n yapt\u0131klar\u0131 g\u00f6r\u00fcnt\u00fc analizine g\u00f6re, 19 Ocak 2007 tarihinde cinayetin i\u015flendi\u011fi Agos gazetesi \u00f6n\u00fcnde dola\u015fan ve s\u0131k s\u0131k telefonla konu\u015furken g\u00fcvenlik kamarelar\u0131na yakalanan bir ki\u015fi var. G\u00f6r\u00fcnt\u00fclerde bu ki\u015finin, yan\u0131na yakla\u015fan ya\u015fl\u0131 bir adamla konu\u015ftu\u011fu ve di\u011fer bir \u015fah\u0131sla da i\u015faretle\u015fti\u011fi g\u00f6r\u00fcl\u00fcyor. Dink \u2019in Agos\u2019tan \u00e7\u0131k\u0131p girdi\u011fi bankadan ayr\u0131lmas\u0131ndan sonra arkas\u0131 d\u00f6n\u00fck oldu\u011fu halde telefonla konu\u015fan bu ki\u015fi, birden bire d\u00f6nerek Dink\u2019in bulundu\u011fu y\u00f6ne bak\u0131yor. Cinayetin ard\u0131ndan Samast ka\u00e7arken, ayn\u0131 ki\u015fi yan\u0131nda bir ba\u015fka ki\u015fiyle birlikte arkadan bir s\u00fcre bak\u0131yor ve sonra da o b\u00f6lgede bulunan bir in\u015faata giriyor. Avukatlar, g\u00f6r\u00fcnt\u00fclerdeki ikinci ki\u015finin Yasin Hayal\u2019in a\u011fabeyi Osman Hayal oldu\u011funu \u00f6ne s\u00fcr\u00fcyor. Bu ama\u00e7la Trabzon Emniyet M\u00fcd\u00fcrl\u00fc\u011f\u00fcne Hayal \u2019in biyometrik foto\u011fraf\u0131n\u0131n \u00e7ekilmesi i\u00e7in yaz\u0131 yaz\u0131ld\u0131 ancak foto\u011fraf Hayal bulunamad\u0131\u011f\u0131 gerek\u00e7esiyle mahkemeye ula\u015ft\u0131r\u0131lmad\u0131.<\/p>\n<p style=\"text-align: justify;\">G\u00f6r\u00fcnt\u00fclerdeki bu ki\u015filerin esrar\u0131n\u0131 \u00e7\u00f6zebilecek en \u00f6nemli bilgi ise T\u0130B engeline kat\u0131ld\u0131. Avukatlar\u0131n Dink cinayetinin g\u00f6r\u00fcld\u00fc\u011f\u00fc 14. A\u011f\u0131r Ceza Mahkemesi arac\u0131l\u0131\u011f\u0131yla T\u0130B\u2019den istedikleri, cinayetin i\u015flendi\u011fi g\u00fcn cinayet mahalinde sinyal veren telefonh numaralar\u0131n\u0131n g\u00f6nderilmesi talebine olumsuz yan\u0131t geldi. T\u0130B, talebi, belli bir zaman aral\u0131\u011f\u0131nda, belli bir b\u00f6lgede bulunan t\u00fcm telefon numaralar\u0131n\u0131n mahkemeye g\u00f6nderilmesinin, o telefon ki\u015filerin \u201c\u00f6zel hayat\u0131n\u0131n gizlili\u011fini ihlal edece\u011fi\u201d gerek\u00e7esiyle reddetti.<\/p>\n<p style=\"text-align: justify;\"><strong>Yarg\u0131tay\u2019\u0131n aksi y\u00f6nde karar\u0131 var<\/strong><\/p>\n<p style=\"text-align: justify;\">T\u0130B\u2019in bu tavr\u0131na ra\u011fmen Yarg\u0131tay bir s\u00fcre \u00f6nce, yine bir cinhayet davas\u0131nda tan\u0131klar\u0131n telefon detay kay\u0131tlar\u0131n\u0131n ve HTS (cep telefonunun bulundu\u011fu yerleri belirten raporlar) bilgilerinin mahkemeye g\u00f6nderilmesine karar vermi\u015fti. Yarg\u0131tay 1. Ceza Dairesi, Adalet Bakanl\u0131\u011f\u0131\u2019n\u0131n ba\u015fvurusu \u00fczerine ald\u0131\u011f\u0131 kararda CMK (Ceza Muhakemesi Kanunu) ve y\u00f6netmeliklere g\u00f6re tan\u0131klar\u0131n ileti\u015fiminin izlenemeyece\u011fi belirtilmi\u015f, ancak mahkemelerin \u201cgenel soru\u015fturma ve delil toplama yetkisi\u201d \u00e7er\u00e7evesinde bu yola gidebilecekleri savunulmu\u015ftu. Kararla soru\u015fturma ve davalarda sadece \u015f\u00fcpheli veya san\u0131klar\u0131n de\u011fil, tan\u0131klar\u0131n da ileti\u015fiminin izlenmesinin yolu a\u00e7\u0131lm\u0131\u015ft\u0131. Yarg\u0131tay\u2019\u0131n bu karar\u0131na kar\u015f\u0131n, cinayetin olas\u0131 tan\u0131klar\u0131, hatta \u015f\u00fcphelisi olabilecek ki\u015filerin telefon numaralar\u0131n\u0131n mahkemeye bildirilmemesi, mahkemenin Dink cinayetini ayd\u0131nlatabilecek \u00e7ok \u00f6nemli bir bilgiden mahrum b\u0131rak\u0131lmas\u0131 anlam\u0131na geliyor.<\/p>\n<p style=\"text-align: justify;\"><a href=\"http:\/\/www.cnnturk.com\/2011\/turkiye\/07\/28\/tib.dink.cinayetinde.ozel.hayat.i.hatirladi\/624268.0\/index.html\" target=\"_blank\">Kaynak : CNN T\u00dcRK<\/a><\/p>\n","protected":false},"excerpt":{"rendered":"<p style=\"text-align: center;\">\n<p style=\"text-align: justify;\">Hrant Dink cinayetinin g\u00f6r\u00fcnt\u00fclerindeki gizemli 4 ki\u015finin s\u0131rr\u0131n\u0131 ayd\u0131nlat\u0131labilecek bilgi T\u0130B\u2019e tak\u0131ld\u0131. Mahkemenin istedi\u011fi cinayet mahallinde bulunan ki\u015filerin telefon numaralar\u0131 \u2018\u00f6zel hayat\u2019 gerek\u00e7esiyle verilmedi.<\/p>\n<p style=\"text-align: justify;\">Vatan gazetesinin haberine g\u00f6re Hrant Dink cinayetinin perde arkas\u0131n\u0131 ayd\u0131nlatabilecek \u00e7ok \u00f6nemli bir bilgi Telekom\u00fcnikasyon \u0130leti\u015fim Ba\u015fkanl\u0131\u011f\u0131 (T\u0130B) engeline kat\u0131ld\u0131. T\u0130B, Dink \u00f6ld\u00fcr\u00fcld\u00fc\u011f\u00fc s\u0131rada, <\/p>\n","protected":false},"author":1,"featured_media":0,"comment_status":"open","ping_status":"open","sticky":false,"template":"","format":"standard","meta":{"footnotes":""},"categories":[105],"tags":[],"class_list":["post-37339","post","type-post","status-publish","format-standard","hentry","category-gundem","odd"],"_links":{"self":[{"href":"http:\/\/www.korhanyilmaz.com\/index.php?rest_route=\/wp\/v2\/posts\/37339","targetHints":{"allow":["GET"]}}],"collection":[{"href":"http:\/\/www.korhanyilmaz.com\/index.php?rest_route=\/wp\/v2\/posts"}],"about":[{"href":"http:\/\/www.korhanyilmaz.com\/index.php?rest_route=\/wp\/v2\/types\/post"}],"author":[{"embeddable":true,"href":"http:\/\/www.korhanyilmaz.com\/index.php?rest_route=\/wp\/v2\/users\/1"}],"replies":[{"embeddable":true,"href":"http:\/\/www.korhanyilmaz.com\/index.php?rest_route=%2Fwp%2Fv2%2Fcomments&post=37339"}],"version-history":[{"count":0,"href":"http:\/\/www.korhanyilmaz.com\/index.php?rest_route=\/wp\/v2\/posts\/37339\/revisions"}],"wp:attachment":[{"href":"http:\/\/www.korhanyilmaz.com\/index.php?rest_route=%2Fwp%2Fv2%2Fmedia&parent=37339"}],"wp:term":[{"taxonomy":"category","embeddable":true,"href":"http:\/\/www.korhanyilmaz.com\/index.php?rest_route=%2Fwp%2Fv2%2Fcategories&post=37339"},{"taxonomy":"post_tag","embeddable":true,"href":"http:\/\/www.korhanyilmaz.com\/index.php?rest_route=%2Fwp%2Fv2%2Ftags&post=37339"}],"curies":[{"name":"wp","href":"https:\/\/api.w.org\/{rel}","templated":true}]}}