{"id":37336,"date":"2011-07-28T13:22:44","date_gmt":"2011-07-28T10:22:44","guid":{"rendered":"http:\/\/www.korhanyilmaz.com\/?p=37336"},"modified":"2011-07-28T14:22:10","modified_gmt":"2011-07-28T11:22:10","slug":"chp-tutuklu-vekilleri-icin-aihme-gidiyor","status":"publish","type":"post","link":"http:\/\/www.korhanyilmaz.com\/?p=37336","title":{"rendered":"CHP tutuklu vekilleri i\u00e7in A\u0130HM&#8217;e gidiyor"},"content":{"rendered":"<p style=\"text-align: justify;\"><a href=\"http:\/\/www.korhanyilmaz.com\/wp-content\/uploads\/2011\/07\/2101.jpg\"  class=\"lightview\"><img loading=\"lazy\" decoding=\"async\" class=\"aligncenter size-full wp-image-37337\" title=\"\" src=\"http:\/\/www.korhanyilmaz.com\/wp-content\/uploads\/2011\/07\/2101.jpg\" alt=\"\" width=\"292\" height=\"193\" \/><\/a><\/p>\n<p style=\"text-align: justify;\">CHP, tutuklu milletvekilleri Mustafa Balbay ve Mehmet Haberal i\u00e7in A\u0130HM&#8217;e ba\u015fvuracak.<\/p>\n<p style=\"text-align: justify;\">CHP Grup Ba\u015fkanvekili Emine \u00dclker Tarhan, CHP&#8217;nin tutuklu milletvekilleri Mustafa Balbay ve Mehmet Haberal&#8217;\u0131n durumuyla ilgili A\u0130HM&#8217;e ba\u015fvurulaca\u011f\u0131n\u0131, buna ili\u015fkin \u00e7al\u0131\u015fman\u0131n yap\u0131ld\u0131\u011f\u0131n\u0131 s\u00f6yledi. <!--more--><\/p>\n<p style=\"text-align: justify;\">Tarhan, TBMM&#8217;de d\u00fczenledi\u011fi bas\u0131n toplant\u0131s\u0131nda, &#8220;CHP olarak, tutuklu milletvekillerimiz ad\u0131na; A\u0130HM S\u00f6zle\u015fmesi&#8217;nin ihlal edildi\u011fi, masumiyet karinesi, adil yarg\u0131lanma hakk\u0131n\u0131n, se\u00e7me ve se\u00e7ilme hakk\u0131n\u0131n ihlal edildi\u011fi kanaatindeyiz. Buna ili\u015fkin olarak A\u0130HM&#8217;e ba\u015fvuruda bulunuyoruz. Ayr\u0131ca tutukluluk halleriyle ilgili olarak da tedbir isteminde bulunuyoruz&#8221; diye konu\u015ftu.<\/p>\n<p style=\"text-align: justify;\">A\u0130HM&#8217;e ne zaman ba\u015fvurulaca\u011f\u0131na ili\u015fkin soruya Tarhan, &#8220;Bunun \u00e7al\u0131\u015fmas\u0131n\u0131 yap\u0131yoruz, bunun \u00e7al\u0131\u015fmas\u0131 yap\u0131l\u0131yor. CHP, de\u011ferli arkada\u015flar\u0131m\u0131za destek veriyor. \u015eu anda Haberal&#8217;\u0131n \u00e7al\u0131\u015fmas\u0131 yap\u0131l\u0131yor. Tedbir istenmesini \u00f6nemsiyoruz. Sa\u011fl\u0131k durumu, ileride sak\u0131nca yaratabilir, bu nedenle Haberal ile ilgili tedbir karar\u0131 verilmesini umut ediyorum. Balbay&#8217;\u0131n \u00e7al\u0131\u015fmas\u0131 ise tamamland\u0131&#8221; kar\u015f\u0131l\u0131\u011f\u0131n\u0131 verdi.<\/p>\n<p style=\"text-align: justify;\"><strong>&#8220;B\u0130R TAKIM TAR\u0130FELER HAZIRLANMI\u015e&#8221;<\/strong><\/p>\n<p style=\"text-align: justify;\">&#8220;Anayasa \u00e7al\u0131\u015fmalar\u0131 hen\u00fcz ba\u015flamadan, b\u0131rak\u0131n i\u00e7erik, y\u00f6ntem konusu da dahil detayl\u0131 bir tarifeyle kar\u015f\u0131la\u015f\u0131yoruz&#8221; diyen Tarhan, Ba\u015fbakan Yard\u0131mc\u0131s\u0131 Bekir Bozda\u011f&#8217;\u0131n a\u00e7\u0131klamalar\u0131n\u0131n bu y\u00f6nde oldu\u011funu savundu.<\/p>\n<p style=\"text-align: justify;\">Bir tak\u0131m tarifeler haz\u0131rland\u0131\u011f\u0131n\u0131, bu tarifelerin uygulanmas\u0131n\u0131 do\u011fru bulmad\u0131klar\u0131n\u0131 kaydeden Tarhan, derslerini iyi \u00e7al\u0131\u015ft\u0131klar\u0131n\u0131, son dakikaya b\u0131rakmad\u0131klar\u0131n\u0131, \u00f6devlerini yapt\u0131klar\u0131n\u0131 ifade etti. Tarhan, s\u00f6zlerini \u015f\u00f6yle s\u00fcrd\u00fcrd\u00fc:<\/p>\n<p style=\"text-align: justify;\">&#8220;Derslerini \u00e7al\u0131\u015fmalar\u0131 gerekti\u011fi fikrine kat\u0131l\u0131yoruz. \u00d6zellikle demokrasi, \u00f6zg\u00fcrl\u00fckler ve yarg\u0131 ba\u011f\u0131ms\u0131zl\u0131\u011f\u0131 alan\u0131nda s\u0131n\u0131fta kalm\u0131\u015flard\u0131. \u00d6zellikle bu konularda derslerini iyi \u00e7al\u0131\u015fmalar\u0131 gerekiyor. Zaten bunu da kendileri itiraf ediyorlar. Temel hak ve \u00f6zg\u00fcrl\u00fckler ba\u011flam\u0131nda \u00e7ok a\u011f\u0131r bir tabloyla kar\u015f\u0131 kar\u015f\u0131yay\u0131z. Ba\u015fbakan&#8217;a topuk selam\u0131 verilmemesinin cezaland\u0131r\u0131ld\u0131\u011f\u0131 bir \u00fclkede ya\u015f\u0131yoruz. Protesto edenlerin, Hopa&#8217;da s\u00fcrek av\u0131na tabi tutuldu\u011funu izliyoruz. \u00d6rg\u00fctlenme hakk\u0131n\u0131n, verilen bir kararla Yarg\u0131-Sen&#8217;in kapat\u0131lmas\u0131yla \u00e7ok a\u011f\u0131r \u015fekilde baltaland\u0131\u011f\u0131n\u0131 duyuyoruz. Lanetle k\u0131n\u0131yorum; \u00f6rg\u00fctlenme \u00f6zg\u00fcrl\u00fc\u011f\u00fcne, yarg\u0131 ba\u011f\u0131ms\u0131zl\u0131\u011f\u0131na \u00e7ok a\u011f\u0131r bir darbe. Ba\u011f\u0131ms\u0131z yarg\u0131n\u0131n asl\u0131nda ba\u011f\u0131ml\u0131 yarg\u0131 haline getirildi\u011fini izliyoruz. Protesto eden gen\u00e7lere 4 y\u0131la kadar hapis isteyen yarg\u0131 mekanizmas\u0131n\u0131n, Habur&#8217;da 34 ter\u00f6ristin savunmas\u0131n\u0131 4 saatte ald\u0131\u011f\u0131n\u0131 biliyoruz. Tutuklu milletvekillerimizin, tutukluluk hallerinin devam\u0131na karar verirken, baz\u0131 san\u0131klar\u0131n yakla\u015f\u0131k 4 y\u0131ld\u0131r sorgusunun yap\u0131lmamas\u0131na dayanabildi\u011fini de g\u00f6r\u00fcyoruz. 4 saatte 34 ki\u015finin sorgusunu yapan ba\u011f\u0131ms\u0131z yarg\u0131, 4 y\u0131la yak\u0131n savunmas\u0131 al\u0131nmad\u0131\u011f\u0131 i\u00e7in baz\u0131 san\u0131klar\u0131n tutukluluklar\u0131n\u0131n devam\u0131na karar verebiliyor. Ancak CHP olarak, tutuklu milletvekillerimiz ad\u0131na; A\u0130HM S\u00f6zle\u015fmesi&#8217;nin ihlal edildi\u011fi, masumiyet karinesi, adil yarg\u0131lanma hakk\u0131n\u0131n, se\u00e7me ve se\u00e7ilme hakk\u0131n\u0131n ihlal edildi\u011fi kanaatindeyiz. Buna ili\u015fkin olarak A\u0130HM&#8217;e ba\u015fvuruda bulunuyoruz. Ayr\u0131ca tutukluluk halleriyle ilgili olarak da tedbir isteminde bulunuyoruz.&#8221;<\/p>\n<p style=\"text-align: justify;\"><strong>&#8220;\u0130KT\u0130DAR, BUNUN HESABINI VERMEL\u0130&#8221;<\/strong><\/p>\n<p style=\"text-align: justify;\">Son g\u00fcnlerde d\u00f6nemsel bir kriz \u00e7\u0131\u011f\u0131rtkanl\u0131\u011f\u0131 yap\u0131ld\u0131\u011f\u0131n\u0131 belirten Tarhan, Ba\u015fbakan Recep Tayyip Erdo\u011fan&#8217;\u0131n, &#8220;Kriz te\u011fet bile ge\u00e7meyecek&#8221; a\u00e7\u0131klamas\u0131na i\u015faret etti. Tarhan, baz\u0131 iktidar mensuplar\u0131n\u0131n &#8220;Kriz var, paran\u0131za sahip \u00e7\u0131k\u0131n&#8221; mesajlar\u0131 verdi\u011fini ifade ederek, ekonomideki sirk\u00fclasyonun bir d\u00f6nem i\u00e7in durduruldu\u011funu, dolar\u0131n f\u0131rlad\u0131\u011f\u0131n\u0131 s\u00f6yledi.<\/p>\n<p style=\"text-align: justify;\">Tarhan, &#8220;B\u00f6yle d\u00f6nemsel bir s\u00fcre\u00e7 neden ya\u015fand\u0131, arkas\u0131nda hangi neden yat\u0131yor, bu s\u00fcre\u00e7te kimlerin malvarl\u0131\u011f\u0131 artt\u0131, borsa manip\u00fclasyonu ile bunun bir fark\u0131 var m\u0131? Bu, H\u00fck\u00fcmetin g\u00f6zetiminde bir k\u0131sa s\u00fcreli hareketlenme mi?&#8221; sorular\u0131n\u0131 y\u00f6neltti.<\/p>\n<p style=\"text-align: justify;\">Merkez Bankas\u0131 Ba\u015fkan\u0131&#8217;n\u0131n, Ba\u015fbakan Recep Tayyip Erdo\u011fan&#8217;\u0131n s\u00f6ylemleri do\u011frultusunda bir a\u00e7\u0131klama yapt\u0131\u011f\u0131n\u0131 ancak bir hafta \u00f6nceki a\u00e7\u0131klamas\u0131n\u0131n tam tersi oldu\u011funu ve dolar\u0131n f\u0131rlamas\u0131na zemin haz\u0131rlad\u0131\u011f\u0131n\u0131 savunan Tarhan, &#8220;Bu bir haftal\u0131k s\u00fcre\u00e7te ne de\u011fi\u015fti, kimlerin cebine ne kadar para girdi; bunun hesab\u0131n\u0131n iktidar taraf\u0131ndan verilmesi gerekiyor&#8221; dedi.<\/p>\n<p style=\"text-align: justify;\"><a href=\"http:\/\/www.cnnturk.com\/2011\/turkiye\/07\/28\/chp.tutuklu.vekillerini.unutmadi\/624279.0\/index.html\" target=\"_blank\">Kaynak : CNN T\u00dcRK<\/a><\/p>\n","protected":false},"excerpt":{"rendered":"<p style=\"text-align: justify;\">\n<p style=\"text-align: justify;\">CHP, tutuklu milletvekilleri Mustafa Balbay ve Mehmet Haberal i\u00e7in A\u0130HM&#8217;e ba\u015fvuracak.<\/p>\n<p style=\"text-align: justify;\">CHP Grup Ba\u015fkanvekili Emine \u00dclker Tarhan, CHP&#8217;nin tutuklu milletvekilleri Mustafa Balbay ve Mehmet Haberal&#8217;\u0131n durumuyla ilgili A\u0130HM&#8217;e ba\u015fvurulaca\u011f\u0131n\u0131, buna ili\u015fkin \u00e7al\u0131\u015fman\u0131n yap\u0131ld\u0131\u011f\u0131n\u0131 s\u00f6yledi. <\/p>\n","protected":false},"author":1,"featured_media":0,"comment_status":"open","ping_status":"open","sticky":false,"template":"","format":"standard","meta":{"footnotes":""},"categories":[105],"tags":[],"class_list":["post-37336","post","type-post","status-publish","format-standard","hentry","category-gundem","odd"],"_links":{"self":[{"href":"http:\/\/www.korhanyilmaz.com\/index.php?rest_route=\/wp\/v2\/posts\/37336","targetHints":{"allow":["GET"]}}],"collection":[{"href":"http:\/\/www.korhanyilmaz.com\/index.php?rest_route=\/wp\/v2\/posts"}],"about":[{"href":"http:\/\/www.korhanyilmaz.com\/index.php?rest_route=\/wp\/v2\/types\/post"}],"author":[{"embeddable":true,"href":"http:\/\/www.korhanyilmaz.com\/index.php?rest_route=\/wp\/v2\/users\/1"}],"replies":[{"embeddable":true,"href":"http:\/\/www.korhanyilmaz.com\/index.php?rest_route=%2Fwp%2Fv2%2Fcomments&post=37336"}],"version-history":[{"count":0,"href":"http:\/\/www.korhanyilmaz.com\/index.php?rest_route=\/wp\/v2\/posts\/37336\/revisions"}],"wp:attachment":[{"href":"http:\/\/www.korhanyilmaz.com\/index.php?rest_route=%2Fwp%2Fv2%2Fmedia&parent=37336"}],"wp:term":[{"taxonomy":"category","embeddable":true,"href":"http:\/\/www.korhanyilmaz.com\/index.php?rest_route=%2Fwp%2Fv2%2Fcategories&post=37336"},{"taxonomy":"post_tag","embeddable":true,"href":"http:\/\/www.korhanyilmaz.com\/index.php?rest_route=%2Fwp%2Fv2%2Ftags&post=37336"}],"curies":[{"name":"wp","href":"https:\/\/api.w.org\/{rel}","templated":true}]}}