{"id":37333,"date":"2011-07-28T12:49:11","date_gmt":"2011-07-28T09:49:11","guid":{"rendered":"http:\/\/www.korhanyilmaz.com\/?p=37333"},"modified":"2011-07-28T14:18:18","modified_gmt":"2011-07-28T11:18:18","slug":"yargi-sen-kapatiliyor","status":"publish","type":"post","link":"http:\/\/www.korhanyilmaz.com\/?p=37333","title":{"rendered":"YARGI-SEN kapat\u0131l\u0131yor"},"content":{"rendered":"<p style=\"text-align: justify;\"><a href=\"http:\/\/www.korhanyilmaz.com\/wp-content\/uploads\/2011\/07\/2100.jpg\"  class=\"lightview\"><img loading=\"lazy\" decoding=\"async\" class=\"aligncenter size-full wp-image-37334\" title=\"\" src=\"http:\/\/www.korhanyilmaz.com\/wp-content\/uploads\/2011\/07\/2100.jpg\" alt=\"\" width=\"292\" height=\"200\" \/><\/a><\/p>\n<p style=\"text-align: justify;\">Ankara 15. \u0130\u015f Mahkemesi, Yarg\u0131\u00e7lar ve Savc\u0131lar Sendikas\u0131&#8217;n\u0131n (YARGI-SEN), kapat\u0131lmas\u0131na karar verdi.<\/p>\n<p style=\"text-align: justify;\">Ankara 15. \u0130\u015f Mahkemesindeki duru\u015fmaya, davac\u0131 Ankara Valili\u011finin avukat\u0131 ile YARGI-SEN Y\u00f6netim Kurulu Ba\u015fkan\u0131 \u00d6mer Faruk Emina\u011fao\u011flu&#8217;nun da aralar\u0131nda bulundu\u011fu sendikan\u0131n y\u00f6netim kurulu \u00fcyeleri kat\u0131ld\u0131. <!--more--><\/p>\n<p style=\"text-align: justify;\">Emina\u011fao\u011flu, T\u00fcrkiye&#8217;de sendikal engellerin, uluslararas\u0131 s\u00f6zle\u015fmeler ve uluslar\u00fcst\u00fc hukuk ile Anayasa&#8217;n\u0131n 90. maddesi g\u00f6zetildi\u011finde ortadan kalkt\u0131\u011f\u0131n\u0131 belirtti.<\/p>\n<p style=\"text-align: justify;\">Davac\u0131 taraf\u0131n iddialar\u0131n\u0131n tamamen yersiz oldu\u011funu savunan Emina\u011fao\u011flu, bundan dolay\u0131 davan\u0131n reddine karar verilmesini talep etti.<\/p>\n<p style=\"text-align: justify;\">Son diyece\u011fi sorulan Valilik avukat\u0131 ise davan\u0131n kabul edilmesini istedi.<\/p>\n<p style=\"text-align: justify;\">Emina\u011fao\u011flu da davan\u0131n a\u00e7\u0131lmas\u0131n\u0131n, T\u00fcrk Ceza Kanunu&#8217;nda belirtilen sendikal haklar\u0131n etkin kullan\u0131lmas\u0131na ili\u015fkin maddeyi ihlal etti\u011fini ileri s\u00fcrerek, davan\u0131n reddi y\u00f6n\u00fcnde talepte bulundu.<\/p>\n<p style=\"text-align: justify;\">Yarg\u0131\u00e7 Ali \u015eahin, YARGI-SEN&#8217;in kapat\u0131lmas\u0131na karar verdi. Duru\u015fman\u0131n ard\u0131ndan, Ankara Adalet Saray\u0131 \u00f6n\u00fcnde a\u00e7\u0131klama yapan Emina\u011fao\u011flu, bu davan\u0131n a\u00e7\u0131lmas\u0131n\u0131n nas\u0131l bir s\u00fcrecin kendilerini bekledi\u011fini ortaya koydu\u011funu belirterek, &#8220;T\u00fcrkiye&#8217;de \u00f6rg\u00fctlenemeyen, kendisini ifade edemeyen, hakk\u0131n\u0131 arayamayan bir yarg\u0131n\u0131n varl\u0131\u011f\u0131 ama\u00e7lan\u0131yor ve b\u00f6yle bir yarg\u0131dan adalet da\u011f\u0131tmas\u0131 bekleniyor&#8221; dedi.<\/p>\n<p style=\"text-align: justify;\">Emina\u011fao\u011flu, bu tabloya, yarg\u0131\u00e7lar ve savc\u0131lar olarak seyirci kalmamak i\u00e7in sendikal \u00f6rg\u00fctlenerek kar\u015f\u0131 koymak amac\u0131yla yola \u00e7\u0131kt\u0131klar\u0131n\u0131 ancak \u00f6nlerine tamamen bir siyasi bask\u0131y\u0131 yans\u0131t\u0131rcas\u0131na bu dava a\u00e7\u0131larak \u00e7\u0131k\u0131ld\u0131\u011f\u0131n\u0131; YARGI-SEN&#8217;in Y\u00f6netim Kurulu \u00dcyelerinin, Ankara d\u0131\u015f\u0131na atanarak, sendikan\u0131n etkin bir \u015fekilde \u00e7al\u0131\u015fmas\u0131n\u0131n engellendi\u011fini ileri s\u00fcrd\u00fc.<\/p>\n<p style=\"text-align: justify;\">&#8220;HSYK&#8217;n\u0131n yapm\u0131\u015f oldu\u011fu o i\u015flemler, mahkemede bug\u00fcnk\u00fc karar\u0131n yol g\u00f6stericisi ve etkileyicisi niteli\u011finde i\u015flemlerdir. Mahkeme bu yolla etki alt\u0131na da al\u0131nm\u0131\u015ft\u0131r&#8221; diye konu\u015fan Emina\u011fao\u011flu, s\u00f6zlerine \u015f\u00f6yle devam etti:<\/p>\n<p style=\"text-align: justify;\">&#8220;T\u00fcrkiye&#8217;de bu tablodan \u00e7\u0131k\u0131lmas\u0131 noktas\u0131nda \u00e7\u00f6z\u00fcm \u00fcretmesi gereken, sivil toplum \u00f6rg\u00fctleridir, siyasi partilerdir. Ama \u00fcz\u00fcc\u00fc olan bug\u00fcn siyasi partilerden hi\u00e7birisinin burada olamamas\u0131, T\u00fcrkiye&#8217;nin ya\u015fad\u0131\u011f\u0131 sorunlar\u0131 da resmetmek y\u00f6n\u00fcnden son derece anlaml\u0131d\u0131r. Sendikalar\u0131n burada olmamas\u0131 demokrasi ortam\u0131nda nas\u0131l bir da\u011f\u0131lm\u0131\u015fl\u0131k i\u00e7erisinde bulundu\u011fumuzu a\u00e7\u0131k\u00e7a ortaya koymaktad\u0131r.&#8221;<\/p>\n<p style=\"text-align: justify;\">Hukuk m\u00fccadelelerini sonuna kadar s\u00fcrd\u00fcreceklerini kaydeden Emina\u011fao\u011flu, \u00f6ncelikle mahkemenin karar\u0131n\u0131 temyiz ederek i\u00e7 hukuk yollar\u0131n\u0131 t\u00fcketeceklerini ve bunun ard\u0131ndan Avrupa \u0130nsan Haklar\u0131 Mahkemesi ve \u0130LO s\u00fcre\u00e7lerini de kullanacaklar\u0131n\u0131 s\u00f6yledi.<\/p>\n<p style=\"text-align: justify;\">Ankara Barosu Y\u00f6netim Kurulu \u00dcyesi Erol Aras ise mahkemenin kapatma karar\u0131n\u0131n vahim bir karar oldu\u011funu kaydetti.<\/p>\n<p style=\"text-align: justify;\">\u0130zmir Barosu Ba\u015fkan\u0131 Sema Pekda\u015f da yarg\u0131 ba\u011f\u0131ms\u0131zl\u0131\u011f\u0131n\u0131n, yarg\u0131n\u0131n \u00f6rg\u00fctlenme \u00f6zg\u00fcrl\u00fc\u011f\u00fcne sahip oldu\u011fu yerde var olabilece\u011fini ifade etti.<\/p>\n<p style=\"text-align: justify;\"><a href=\"http:\/\/www.cnnturk.com\/2011\/turkiye\/07\/28\/yargi.sen.kapatiliyor\/624273.0\/index.html\" target=\"_blank\">Kaynak : CNN T\u00dcRK<\/a><\/p>\n","protected":false},"excerpt":{"rendered":"<p style=\"text-align: justify;\">\n<p style=\"text-align: justify;\">Ankara 15. \u0130\u015f Mahkemesi, Yarg\u0131\u00e7lar ve Savc\u0131lar Sendikas\u0131&#8217;n\u0131n (YARGI-SEN), kapat\u0131lmas\u0131na karar verdi.<\/p>\n<p style=\"text-align: justify;\">Ankara 15. \u0130\u015f Mahkemesindeki duru\u015fmaya, davac\u0131 Ankara Valili\u011finin avukat\u0131 ile YARGI-SEN Y\u00f6netim Kurulu Ba\u015fkan\u0131 \u00d6mer Faruk Emina\u011fao\u011flu&#8217;nun da aralar\u0131nda bulundu\u011fu sendikan\u0131n y\u00f6netim kurulu \u00fcyeleri kat\u0131ld\u0131. <\/p>\n","protected":false},"author":1,"featured_media":0,"comment_status":"open","ping_status":"open","sticky":false,"template":"","format":"standard","meta":{"footnotes":""},"categories":[105],"tags":[],"class_list":["post-37333","post","type-post","status-publish","format-standard","hentry","category-gundem","odd"],"_links":{"self":[{"href":"http:\/\/www.korhanyilmaz.com\/index.php?rest_route=\/wp\/v2\/posts\/37333","targetHints":{"allow":["GET"]}}],"collection":[{"href":"http:\/\/www.korhanyilmaz.com\/index.php?rest_route=\/wp\/v2\/posts"}],"about":[{"href":"http:\/\/www.korhanyilmaz.com\/index.php?rest_route=\/wp\/v2\/types\/post"}],"author":[{"embeddable":true,"href":"http:\/\/www.korhanyilmaz.com\/index.php?rest_route=\/wp\/v2\/users\/1"}],"replies":[{"embeddable":true,"href":"http:\/\/www.korhanyilmaz.com\/index.php?rest_route=%2Fwp%2Fv2%2Fcomments&post=37333"}],"version-history":[{"count":0,"href":"http:\/\/www.korhanyilmaz.com\/index.php?rest_route=\/wp\/v2\/posts\/37333\/revisions"}],"wp:attachment":[{"href":"http:\/\/www.korhanyilmaz.com\/index.php?rest_route=%2Fwp%2Fv2%2Fmedia&parent=37333"}],"wp:term":[{"taxonomy":"category","embeddable":true,"href":"http:\/\/www.korhanyilmaz.com\/index.php?rest_route=%2Fwp%2Fv2%2Fcategories&post=37333"},{"taxonomy":"post_tag","embeddable":true,"href":"http:\/\/www.korhanyilmaz.com\/index.php?rest_route=%2Fwp%2Fv2%2Ftags&post=37333"}],"curies":[{"name":"wp","href":"https:\/\/api.w.org\/{rel}","templated":true}]}}