{"id":37309,"date":"2011-07-26T22:55:46","date_gmt":"2011-07-26T19:55:46","guid":{"rendered":"http:\/\/www.korhanyilmaz.com\/?p=37309"},"modified":"2011-07-27T01:21:18","modified_gmt":"2011-07-26T22:21:18","slug":"erdogani-elestirdiler","status":"publish","type":"post","link":"http:\/\/www.korhanyilmaz.com\/?p=37309","title":{"rendered":"Erdo\u011fan&#8217;\u0131 ele\u015ftirdiler"},"content":{"rendered":"<p style=\"text-align: center;\"><a href=\"http:\/\/www.korhanyilmaz.com\/wp-content\/uploads\/2011\/07\/2012.jpg\"  class=\"lightview\"><img loading=\"lazy\" decoding=\"async\" class=\"aligncenter size-full wp-image-37310\" src=\"http:\/\/www.korhanyilmaz.com\/wp-content\/uploads\/2011\/07\/2012.jpg\" alt=\"\" width=\"352\" height=\"239\" \/><\/a><\/p>\n<p style=\"text-align: justify;\">Fransa Cumhurba\u015fkan\u0131 Nicolas Sarkozy ve K\u0131br\u0131s Rum y\u00f6netimi lideri Dimitris Hristofyas Paris&#8217;te biraraya geldi.<\/p>\n<p style=\"text-align: justify;\">PAR\u0130S &#8211; Hristofyas, Sarkozy ile g\u00f6r\u00fc\u015fmesinden sonra yapt\u0131\u011f\u0131 a\u00e7\u0131klamada, Ba\u015fbakan Recep Tayyip Erdo\u011fan&#8217;\u0131n Rum taraf\u0131n\u0131n AB D\u00f6nem Ba\u015fkanl\u0131\u011f\u0131&#8217;n\u0131 \u00fcstlenmesi halinde AB ile ili\u015fkilerin dondurulaca\u011f\u0131na ili\u015fkin s\u00f6zlerinin &#8220;anla\u015f\u0131lmaz&#8221; oldu\u011funu, &#8220;bu s\u00f6zlerin k\u0131nanmas\u0131 konusunda Fransa ile ortak tutuma sahip olduklar\u0131n\u0131&#8221; ifade etti. <!--more--><\/p>\n<p style=\"text-align: justify;\">Rum y\u00f6netimi lideri, &#8220;T\u00fcrkiye&#8217;nin bu tutumu kabul edilemez, bu AB i\u00e7in bir provokasyondur, buna g\u00f6z yumulamaz&#8221; dedi.<\/p>\n<p style=\"text-align: justify;\">KIBRIS SORUNU<\/p>\n<p style=\"text-align: justify;\">Sarkozy ve Hristofyas, K\u0131br\u0131s sorunuyla ilgili g\u00f6r\u00fc\u015fmeleri de ele ald\u0131.<\/p>\n<p style=\"text-align: justify;\">Hristofyas, K\u0131br\u0131s sorunu konusundaki a\u00e7\u0131k tutumundan dolay\u0131 Sarkozy&#8217;ye te\u015fekk\u00fcr ederek bu tutumun kendileri i\u00e7in esas oldu\u011funu belirtti.<\/p>\n<p style=\"text-align: justify;\">Dimitris Hristofyas ayr\u0131ca, 11 Temmuz&#8217;da, deniz \u00fcss\u00fcn\u00fcn hemen yan\u0131ndaki Vasiliko b\u00f6lgesinde bulunan Rum Elektrik \u0130daresi&#8217;ne (A\u0130K) ait Vasiliko elektrik santralindeki patlamadan sonra elektrik \u00fcretiminin sa\u011flanmas\u0131na yard\u0131m amac\u0131yla Fransa&#8217;n\u0131n Rum Kesimi&#8217;ne uzmanlar g\u00f6nderece\u011fini s\u00f6yledi.<\/p>\n<p style=\"text-align: justify;\">Elysee Saray\u0131&#8217;ndan yap\u0131lan a\u00e7\u0131klamada da, &#8221; Fransa Ulusal Elektrik \u0130daresi&#8217;nden (EDF) uzmanlar\u0131n m\u00fcmk\u00fcn olan en k\u0131sa s\u00fcrede \u00fcretimin iyile\u015ftirilmesine yard\u0131m i\u00e7in bir an \u00f6nce b\u00f6lgeye g\u00f6nderilece\u011fi&#8221; kaydedildi.<\/p>\n<p style=\"text-align: justify;\"><a href=\"http:\/\/www.gazeteport.com.tr\/haber\/44345\/erdogani_elestirdiler\" target=\"_blank\">Kaynak : GAZETEPORT<\/a><\/p>\n","protected":false},"excerpt":{"rendered":"<p style=\"text-align: center;\">\n<p style=\"text-align: justify;\">Fransa Cumhurba\u015fkan\u0131 Nicolas Sarkozy ve K\u0131br\u0131s Rum y\u00f6netimi lideri Dimitris Hristofyas Paris&#8217;te biraraya geldi.<\/p>\n<p style=\"text-align: justify;\">PAR\u0130S &#8211; Hristofyas, Sarkozy ile g\u00f6r\u00fc\u015fmesinden sonra yapt\u0131\u011f\u0131 a\u00e7\u0131klamada, Ba\u015fbakan Recep Tayyip Erdo\u011fan&#8217;\u0131n Rum taraf\u0131n\u0131n AB D\u00f6nem Ba\u015fkanl\u0131\u011f\u0131&#8217;n\u0131 \u00fcstlenmesi halinde AB ile ili\u015fkilerin dondurulaca\u011f\u0131na ili\u015fkin s\u00f6zlerinin &#8220;anla\u015f\u0131lmaz&#8221; oldu\u011funu, &#8220;bu s\u00f6zlerin k\u0131nanmas\u0131 konusunda Fransa ile <\/p>\n","protected":false},"author":1,"featured_media":0,"comment_status":"open","ping_status":"open","sticky":false,"template":"","format":"standard","meta":{"footnotes":""},"categories":[105],"tags":[],"class_list":["post-37309","post","type-post","status-publish","format-standard","hentry","category-gundem","odd"],"_links":{"self":[{"href":"http:\/\/www.korhanyilmaz.com\/index.php?rest_route=\/wp\/v2\/posts\/37309","targetHints":{"allow":["GET"]}}],"collection":[{"href":"http:\/\/www.korhanyilmaz.com\/index.php?rest_route=\/wp\/v2\/posts"}],"about":[{"href":"http:\/\/www.korhanyilmaz.com\/index.php?rest_route=\/wp\/v2\/types\/post"}],"author":[{"embeddable":true,"href":"http:\/\/www.korhanyilmaz.com\/index.php?rest_route=\/wp\/v2\/users\/1"}],"replies":[{"embeddable":true,"href":"http:\/\/www.korhanyilmaz.com\/index.php?rest_route=%2Fwp%2Fv2%2Fcomments&post=37309"}],"version-history":[{"count":0,"href":"http:\/\/www.korhanyilmaz.com\/index.php?rest_route=\/wp\/v2\/posts\/37309\/revisions"}],"wp:attachment":[{"href":"http:\/\/www.korhanyilmaz.com\/index.php?rest_route=%2Fwp%2Fv2%2Fmedia&parent=37309"}],"wp:term":[{"taxonomy":"category","embeddable":true,"href":"http:\/\/www.korhanyilmaz.com\/index.php?rest_route=%2Fwp%2Fv2%2Fcategories&post=37309"},{"taxonomy":"post_tag","embeddable":true,"href":"http:\/\/www.korhanyilmaz.com\/index.php?rest_route=%2Fwp%2Fv2%2Ftags&post=37309"}],"curies":[{"name":"wp","href":"https:\/\/api.w.org\/{rel}","templated":true}]}}