{"id":37305,"date":"2011-07-26T22:01:14","date_gmt":"2011-07-26T19:01:14","guid":{"rendered":"http:\/\/www.korhanyilmaz.com\/?p=37305"},"modified":"2011-07-27T00:06:28","modified_gmt":"2011-07-26T21:06:28","slug":"iste-tsknin-silvan-raporu","status":"publish","type":"post","link":"http:\/\/www.korhanyilmaz.com\/?p=37305","title":{"rendered":"\u0130\u015fte TSK&#8217;n\u0131n Silvan raporu"},"content":{"rendered":"<p style=\"text-align: center;\"><a href=\"http:\/\/www.korhanyilmaz.com\/wp-content\/uploads\/2011\/07\/2011.jpg\"  class=\"lightview\"><img loading=\"lazy\" decoding=\"async\" class=\"aligncenter size-full wp-image-37306\" src=\"http:\/\/www.korhanyilmaz.com\/wp-content\/uploads\/2011\/07\/2011.jpg\" alt=\"\" width=\"307\" height=\"236\" \/><\/a><\/p>\n<p style=\"text-align: justify;\">Genelkurmay Ba\u015fkanl\u0131\u011f\u0131, Silvan&#8217;da 13 askerin \u015fehit olmas\u0131 olay\u0131nda u\u00e7ak kullan\u0131lmad\u0131\u011f\u0131n\u0131 belirterek, birli\u011fin d\u00f6n\u00fc\u015f haz\u0131rl\u0131\u011f\u0131 yaparken pusuya d\u00fc\u015f\u00fcr\u00fclmesinin s\u00f6z konusu olmad\u0131\u011f\u0131n\u0131 vurgulad\u0131.<\/p>\n<p style=\"text-align: justify;\"><strong>TSK&#8217;n\u0131n internet sitesinden yap\u0131lan a\u00e7\u0131klama<\/strong><\/p>\n<p style=\"text-align: justify;\">14 Temmuz 2011 g\u00fcn\u00fc Silvan b\u00f6lgesinde cereyan eden ve 13 Mehmet\u00e7i\u011fin \u015fehit olmas\u0131na, 7 Mehmet\u00e7i\u011fin yaralanmas\u0131na neden olan menfur ter\u00f6r sald\u0131r\u0131s\u0131 ile ilgili olarak Genelkurmay Ba\u015fkanl\u0131\u011f\u0131nca yap\u0131lan soru\u015fturma sonu\u00e7lar\u0131 a\u015fa\u011f\u0131dad\u0131r.<\/p>\n<p style=\"text-align: justify;\">1. B\u00f6lgesinde ter\u00f6rist eylemlerin art\u0131\u015f g\u00f6stermesi \u00fczerine Diyarbak\u0131r Valili\u011fi taraf\u0131ndan, Garnizon Komutanl\u0131\u011f\u0131 olan 7\u2019nci Kolordu Komutanl\u0131\u011f\u0131ndan kolluk kuvvetlerini takviye etmesi talep edilmi\u015ftir. <!--more--><\/p>\n<p style=\"text-align: justify;\">2. 9 Temmuz g\u00fcn\u00fc, ge\u00e7 saatlerde, Diyarbak\u0131r-Lice yolunun b\u00f6l\u00fcc\u00fc ter\u00f6r \u00f6rg\u00fct\u00fc mensuplar\u0131nca kesilerek ikisi asker, \u00fc\u00e7 \u015fahs\u0131n ka\u00e7\u0131r\u0131lmas\u0131 \u00fczerine 7\u2019nci Kolordu Komutanl\u0131\u011f\u0131nca, b\u00f6lgedeki Kara Kuvvetleri ve Jandarma birliklerini kapsayan bir plan haz\u0131rlanarak 10\/11 Temmuz gecesinden itibaren arazide tertiplenilmi\u015f ve ka\u00e7\u0131r\u0131lan \u015fah\u0131slar\u0131n aranmas\u0131na ba\u015flanm\u0131\u015ft\u0131r.<\/p>\n<p style=\"text-align: justify;\">3. Bu faaliyet devam ederken 12 Temmuz g\u00fcn\u00fc saat 19:30 civar\u0131nda, Hazro Jandarma Karakol Komutanl\u0131\u011f\u0131na ter\u00f6ristlerce silahl\u0131 sald\u0131r\u0131da bulunulmu\u015f ve bu sald\u0131r\u0131da \u00fc\u00e7 askeri personel yaralanm\u0131\u015ft\u0131r.<\/p>\n<p style=\"text-align: justify;\">4. Bu olay \u00fczerine, 7\u2019nci Kolordu Komutanl\u0131\u011f\u0131nca uygulanan plan geni\u015fletilmi\u015f ve Diyarbak\u0131r Vali Vekilinin yaz\u0131l\u0131 onay\u0131 al\u0131narak bir k\u0131s\u0131m birlikler Hazro kuzey do\u011fusuna kayd\u0131r\u0131lm\u0131\u015ft\u0131r. Bu kapsamda, 10\/11 Temmuz gecesinden itibaren Hazro b\u00f6lgesinde belirli s\u00fcrelerle g\u00f6revlendirilmi\u015f olan 1\u2019inci Jandarma Komando Taburuna (1\u2019inci ve 2\u2019nci Komando B\u00f6l\u00fckleri ile) yeni g\u00f6rev b\u00f6lgesine intikal emri verilmi\u015ftir.<\/p>\n<p style=\"text-align: justify;\">5. 51\u2019inci Jandarma Komando Taburu, 13\/14 Temmuz gecesi saat 21:00\u2019den itibaren emniyetli bir b\u00f6lgeye kadar ara\u00e7la g\u00f6t\u00fcr\u00fclm\u00fc\u015f, m\u00fcteakiben 5,5-6 Km. mesafedeki g\u00f6rev b\u00f6lgesine yaya olarak intikale ba\u015flam\u0131\u015ft\u0131r. Yaya intikalde, kar\u015f\u0131la\u015f\u0131lan g\u00fc\u00e7l\u00fckler nedeniyle gecikme olmu\u015f ve daha yak\u0131n bir b\u00f6lgede \u201cge\u00e7ici \u00fcs b\u00f6lgesi\u201d tesis edilerek tertiplenilmi\u015ftir.<\/p>\n<p style=\"text-align: justify;\">6. Ter\u00f6ristler aras\u0131nda ge\u00e7en ve bas\u0131na da yans\u0131yan telsiz g\u00f6r\u00fc\u015fmesi al\u0131n\u0131r al\u0131nmaz ilk ikaz mesaj\u0131, 1\u2019inci Jandarma Komando Taburu dahil t\u00fcm birliklere iletilmi\u015f, konu\u015fmada ge\u00e7en yer isimlerinin \u00e7\u00f6z\u00fcmlenmesini m\u00fcteakip saat 13:30\u2019da 1\u2019inci Jandarma Komando Taburu tekrar bilgilendirilmi\u015ftir.<\/p>\n<p style=\"text-align: justify;\">7. Ge\u00e7ici \u00fcs b\u00f6lgesine ter\u00f6rist sald\u0131r\u0131s\u0131 saat 14:18\u2019de ba\u015flam\u0131\u015f, birka\u00e7 dakika sonra at\u0131lan el bombalar\u0131 kuru otlar\u0131n tutu\u015fmas\u0131na neden olmu\u015f ve yang\u0131n r\u00fczgar\u0131n da etkisiyle mevzilerimizi kapsayacak \u015fekilde s\u00fcratle yay\u0131lm\u0131\u015ft\u0131r. Silah at\u0131\u015flar\u0131 ve el bombalar\u0131 nedeniyle \u015fehit olan personelin s\u00fcratle yanan b\u00f6lge d\u0131\u015f\u0131na \u00e7\u0131kar\u0131lmas\u0131 sa\u011flanm\u0131\u015ft\u0131r.<\/p>\n<p style=\"text-align: justify;\">8. \u00c7at\u0131\u015fma haberi, ya\u015fanan yo\u011funluk nedeniyle ancak saat 14:39\u2019da \u00fcst karargaha bildirilebilmi\u015f ve silahl\u0131 helikopter istenmi\u015ftir. Helikopter birli\u011fi, talebin ula\u015fmas\u0131 \u00fczerine s\u00fcratle pilotlar\u0131 \u00e7at\u0131\u015fma hakk\u0131nda bilgilendirmi\u015f, helikopterin u\u00e7u\u015f \u00f6ncesi yap\u0131lmas\u0131 zorunlu olan son kontrolleri k\u0131sa s\u00fcrede tamamlanarak saat 15:21\u2019de Diyarbak\u0131r\u2019dan kalk\u0131\u015flar\u0131 ve saat 15:45\u2019te \u00e7at\u0131\u015fma b\u00f6lgesi \u00fczerinde olmalar\u0131 sa\u011flanm\u0131\u015ft\u0131r. Talebin al\u0131nmas\u0131 ile helikopterlerin \u00e7at\u0131\u015fma b\u00f6lgesinde bulunmas\u0131 aras\u0131ndaki s\u00fcrenin uygulama standartlar\u0131na uygun oldu\u011fu tespit edilmi\u015ftir.<\/p>\n<p style=\"text-align: justify;\">9. \u00c7at\u0131\u015fma b\u00f6lgesinde geni\u015fleyen yang\u0131n ve 1\u2019inci Jandarma Komando Taburu personelinin etkili kar\u015f\u0131 koymas\u0131 sonucunda ter\u00f6ristler, saat 15:30 civar\u0131nda temas\u0131 kesmi\u015flerdir. Silahl\u0131 helikopterler b\u00f6lgeye ula\u015ft\u0131klar\u0131nda, yo\u011fun duman nedeniyle ter\u00f6ristleri tespit edememi\u015f, ancak muhtemel ka\u00e7\u0131\u015f istikametleri ate\u015f alt\u0131na al\u0131nm\u0131\u015ft\u0131r.<\/p>\n<p style=\"text-align: justify;\">10. Takviye Jandarma \u00d6zel Harekat Timleri, b\u00f6lgedeki yang\u0131n nedeniyle \u00e7evrede tertiplenmi\u015f, \u00f6ncelikle \u015fehit ve yaral\u0131lar\u0131n havadan tahliyesi sa\u011flanm\u0131\u015ft\u0131r.<\/p>\n<p style=\"text-align: justify;\">11. \u00c7at\u0131\u015fman\u0131n bildirilmesiyle birlikte, plan gere\u011fi yak\u0131n b\u00f6lgelerde ve arazide bulunan Jandarma \u00d6zel Harekat, Jandarma Asayi\u015f ve \u00d6zel Kuvvetler Birlikleri, g\u00fcn i\u00e7erisinde kayd\u0131r\u0131larak b\u00f6lge \u00e7ember i\u00e7erisine al\u0131nm\u0131\u015f ve insans\u0131z hava arac\u0131 ile b\u00f6lgenin kontrol\u00fcne ba\u015flanm\u0131\u015ft\u0131r.<\/p>\n<p style=\"text-align: justify;\">12. Yap\u0131lan soru\u015fturma sonucunda;<\/p>\n<p style=\"text-align: justify;\">a. 1\u2019inci Jandarma Komando Tabur personelinin g\u00f6revlerini, verilen emirler \u00e7er\u00e7evesinde \u00fcst\u00fcn bir cesaret, gayret ve fedakarl\u0131kla yerine getirdikleri tespit edilmi\u015ftir.<\/p>\n<p style=\"text-align: justify;\">b. Bununla beraber;<\/p>\n<p style=\"text-align: justify;\">(1) Ge\u00e7ici \u00dcs B\u00f6lgesi olarak tertiplenilen arazi kesiminin co\u011frafi yap\u0131s\u0131 ve bitki \u00f6rt\u00fcs\u00fc bak\u0131m\u0131ndan askeri taktik prensiplerine uygun olup olmad\u0131\u011f\u0131,<\/p>\n<p style=\"text-align: justify;\">(2) B\u00f6lgedeki tertiplenmenin, mevzilenmenin ve da\u011f\u0131lman\u0131n taktik prensiplere g\u00f6re yap\u0131l\u0131p yap\u0131lmad\u0131\u011f\u0131, yeterli yak\u0131n emniyet, g\u00f6zetleme ve ikaz tedbirlerinin al\u0131n\u0131p al\u0131nmad\u0131\u011f\u0131,<\/p>\n<p style=\"text-align: justify;\">(3) Ter\u00f6rist ikaz\u0131n\u0131n al\u0131nmas\u0131ndan sonra, al\u0131nan ilave tedbirlerin yeterli olup olmad\u0131\u011f\u0131,<\/p>\n<p style=\"text-align: justify;\">(4) Helikopterlerin zaman\u0131nda haz\u0131r olup olmad\u0131\u011f\u0131, insans\u0131z hava ara\u00e7lar\u0131n\u0131n zaman\u0131nda b\u00f6lgeye ula\u015f\u0131p ula\u015fmad\u0131\u011f\u0131 gibi konularda teredd\u00fctler olu\u015fmu\u015f, bu konular\u0131n a\u00e7\u0131kl\u0131\u011fa kavu\u015fturulmas\u0131 amac\u0131yla konu yarg\u0131ya intikal ettirilmi\u015ftir.<\/p>\n<p style=\"text-align: justify;\">c. Medyada yer alan iddialarla ilgili olarak;<\/p>\n<p style=\"text-align: justify;\">(1) \u00c7at\u0131\u015fma s\u0131ras\u0131nda u\u00e7ak kullan\u0131lmam\u0131\u015ft\u0131r.<\/p>\n<p style=\"text-align: justify;\">(2) Birli\u011fin d\u00f6n\u00fc\u015f haz\u0131rl\u0131\u011f\u0131 yaparken pusuya d\u00fc\u015f\u00fcr\u00fclmesi s\u00f6z konusu de\u011fildir.<\/p>\n<p style=\"text-align: justify;\">(3) 1\u2019inci Jandarma Komando Taburu \u201cGeri emniyet birli\u011fi\u201d de\u011fildir. Tam aksine, ter\u00f6risti aramak, bulmak ve etkisiz hale getirmek \u00fczere e\u011fitilmi\u015f ve te\u00e7hiz edilmi\u015ftir. Verilen g\u00f6rev do\u011frudur. Komando erleri, \u00f6zel e\u011fitim merkezlerinde 10 hafta s\u00fcreyle yo\u011fun bir e\u011fitim almakta, bu e\u011fitim tertip edildikleri birliklerinde de devam etmektedir.<\/p>\n<p style=\"text-align: justify;\">(4) 10-13 Temmuz g\u00fcnlerini kapsayan devrede, Jandarma Komando Taburunun 1\u2019inci B\u00f6l\u00fc\u011f\u00fc 32 saat g\u00f6rev, 59 saat dinlenme; 2\u2019nci B\u00f6l\u00fc\u011f\u00fc ise 27 saat g\u00f6rev, 64 saat dinlenme yapm\u0131\u015ft\u0131r. Bu \u015fartlarda, bir komando birli\u011finin \u00e7ok yorgun oldu\u011funu iddia etmek m\u00fcmk\u00fcn de\u011fildir.<\/p>\n<p style=\"text-align: justify;\">(5) Asker, gerekti\u011fi takdirde 40 Kg. y\u00fckle de y\u00fcr\u00fcyebilir. Bu bir eziyet de\u011fil, yapaca\u011f\u0131 g\u00f6revin gere\u011fidir. Bu olayda, mevsim yaz oldu\u011fundan bar\u0131nma malzemesi azd\u0131r ve s\u0131rt \u00e7antalar\u0131 23-25 Kg. aras\u0131ndad\u0131r.<\/p>\n<p style=\"text-align: justify;\">(6) Profesyonelle\u015fme kapsam\u0131nda, sadece komado tugaylar\u0131n\u0131n hedef al\u0131nd\u0131\u011f\u0131 ve bunun tamamland\u0131\u011f\u0131 m\u00fcteaddit defalar kamuoyuna a\u00e7\u0131klanm\u0131\u015ft\u0131r. Baz\u0131 gazetelerde \u201cHi\u00e7bir \u015fey yap\u0131lmad\u0131\u201d \u015feklindeki k\u00f6\u015fe yaz\u0131lar\u0131 hayretle kar\u015f\u0131lanmaktad\u0131r. Ancak, komando tugaylar\u0131 d\u0131\u015f\u0131nda, hem Kara Kuvvetleri Komutanl\u0131\u011f\u0131nda hem de Jandarma Genel Komutanl\u0131\u011f\u0131nda baz\u0131 komando birlikleri vard\u0131r. Bu birliklerde, komando e\u011fitimi alm\u0131\u015f erba\u015f ve erler g\u00f6rev yapmaya devam etmektedirler. 1\u2019inci Jandarma Komando Taburu da bunlardan birisidir.<\/p>\n<p style=\"text-align: justify;\">(7) \u00c7at\u0131\u015fma s\u0131ras\u0131nda etkisiz hale getirildi\u011fi g\u00f6r\u00fclen 5 ter\u00f6rist, arazide bulunamam\u0131\u015ft\u0131r. Yo\u011fun duman perdesi gerisinde \u00e7ekilen ter\u00f6ristlerin, bu cesetleri de g\u00f6t\u00fcrd\u00fckleri veya bir yere gizledikleri de\u011ferlendirilmektedir.<\/p>\n<p style=\"text-align: justify;\">(8) \u00c7at\u0131\u015fma b\u00f6lgesinin kontrole al\u0131nmayarak, bas\u0131n\u0131n girmesine f\u0131rsat verilmesi bir hata olmu\u015ftur.<\/p>\n<p style=\"text-align: justify;\">(9) Bu tip olaylar hakk\u0131nda yorum yapan ki\u015filerin askeri taktik ve teknikler hakk\u0131nda fikir beyan ederken, \u00e7at\u0131\u015fma ortam\u0131 ger\u00e7eklerini dikkate alarak hassasiyet g\u00f6stermeleri gerekir.<\/p>\n<p style=\"text-align: justify;\">13. T\u00fcrk Silahl\u0131 Kuvvetleri, mevcut yasalar \u00e7er\u00e7evesinde, ter\u00f6re kar\u015f\u0131 y\u00fcr\u00fct\u00fclen m\u00fccadelede kendisine verilecek g\u00f6revleri ne pahas\u0131na olursa olsun, artan bir kararl\u0131l\u0131k ve inan\u00e7la yerine getirecektir.<\/p>\n<p style=\"text-align: justify;\">Kamuoyuna sayg\u0131 ile duyurulur.<\/p>\n<p style=\"text-align: justify;\"><a href=\"http:\/\/www.cnnturk.com\/2011\/turkiye\/07\/26\/iste.tsknin.silvan.raporu\/624099.0\/index.html\" target=\"_blank\">Kaynak : CNN T\u00dcRK<\/a><\/p>\n","protected":false},"excerpt":{"rendered":"<p style=\"text-align: center;\">\n<p style=\"text-align: justify;\">Genelkurmay Ba\u015fkanl\u0131\u011f\u0131, Silvan&#8217;da 13 askerin \u015fehit olmas\u0131 olay\u0131nda u\u00e7ak kullan\u0131lmad\u0131\u011f\u0131n\u0131 belirterek, birli\u011fin d\u00f6n\u00fc\u015f haz\u0131rl\u0131\u011f\u0131 yaparken pusuya d\u00fc\u015f\u00fcr\u00fclmesinin s\u00f6z konusu olmad\u0131\u011f\u0131n\u0131 vurgulad\u0131.<\/p>\n<p style=\"text-align: justify;\">TSK&#8217;n\u0131n internet sitesinden yap\u0131lan a\u00e7\u0131klama<\/p>\n<p style=\"text-align: justify;\">14 Temmuz 2011 g\u00fcn\u00fc Silvan b\u00f6lgesinde cereyan eden ve 13 Mehmet\u00e7i\u011fin \u015fehit olmas\u0131na, 7 Mehmet\u00e7i\u011fin yaralanmas\u0131na neden olan menfur ter\u00f6r <\/p>\n","protected":false},"author":1,"featured_media":0,"comment_status":"open","ping_status":"open","sticky":false,"template":"","format":"standard","meta":{"footnotes":""},"categories":[105],"tags":[],"class_list":["post-37305","post","type-post","status-publish","format-standard","hentry","category-gundem","odd"],"_links":{"self":[{"href":"http:\/\/www.korhanyilmaz.com\/index.php?rest_route=\/wp\/v2\/posts\/37305","targetHints":{"allow":["GET"]}}],"collection":[{"href":"http:\/\/www.korhanyilmaz.com\/index.php?rest_route=\/wp\/v2\/posts"}],"about":[{"href":"http:\/\/www.korhanyilmaz.com\/index.php?rest_route=\/wp\/v2\/types\/post"}],"author":[{"embeddable":true,"href":"http:\/\/www.korhanyilmaz.com\/index.php?rest_route=\/wp\/v2\/users\/1"}],"replies":[{"embeddable":true,"href":"http:\/\/www.korhanyilmaz.com\/index.php?rest_route=%2Fwp%2Fv2%2Fcomments&post=37305"}],"version-history":[{"count":0,"href":"http:\/\/www.korhanyilmaz.com\/index.php?rest_route=\/wp\/v2\/posts\/37305\/revisions"}],"wp:attachment":[{"href":"http:\/\/www.korhanyilmaz.com\/index.php?rest_route=%2Fwp%2Fv2%2Fmedia&parent=37305"}],"wp:term":[{"taxonomy":"category","embeddable":true,"href":"http:\/\/www.korhanyilmaz.com\/index.php?rest_route=%2Fwp%2Fv2%2Fcategories&post=37305"},{"taxonomy":"post_tag","embeddable":true,"href":"http:\/\/www.korhanyilmaz.com\/index.php?rest_route=%2Fwp%2Fv2%2Ftags&post=37305"}],"curies":[{"name":"wp","href":"https:\/\/api.w.org\/{rel}","templated":true}]}}