{"id":37301,"date":"2011-07-26T09:55:31","date_gmt":"2011-07-26T06:55:31","guid":{"rendered":"http:\/\/www.korhanyilmaz.com\/?p=37301"},"modified":"2011-07-26T16:33:23","modified_gmt":"2011-07-26T13:33:23","slug":"oldurdugum-kisi-basina-para-aliyordum","status":"publish","type":"post","link":"http:\/\/www.korhanyilmaz.com\/?p=37301","title":{"rendered":"&#8216;\u00d6ld\u00fcrd\u00fc\u011f\u00fcm ki\u015fi ba\u015f\u0131na para al\u0131yordum!&#8217;"},"content":{"rendered":"<p style=\"text-align: justify;\"><a href=\"http:\/\/www.korhanyilmaz.com\/wp-content\/uploads\/2011\/07\/2010.jpg\"  class=\"lightview\"><img loading=\"lazy\" decoding=\"async\" class=\"aligncenter size-full wp-image-37302\" src=\"http:\/\/www.korhanyilmaz.com\/wp-content\/uploads\/2011\/07\/2010.jpg\" alt=\"\" width=\"420\" height=\"210\" \/><\/a><\/p>\n<p style=\"text-align: justify;\">Ergenekon operasyonlar\u0131 \u00e7er\u00e7evesinde \u015eile&#8217;de yap\u0131lan kaz\u0131larla ilgili a\u00e7\u0131lan davada san\u0131klar\u0131n itiraflar\u0131 yarg\u0131lamaya damgas\u0131n\u0131 vurdu.<\/p>\n<p style=\"text-align: justify;\">Zaman&#8217;\u0131n haberine g\u00f6re devlete teslim olduktan sonra kendisine J\u0130TEM Elaz\u0131\u011f B\u00f6lge Komutanl\u0131\u011f\u0131&#8217;nda g\u00f6rev verildi\u011fini kaydeden T\u0130KKO itiraf\u00e7\u0131s\u0131 Ula\u015f \u00d6zel, &#8220;Operasyonlarda her \u00f6ld\u00fcrd\u00fc\u011f\u00fcm\u00fcz ki\u015fi ba\u015f\u0131na zarflar i\u00e7inde bize para \u00f6d\u00fcl\u00fc verilirdi. \u0130stanbul&#8217;da ka\u00e7\u0131rd\u0131\u011f\u0131m\u0131z adam\u0131 Tunceli&#8217;ye g\u00f6t\u00fcr\u00fcp &#8216;operasyonda yakalad\u0131k&#8217; diyorduk. Yapt\u0131\u011f\u0131m b\u00fct\u00fcn i\u015fleri devlet ad\u0131na yapt\u0131m. Ben \u00f6yle biliyordum.&#8221; dedi. \u0130ddianamedeki Ergenekon ba\u011flant\u0131lar\u0131na ili\u015fkin ifadeleri de do\u011frulayan san\u0131k \u00d6zel, &#8220;Ben cezaevinde yat\u0131yor g\u00f6z\u00fck\u00fcrken, d\u0131\u015far\u0131da operasyonlara kat\u0131l\u0131yordum. Bu d\u00f6nemde T\u00fcrkiye&#8217;nin \u00e7e\u015fitli illerinde bulundum, telefon g\u00f6r\u00fc\u015fmeleri yapt\u0131m. Bunlar\u0131n hepsinin kayd\u0131 vard\u0131r. Bunlar\u0131n dikkate al\u0131nmas\u0131 gerekir.&#8221; diye konu\u015ftu. <!--more--><\/p>\n<p style=\"text-align: justify;\">Ergenekon soru\u015fturmas\u0131 kapsam\u0131nda A\u011fustos 2010&#8217;da \u015eile&#8217;de yap\u0131lan kaz\u0131larla ilgili olarak 1&#8217;i tutuklu 4 san\u0131k hakk\u0131nda a\u00e7\u0131lan davan\u0131n ilk duru\u015fmas\u0131 g\u00f6r\u00fcld\u00fc. \u0130stanbul 12. A\u011f\u0131r Ceza Mahkemesi&#8217;nde g\u00f6r\u00fclen duru\u015fmaya tutuklu san\u0131k Ula\u015f \u00d6zel ile tutuksuz san\u0131klar H\u00fcseyin Yan\u00e7, Okan \u0130\u015fg\u00f6r ile Yusuf Ethem Akbulut kat\u0131ld\u0131. Eski T\u0130KKO itiraf\u00e7\u0131s\u0131 davan\u0131n tek tutuklu san\u0131\u011f\u0131 Ula\u015f \u00d6zel, duru\u015fmada savunmas\u0131n\u0131 yapt\u0131. 1993 y\u0131l\u0131nda T\u0130KKO \u00f6rg\u00fct\u00fcne kat\u0131ld\u0131\u011f\u0131n\u0131, 6 y\u0131l bu \u00f6rg\u00fctte faaliyet g\u00f6sterdikten sonra \u00f6rg\u00fct\u00fcn Tunceli b\u00f6lge sorumlusuyken, ter\u00f6r \u00f6rg\u00fct\u00fcn\u00fcn insanlara bir fayda getirmedi\u011fini g\u00f6rerek, yan\u0131ndaki iki ki\u015fi ile birlikte g\u00fcvenlik g\u00fc\u00e7lerine teslim oldu\u011funu anlatt\u0131. Teslim olduktan sonra kendisine J\u0130TEM Elaz\u0131\u011f B\u00f6lge Komutanl\u0131\u011f\u0131&#8217;nda g\u00f6rev verildi\u011fini kaydeden \u00d6zel, &#8220;Operasyonlarda her \u00f6ld\u00fcrd\u00fc\u011f\u00fcm\u00fcz ki\u015fi ba\u015f\u0131na zarflar i\u00e7inde bize para \u00f6d\u00fcl\u00fc verilirdi. \u0130stanbul&#8217;da ka\u00e7\u0131rd\u0131\u011f\u0131m\u0131z adam\u0131 Tunceli&#8217;ye g\u00f6t\u00fcr\u00fcp &#8216;operasyonda yakalad\u0131k&#8217; diyorduk.<\/p>\n<p style=\"text-align: justify;\">Yapt\u0131\u011f\u0131m b\u00fct\u00fcn i\u015fleri devlet ad\u0131na yapt\u0131m. Ben \u00f6yle biliyordum. Ter\u00f6r \u00f6rg\u00fct\u00fcnden ayr\u0131l\u0131p devlete teslim oldum. Pi\u015fman oldu\u011fumu s\u00f6yledim. Ben cezaevinde yat\u0131yor g\u00f6z\u00fck\u00fcrken operasyonlara kat\u0131l\u0131yordum.&#8221; diye konu\u015ftu. \u00d6zel, iddianamedeki Ergenekon&#8217;la ba\u011flant\u0131lara ili\u015fkin ifadelerini do\u011frulad\u0131. \u0130ddianamede, \u00d6zel&#8217;in, komutanlar\u0131n\u0131n referans\u0131 ile PKK itiraf\u00e7\u0131s\u0131 H\u00fcseyin Yan\u00e7&#8217;la bulu\u015ftu\u011fu belirtiliyor. \u00d6zel&#8217;in, \u0130BDA-C itiraf\u00e7\u0131s\u0131 Okan \u0130\u015fg\u00f6r&#8217;e ait olan G\u00f6ktu\u011f Nakliyat&#8217;ta i\u015fe ba\u015flad\u0131\u011f\u0131 ve buras\u0131n\u0131n J\u0130TEM g\u00f6revlilerinin u\u011frak yeri oldu\u011fu kaydediliyor. Ergenekon davas\u0131 tutuklu san\u0131\u011f\u0131 Muzaffer Tekin ve Poyrazk\u00f6y cephaneli\u011fi davas\u0131 emekli Binba\u015f\u0131 Levent Bekta\u015f&#8217;\u0131n da bu \u015firkete geldi\u011fi belirtiliyor. Bekta\u015f&#8217;\u0131n \u015eile&#8217;de \u00f6zel bir g\u00fcvenlik \u015firketi kurup eleman yeti\u015ftirme projesinin oldu\u011funu s\u00f6yleyen Ula\u015f \u00d6zel, ifadesinde Veli K\u00fc\u00e7\u00fck&#8217;\u00fcn de bu i\u015fin i\u00e7inde oldu\u011funu s\u00f6ylemi\u015fti.<\/p>\n<p style=\"text-align: justify;\">Savunmalar\u0131n tamamlanmas\u0131n\u0131n ard\u0131ndan mahkeme, tutuksuz yarg\u0131lanan Okan \u0130\u015fg\u00f6r ve H\u00fcseyin Yan\u00e7&#8217;\u0131 tutuklad\u0131. \u0130ddianamede san\u0131klar Ula\u015f \u00d6zel ve H\u00fcseyin Yan\u00e7&#8217;\u0131n 24 y\u0131ldan 74 y\u0131la kadar hapisle cezaland\u0131r\u0131lmalar\u0131 istenmi\u015fti.<\/p>\n<p style=\"text-align: justify;\"><a href=\"http:\/\/haber.gazetevatan.com\/oldurdugum-kisi-basina-para-aliyordum\/390633\/1\/Gundem\" target=\"_blank\">Kaynak : VATAN Gazetesi<\/a><\/p>\n","protected":false},"excerpt":{"rendered":"<p style=\"text-align: justify;\">\n<p style=\"text-align: justify;\">Ergenekon operasyonlar\u0131 \u00e7er\u00e7evesinde \u015eile&#8217;de yap\u0131lan kaz\u0131larla ilgili a\u00e7\u0131lan davada san\u0131klar\u0131n itiraflar\u0131 yarg\u0131lamaya damgas\u0131n\u0131 vurdu.<\/p>\n<p style=\"text-align: justify;\">Zaman&#8217;\u0131n haberine g\u00f6re devlete teslim olduktan sonra kendisine J\u0130TEM Elaz\u0131\u011f B\u00f6lge Komutanl\u0131\u011f\u0131&#8217;nda g\u00f6rev verildi\u011fini kaydeden T\u0130KKO itiraf\u00e7\u0131s\u0131 Ula\u015f \u00d6zel, &#8220;Operasyonlarda her \u00f6ld\u00fcrd\u00fc\u011f\u00fcm\u00fcz ki\u015fi ba\u015f\u0131na zarflar i\u00e7inde bize para \u00f6d\u00fcl\u00fc verilirdi. \u0130stanbul&#8217;da ka\u00e7\u0131rd\u0131\u011f\u0131m\u0131z adam\u0131 Tunceli&#8217;ye <\/p>\n","protected":false},"author":1,"featured_media":0,"comment_status":"open","ping_status":"open","sticky":false,"template":"","format":"standard","meta":{"footnotes":""},"categories":[105],"tags":[],"class_list":["post-37301","post","type-post","status-publish","format-standard","hentry","category-gundem","odd"],"_links":{"self":[{"href":"http:\/\/www.korhanyilmaz.com\/index.php?rest_route=\/wp\/v2\/posts\/37301","targetHints":{"allow":["GET"]}}],"collection":[{"href":"http:\/\/www.korhanyilmaz.com\/index.php?rest_route=\/wp\/v2\/posts"}],"about":[{"href":"http:\/\/www.korhanyilmaz.com\/index.php?rest_route=\/wp\/v2\/types\/post"}],"author":[{"embeddable":true,"href":"http:\/\/www.korhanyilmaz.com\/index.php?rest_route=\/wp\/v2\/users\/1"}],"replies":[{"embeddable":true,"href":"http:\/\/www.korhanyilmaz.com\/index.php?rest_route=%2Fwp%2Fv2%2Fcomments&post=37301"}],"version-history":[{"count":0,"href":"http:\/\/www.korhanyilmaz.com\/index.php?rest_route=\/wp\/v2\/posts\/37301\/revisions"}],"wp:attachment":[{"href":"http:\/\/www.korhanyilmaz.com\/index.php?rest_route=%2Fwp%2Fv2%2Fmedia&parent=37301"}],"wp:term":[{"taxonomy":"category","embeddable":true,"href":"http:\/\/www.korhanyilmaz.com\/index.php?rest_route=%2Fwp%2Fv2%2Fcategories&post=37301"},{"taxonomy":"post_tag","embeddable":true,"href":"http:\/\/www.korhanyilmaz.com\/index.php?rest_route=%2Fwp%2Fv2%2Ftags&post=37301"}],"curies":[{"name":"wp","href":"https:\/\/api.w.org\/{rel}","templated":true}]}}