{"id":37297,"date":"2011-07-26T15:58:50","date_gmt":"2011-07-26T12:58:50","guid":{"rendered":"http:\/\/www.korhanyilmaz.com\/?p=37297"},"modified":"2011-07-26T16:28:29","modified_gmt":"2011-07-26T13:28:29","slug":"muhalefet-asker-polis-catismasindan-endiseli","status":"publish","type":"post","link":"http:\/\/www.korhanyilmaz.com\/?p=37297","title":{"rendered":"Muhalefet asker-polis \u00e7at\u0131\u015fmas\u0131ndan endi\u015feli"},"content":{"rendered":"<p style=\"text-align: center;\"><a href=\"http:\/\/www.korhanyilmaz.com\/wp-content\/uploads\/2011\/07\/2009.jpg\"  class=\"lightview\"><img loading=\"lazy\" decoding=\"async\" class=\"aligncenter size-full wp-image-37298\" src=\"http:\/\/www.korhanyilmaz.com\/wp-content\/uploads\/2011\/07\/2009.jpg\" alt=\"\" width=\"307\" height=\"236\" \/><\/a><\/p>\n<p style=\"text-align: justify;\">Muhalefet ter\u00f6rle m\u00fccadelede polisin yeniden a\u011f\u0131rl\u0131kl\u0131 g\u00f6rev almas\u0131 konusunda endi\u015feli. CHP Grup Ba\u015fkanvekili Emine \u00dclker Tarhan, &#8220;Ter\u00f6rle m\u00fccadelede ba\u015far\u0131s\u0131z olan eski projeleri canland\u0131rmak \u00e7\u00f6z\u00fcm de\u011fil&#8221; dedi. MHP Genel Ba\u015fkan Yard\u0131mc\u0131s\u0131 Semih Yal\u00e7\u0131n da &#8220;Asker-polis \u00e7at\u0131\u015fmas\u0131 \u00e7\u0131kar\u0131lmamal\u0131&#8221; uyar\u0131s\u0131nda bulundu.<\/p>\n<p style=\"text-align: justify;\">CHP&#8217;li Emine \u00dclker Tarhan, Meclis&#8217;te haberciler ile bir araya geldi. <!--more--><\/p>\n<p style=\"text-align: justify;\">Tarhan, ter\u00f6rle m\u00fccadelede yeni y\u00f6ntem i\u00e7in &#8220;Askeri polise ba\u011flamaktad\u0131r. \u0130ki kurum aras\u0131nda \u00e7at\u0131\u015fmaya neden olmas\u0131ndan endi\u015fe ta\u015f\u0131yorum&#8221; dedi.<\/p>\n<p style=\"text-align: justify;\">Tarhan, iktidara da &#8220;Ter\u00f6rle m\u00fccadele konusunda muhalefete sa\u011fl\u0131kl\u0131 bilgi verin, gizli ajandan\u0131z yoksa destekleriz&#8221; \u00e7a\u011fr\u0131s\u0131 yapt\u0131.<\/p>\n<p style=\"text-align: justify;\">MHP&#8217;den ise yaz\u0131l\u0131 a\u00e7\u0131klama geldi. Genel Ba\u015fkan Yard\u0131mc\u0131s\u0131 Semih Yal\u00e7\u0131n, ter\u00f6rle m\u00fccadelede askeri tedbirlerin hayati \u00f6nemi oldu\u011funu vurgulad\u0131, ancak destekleyici hamlelere ihtiya\u00e7 oldu\u011funun alt\u0131n\u0131 \u00e7izdi.<\/p>\n<p style=\"text-align: justify;\">Yal\u00e7\u0131n, gerilla takti\u011fi \u00f6nerdi. Bunun i\u00e7in de iyi yeti\u015fmi\u015f \u00f6zel timler olu\u015fturulmas\u0131 gerekti\u011fini savundu.<\/p>\n<p style=\"text-align: justify;\">Ancak, bunun asker-polis yar\u0131\u015f\u0131 veya \u00e7at\u0131\u015fmas\u0131 \u00e7\u0131karmadan yap\u0131lmas\u0131n\u0131n \u00f6nemli oldu\u011funu vurgulad\u0131, h\u00fck\u00fcmete &#8220;Askeri polise ba\u011flama niyetinden vazge\u00e7ilmeli&#8221; mesaj\u0131 verdi.<\/p>\n<p style=\"text-align: justify;\"><a href=\"http:\/\/www.cnnturk.com\/2011\/turkiye\/07\/26\/muhalefet.asker.polis.catismasindan.endiseli\/624082.0\/index.html\" target=\"_blank\">Kaynak : CNN T\u00dcRK<\/a><\/p>\n","protected":false},"excerpt":{"rendered":"<p style=\"text-align: center;\">\n<p style=\"text-align: justify;\">Muhalefet ter\u00f6rle m\u00fccadelede polisin yeniden a\u011f\u0131rl\u0131kl\u0131 g\u00f6rev almas\u0131 konusunda endi\u015feli. CHP Grup Ba\u015fkanvekili Emine \u00dclker Tarhan, &#8220;Ter\u00f6rle m\u00fccadelede ba\u015far\u0131s\u0131z olan eski projeleri canland\u0131rmak \u00e7\u00f6z\u00fcm de\u011fil&#8221; dedi. MHP Genel Ba\u015fkan Yard\u0131mc\u0131s\u0131 Semih Yal\u00e7\u0131n da &#8220;Asker-polis \u00e7at\u0131\u015fmas\u0131 \u00e7\u0131kar\u0131lmamal\u0131&#8221; uyar\u0131s\u0131nda bulundu.<\/p>\n<p style=\"text-align: justify;\">CHP&#8217;li Emine \u00dclker Tarhan, Meclis&#8217;te haberciler ile bir araya geldi. <\/p>\n","protected":false},"author":1,"featured_media":0,"comment_status":"open","ping_status":"open","sticky":false,"template":"","format":"standard","meta":{"footnotes":""},"categories":[105],"tags":[],"class_list":["post-37297","post","type-post","status-publish","format-standard","hentry","category-gundem","odd"],"_links":{"self":[{"href":"http:\/\/www.korhanyilmaz.com\/index.php?rest_route=\/wp\/v2\/posts\/37297","targetHints":{"allow":["GET"]}}],"collection":[{"href":"http:\/\/www.korhanyilmaz.com\/index.php?rest_route=\/wp\/v2\/posts"}],"about":[{"href":"http:\/\/www.korhanyilmaz.com\/index.php?rest_route=\/wp\/v2\/types\/post"}],"author":[{"embeddable":true,"href":"http:\/\/www.korhanyilmaz.com\/index.php?rest_route=\/wp\/v2\/users\/1"}],"replies":[{"embeddable":true,"href":"http:\/\/www.korhanyilmaz.com\/index.php?rest_route=%2Fwp%2Fv2%2Fcomments&post=37297"}],"version-history":[{"count":0,"href":"http:\/\/www.korhanyilmaz.com\/index.php?rest_route=\/wp\/v2\/posts\/37297\/revisions"}],"wp:attachment":[{"href":"http:\/\/www.korhanyilmaz.com\/index.php?rest_route=%2Fwp%2Fv2%2Fmedia&parent=37297"}],"wp:term":[{"taxonomy":"category","embeddable":true,"href":"http:\/\/www.korhanyilmaz.com\/index.php?rest_route=%2Fwp%2Fv2%2Fcategories&post=37297"},{"taxonomy":"post_tag","embeddable":true,"href":"http:\/\/www.korhanyilmaz.com\/index.php?rest_route=%2Fwp%2Fv2%2Ftags&post=37297"}],"curies":[{"name":"wp","href":"https:\/\/api.w.org\/{rel}","templated":true}]}}