{"id":37294,"date":"2011-07-26T13:23:16","date_gmt":"2011-07-26T10:23:16","guid":{"rendered":"http:\/\/www.korhanyilmaz.com\/?p=37294"},"modified":"2011-07-26T16:26:01","modified_gmt":"2011-07-26T13:26:01","slug":"tenis-kortuna-cami-projesi","status":"publish","type":"post","link":"http:\/\/www.korhanyilmaz.com\/?p=37294","title":{"rendered":"Tenis kortuna cami projesi!"},"content":{"rendered":"<p style=\"text-align: center;\"><a href=\"http:\/\/www.korhanyilmaz.com\/wp-content\/uploads\/2011\/07\/2008.jpg\"  class=\"lightview\"><img loading=\"lazy\" decoding=\"async\" class=\"aligncenter size-full wp-image-37295\" src=\"http:\/\/www.korhanyilmaz.com\/wp-content\/uploads\/2011\/07\/2008.jpg\" alt=\"\" width=\"307\" height=\"236\" \/><\/a><\/p>\n<p style=\"text-align: justify;\">\u0130stanbul Ata\u015fehir&#8217;de bulunan ve 2000 y\u0131l\u0131nda tamamlanan Flora Evleri&#8217;ni yanan \u015firketin ye\u015fil alan olarak terk etti\u011fi daha sonra da paras\u0131yla kiralay\u0131p spor alanlar\u0131 olarak kulland\u0131\u011f\u0131 arsaya cami projesi site sakinlerinin tepkisini \u00e7ekti.<\/p>\n<p style=\"text-align: justify;\">(DHA) &#8212; Ata\u015fehir Kaymakaml\u0131\u011f\u0131 mahkeme karar\u0131 do\u011frultusunda site y\u00f6netimine i\u015fgalli alandan \u00e7\u0131k\u0131lmas\u0131 ile ilgili tebligat yaparken bug\u00fcn B\u00fcy\u00fck\u015fehir Belediye zab\u0131tas\u0131 ekipleri sitenin i\u00e7inde bulunan spor tesislerini y\u0131kt\u0131. <!--more--><\/p>\n<p style=\"text-align: justify;\">Bu arada arsaya cami yapt\u0131rmak isteyen Vakf\u0131n camii g\u00f6r\u00fcn\u00fcm\u00fcnde bir \u00e7ad\u0131r kurdu\u011fu g\u00f6zlendi. Ata\u015fehir Belediyesi ekipleri de izinsiz oldu\u011fu gerek\u00e7esiyle \u00e7ad\u0131r\u0131 y\u0131kt\u0131.<\/p>\n<p style=\"text-align: justify;\">\u00d6nce Sosyal Hizmetler Vakf\u0131n&#8217;a devredilen daha sonra iki parsel birle\u015ftirilerek yakla\u015f\u0131k 4 bin metrakare alan haline getirilen arsa Milli Emlak&#8217;a devredilmi\u015f. Milli Emlak da site i\u00e7inde bulunan arsay\u0131 12 Ekim 2009&#8217;da Dinayet \u0130\u015fleri Ba\u015fkanl\u0131\u011f\u0131&#8217;na devretti.<\/p>\n<p style=\"text-align: justify;\">Diyanet \u0130\u015fleri i\u00e7inde teniskortu, basketbol sahas\u0131 ve \u00e7ocuk oyun parklar\u0131 bulunan arsay\u0131 camii yapmas\u0131 i\u00e7in Yery\u00fcz\u00fc Halklar\u0131 Dostluk Vakf\u0131&#8217;na verince site sakinleri solu\u011fu mahkemede ald\u0131. Bu arada Vak\u0131f da sitenin arazisini i\u015fgal etti\u011fini iddia ederek davalar a\u00e7t\u0131. Site sakinleri a\u00e7t\u0131klar\u0131 davalarda zaman\u0131nda b\u00f6lgenin ba\u011fl\u0131 oldu\u011fu \u00dcmraniye Belediyesi&#8217;nin mahkemelere gerekli belgeleri g\u00f6ndermedi\u011fini iddia ediyor.<\/p>\n<p style=\"text-align: justify;\">Flora Evleri&#8217;nin avukat\u0131 Bilgehan Veral s\u00f6z konusu arsan\u0131n ye\u015fil alan olarak tahsis edildi\u011fini belirterek &#8220;Bu alan daha sonra ba\u015fka parselle biti\u015ftirilerek Milli Emlak taraf\u0131ndan 2009 y\u0131l\u0131nda Diyanet \u0130\u015fleri Ba\u015fkanl\u0131\u011f\u0131&#8217;na tahsis edilmi\u015f. Diyanet de camii yapmas\u0131 i\u00e7in bir vakfa devretmi\u015f&#8221; dedi.<\/p>\n<p style=\"text-align: justify;\">Flora Evleri y\u00f6netiminde olan Fahri Belevi ise bu g\u00fcne kadar yap\u0131lan t\u00fcm i\u015flerle ilgili yaz\u0131\u015fmalar\u0131n \u00dcmraniye Belediyesi&#8217;nde oldu\u011funu belirterek \u015funlar\u0131 s\u00f6yledi:<\/p>\n<p style=\"text-align: justify;\">&#8220;Site 2000 y\u0131l\u0131nda yap\u0131ld\u0131. Bu site yap\u0131l\u0131rken imar i\u00e7in 3200 metrekare alan\u0131 ye\u015fil alan olarak terk i\u015flemi yapt\u0131k. Daha sonra bu al\u0131n\u0131 park olarak paras\u0131yla kiralad\u0131k. Bu b\u00f6lge \u015fimdi Ata\u015fehir Belediyesi i\u00e7inde. Bizim 1995 y\u0131l\u0131nda in\u015faatlara ba\u015flamak i\u00e7in terk yapt\u0131\u011f\u0131m\u0131z vakf\u0131n ad\u0131 Sosyal Hizmetler E\u011fitim vakf\u0131 idi. Buraya terkte bulunduk. Sonra bu vak\u0131f \u00dcmraniye Belediyesi&#8217;nde o d\u00f6nemde g\u00f6revde bulunanlar ki\u015filer sayesinde bizim 3200 metrekarelik terk etti\u011fimiz alan ile birle\u015ftirme yapm\u0131\u015f ve iki parsel birle\u015fmi\u015f. \u00d6nce Milli Emlak&#8217;a devretmi\u015fler. Milli Emlak da Diyanet&#8217;e devretmi\u015f. Diyanet \u0130\u015fleri de Yery\u00fcz\u00fc Halklar\u0131 Dostluk Vakf\u0131&#8217;na devretmi\u015f ve &#8216;\u0130badet alan\u0131 olarak kullanabilirsiniz&#8217; demi\u015f. Biz b\u00fct\u00fcn i\u015flemlerin iptali i\u00e7in 10 kadar dava a\u00e7t\u0131k ama \u00dcmraniye Belediyesi mahkemelere gerekli belge ve bilgileri vermedi\u011fi i\u00e7in davalar s\u00fcr\u00fcncemede kald\u0131. \u015eimdi B\u00fcy\u00fck\u015fehir Belediyesi zat\u0131batalar\u0131 oyun park\u0131, teniskortu ve basketbol sahas\u0131 \u00e7evresini y\u0131k\u0131yor.&#8221;<\/p>\n<p style=\"text-align: justify;\"><a href=\"http:\/\/www.cnnturk.com\/2011\/turkiye\/07\/26\/tenis.kortuna.cami.projesi\/624046.0\/index.html\" target=\"_blank\">Kaynak : CNN T\u00dcRK<\/a><\/p>\n","protected":false},"excerpt":{"rendered":"<p style=\"text-align: center;\">\n<p style=\"text-align: justify;\">\u0130stanbul Ata\u015fehir&#8217;de bulunan ve 2000 y\u0131l\u0131nda tamamlanan Flora Evleri&#8217;ni yanan \u015firketin ye\u015fil alan olarak terk etti\u011fi daha sonra da paras\u0131yla kiralay\u0131p spor alanlar\u0131 olarak kulland\u0131\u011f\u0131 arsaya cami projesi site sakinlerinin tepkisini \u00e7ekti.<\/p>\n<p style=\"text-align: justify;\">(DHA) &#8212; Ata\u015fehir Kaymakaml\u0131\u011f\u0131 mahkeme karar\u0131 do\u011frultusunda site y\u00f6netimine i\u015fgalli alandan \u00e7\u0131k\u0131lmas\u0131 ile ilgili tebligat yaparken <\/p>\n","protected":false},"author":1,"featured_media":0,"comment_status":"open","ping_status":"open","sticky":false,"template":"","format":"standard","meta":{"footnotes":""},"categories":[105],"tags":[],"class_list":["post-37294","post","type-post","status-publish","format-standard","hentry","category-gundem","odd"],"_links":{"self":[{"href":"http:\/\/www.korhanyilmaz.com\/index.php?rest_route=\/wp\/v2\/posts\/37294","targetHints":{"allow":["GET"]}}],"collection":[{"href":"http:\/\/www.korhanyilmaz.com\/index.php?rest_route=\/wp\/v2\/posts"}],"about":[{"href":"http:\/\/www.korhanyilmaz.com\/index.php?rest_route=\/wp\/v2\/types\/post"}],"author":[{"embeddable":true,"href":"http:\/\/www.korhanyilmaz.com\/index.php?rest_route=\/wp\/v2\/users\/1"}],"replies":[{"embeddable":true,"href":"http:\/\/www.korhanyilmaz.com\/index.php?rest_route=%2Fwp%2Fv2%2Fcomments&post=37294"}],"version-history":[{"count":0,"href":"http:\/\/www.korhanyilmaz.com\/index.php?rest_route=\/wp\/v2\/posts\/37294\/revisions"}],"wp:attachment":[{"href":"http:\/\/www.korhanyilmaz.com\/index.php?rest_route=%2Fwp%2Fv2%2Fmedia&parent=37294"}],"wp:term":[{"taxonomy":"category","embeddable":true,"href":"http:\/\/www.korhanyilmaz.com\/index.php?rest_route=%2Fwp%2Fv2%2Fcategories&post=37294"},{"taxonomy":"post_tag","embeddable":true,"href":"http:\/\/www.korhanyilmaz.com\/index.php?rest_route=%2Fwp%2Fv2%2Ftags&post=37294"}],"curies":[{"name":"wp","href":"https:\/\/api.w.org\/{rel}","templated":true}]}}