{"id":37290,"date":"2011-07-26T07:59:58","date_gmt":"2011-07-26T04:59:58","guid":{"rendered":"http:\/\/www.korhanyilmaz.com\/?p=37290"},"modified":"2011-07-26T12:28:27","modified_gmt":"2011-07-26T09:28:27","slug":"ve-o-tanik-konustu-teslim-olana-kapiyi-acmadik","status":"publish","type":"post","link":"http:\/\/www.korhanyilmaz.com\/?p=37290","title":{"rendered":"Ve o tan\u0131k konu\u015ftu: Teslim olana kap\u0131y\u0131 a\u00e7mad\u0131k"},"content":{"rendered":"<p style=\"text-align: center;\"><a href=\"http:\/\/www.korhanyilmaz.com\/wp-content\/uploads\/2011\/07\/2007.jpeg\"  class=\"lightview\"><img loading=\"lazy\" decoding=\"async\" class=\"aligncenter size-full wp-image-37291\" src=\"http:\/\/www.korhanyilmaz.com\/wp-content\/uploads\/2011\/07\/2007.jpeg\" alt=\"\" width=\"384\" height=\"254\" \/><\/a><\/p>\n<p style=\"text-align: justify;\">&#8216;Tufan&#8217; operasyonuna kat\u0131lan eski askerin ifadeleri dava dosyas\u0131na girdi. Askerin anlatt\u0131klar\u0131, &#8220;Bizi yakt\u0131lar&#8221; diyen mahk\u00fbmlar\u0131 do\u011fruluyor.<\/p>\n<p style=\"text-align: justify;\">Hayata D\u00f6n\u00fc\u015f Operasyonu\u2019nun \u2018Tufan\u2019 ad\u0131 konulan 12 tutuklunun \u00f6ld\u00fc\u011f\u00fc Bayrampa\u015fa Cezaevi\u2019ne y\u00f6nelik aya\u011f\u0131nda, ilk kez operasyonda g\u00f6rev alan bir asker taraf\u0131ndan, g\u00fcvenlik g\u00fc\u00e7lerince kas\u0131tl\u0131 bi\u00e7imde yak\u0131ld\u0131klar\u0131n\u0131 s\u00f6yleyen mahkumlar\u0131 do\u011frulayan bir tan\u0131k ifadesi verildi. Operasyonda Bayrampa\u015fa\u2019da g\u00f6rev yapan ve ge\u00e7en y\u0131l g\u00f6revi b\u0131rakan bir uzman \u00e7avu\u015f, ifadesinde, \u201cEnvanterimizde bulunmayan de\u011fi\u015fik gaz bombalar\u0131yla m\u00fcdahale edilmi\u015ftir. Bayan mahk\u00fbmlar teslim olmak isteyip kap\u0131y\u0131 a\u00e7mam\u0131z\u0131 istediler, emir almad\u0131\u011f\u0131m\u0131z i\u00e7in m\u00fcdahale edemedik. R\u00fctbeli arkada\u015flar battaniyeleri suya de\u011fil, yan\u0131c\u0131 maddelere bat\u0131rd\u0131klar\u0131n\u0131 anlatt\u0131\u201d dedi. <!--more--><\/p>\n<p style=\"text-align: justify;\">Daha \u00f6nce, Taraf gazetesine operasyonda ya\u015fad\u0131klar\u0131n\u0131 anlatan ve o tarihten bu yana ifadesi al\u0131nmayan A.S. adl\u0131 eski uzman \u00e7avu\u015fun ifadesi, katliamdan 10 y\u0131l sonra a\u00e7\u0131lan dava kapsam\u0131nda al\u0131nd\u0131. A.S. ifadesinde \u00f6zetle \u015funlar\u0131 anlatt\u0131:<\/p>\n<p style=\"text-align: justify;\">\u0130lk m\u00fcdahaleyi J\u00d6AK yapt\u0131: Operasyonda \u2018robocop\u2019 tabir edilen te\u00e7hizatla cezaevi koridorunda bekleyerek teslim olan veya teslim al\u0131nan tutuklu veya h\u00fck\u00fcml\u00fclerin cezaevinden \u00e7\u0131kart\u0131lmalar\u0131na destek oluyorduk. Mahk\u00fbmlara ilk m\u00fcdahaleyi Ankara Jandarma Komando \u00d6zel Asayi\u015f Komutanl\u0131\u011f\u0131 Birli\u011fi\u2019nden (J\u00d6AK) g\u00f6nderilen ve tam olarak nereden geldi\u011fini bilmedi\u011fim ba\u015fka personel, ate\u015fli silahlarla yapt\u0131.<\/p>\n<p style=\"text-align: justify;\">Ayaklar\u0131ndan vurdular: M\u00fcdahale esnas\u0131nda koridorda g\u00f6rd\u00fckleri tutuklu ve h\u00fck\u00fcml\u00fcler ka\u00e7malar\u0131n\u0131 ve kar\u015f\u0131 koymalar\u0131n\u0131 engellemek amac\u0131yla ayaklar\u0131ndan vurularak teslim al\u0131nd\u0131. \u0130\u00e7eride bulunan tutuklu veya h\u00fck\u00fcml\u00fcler ko\u011fu\u015flar\u0131na kendilerini kilitleyerek g\u00fcvenlik g\u00fc\u00e7lerine kar\u015f\u0131 koymu\u015flard\u0131r.<\/p>\n<p style=\"text-align: justify;\">Bilmedi\u011fim bir gaz at\u0131ld\u0131: Ko\u011fu\u015f kap\u0131lar\u0131 de\u011fi\u015fik y\u00f6ntemlerle i\u00e7eriden kaynak yap\u0131larak kapat\u0131ld\u0131\u011f\u0131 i\u00e7in \u00f6zel te\u00e7hizatlarla kap\u0131lar kesildi. Yukar\u0131da belirtmi\u015f oldu\u011fum birliklerce cezaevi duvarlar\u0131 ve tavanlar\u0131 delinerek ko\u011fu\u015flara mahiyetini bilmedi\u011fim ve envanterimizde bulunmayan de\u011fi\u015fik gaz bombalar\u0131yla m\u00fcdahale edildi. Uzun s\u00fcredir te\u015fkilat i\u00e7inde bulunuyor olmama ra\u011fmen daha \u00f6nceden hi\u00e7 g\u00f6rmemi\u015f oldu\u011fum \u00f6zel otomatik tabancalarla m\u00fcdahale yap\u0131lm\u0131\u015ft\u0131r.<\/p>\n<p style=\"text-align: justify;\">Kap\u0131y\u0131 a\u00e7mad\u0131k: Bayan mahk\u00fbmlar ko\u011fu\u015f kap\u0131lar\u0131na vurarak teslim olmak istediklerini s\u00f6yleyip kap\u0131y\u0131 a\u00e7mam\u0131z\u0131 istedi. Amirlerimizden bir emir almad\u0131\u011f\u0131m\u0131z i\u00e7in m\u00fcdahale edemedik. K\u0131sa bir s\u00fcre sonra yang\u0131n \u00e7\u0131kt\u0131. Yang\u0131na m\u00fcdahale etmemiz m\u00fcmk\u00fcn de\u011fildi. \u0130tfaiye ekipleri de m\u00fcdahalede bulunmad\u0131. Operasyon bitti\u011finde kad\u0131nlar\u0131n k\u00f6m\u00fcrle\u015fmi\u015f derecede yand\u0131klar\u0131n\u0131 g\u00f6rd\u00fcm. Yanan \u015fah\u0131slar yatak ve yorganlardan uzak noktalarda hayatlar\u0131n\u0131 kaybetmi\u015flerdi.<\/p>\n<p style=\"text-align: justify;\">Benzinli battaniye: Uzun y\u0131llar sonra de\u011fi\u015fik birliklerde kar\u015f\u0131la\u015ft\u0131\u011f\u0131m baz\u0131 r\u00fctbeli arkada\u015flar ko\u011fu\u015fta yang\u0131n \u00e7\u0131kt\u0131ktan sonra yard\u0131m isteyenlere \u201csizi kurtarmak i\u00e7in ya\u015f battaniyeler at\u0131yoruz, bunlara sar\u0131l\u0131n ve kendinizi koruyun\u201d diyerek battaniye att\u0131klar\u0131n\u0131 , fakat battaniyelere su de\u011fil, yan\u0131c\u0131 madde d\u00f6kt\u00fcklerini, yanmay\u0131 h\u0131zland\u0131rd\u0131klar\u0131n\u0131 sohbetimizde beyan etmi\u015flerdir.<\/p>\n<p style=\"text-align: justify;\"><strong>\u2018Bizi yakt\u0131lar\u2019 demi\u015flerdi<\/strong><\/p>\n<p style=\"text-align: justify;\">Bayrampa\u015fa Cezaevi\u2019nde 12 ki\u015finin \u00f6ld\u00fc\u011f\u00fc operasyonda C-1 ko\u011fu\u015funda bulunan alt\u0131 kad\u0131ndan be\u015fi yanarak, birisi de duman ve gazdan zehirlenerek \u00f6lm\u00fc\u015ft\u00fc. O d\u00f6nem yetkililer \u201cKendilerini yakt\u0131lar\u201d dese de yaral\u0131 kad\u0131n tutuklular arkada\u015flar\u0131n\u0131n askerlerce tavana a\u00e7\u0131lan deliklerden \u00fczerlerine bir s\u0131v\u0131 serpildikten sonra yak\u0131ld\u0131\u011f\u0131n\u0131 s\u00f6ylemi\u015fti. Operasyonda yananlardan Hacer Ar\u0131kan, \u015funlar\u0131 s\u00f6ylemi\u015fti: \u201c\u00d6nce \u00e7\u0131k\u0131\u015f noktam\u0131zda yatak yak\u0131ld\u0131 ve tavandan bir hortumla i\u00e7eriye bir madde b\u0131rak\u0131ld\u0131. Ben halen o madde neydi, hangi maddeyle yand\u0131m bilmiyorum. Biz C-1 ko\u011fu\u015funda 27 bayand\u0131k. Arkada\u015flar\u0131m \u00f6ld\u00fc ve ko\u011fu\u015ftan en son \u00e7\u0131kart\u0131lan bendim. Ortada bir isyan yok. F tipi cezaevlerine kar\u015f\u0131 yap\u0131lan \u00f6l\u00fcm orucu eylemleri vard\u0131.\u201d<\/p>\n<p style=\"text-align: justify;\"><strong>Neden \u015fimdi konu\u015ftu?<\/strong><\/p>\n<p style=\"text-align: justify;\">A.S. Bak\u0131rk\u00f6y 13. A\u011f\u0131r Ceza Mahkemesi\u2019nin talimat\u0131yla Van\u2019da verdi\u011fi ifadesinde neden \u015fimdi konu\u015ftu\u011funu da \u015fu c\u00fcmlelerle dile getirdi: \u201c\u00dczerinden 11 y\u0131l gibi bir s\u00fcre ge\u00e7mesine ra\u011fmen herhangi bir \u015fekilde ifademize ba\u015fvurulmam\u0131\u015f olmas\u0131 beni bu konuda ifade vermeye ve do\u011fru bildiklerimi s\u00f6ylemeye mecbur b\u0131rakm\u0131\u015ft\u0131r. Davayla ilgili bildi\u011fim bilgim ve g\u00f6rg\u00fcm bundan ibarettir.\u201d<\/p>\n<p style=\"text-align: justify;\"><a href=\"http:\/\/www.radikal.com.tr\/Radikal.aspx?aType=RadikalDetayV3&amp;ArticleID=1057645&amp;Date=26.07.2011&amp;CategoryID=77\" target=\"_blank\">Kaynak : Radikal.com.tr<\/a><\/p>\n","protected":false},"excerpt":{"rendered":"<p style=\"text-align: center;\">\n<p style=\"text-align: justify;\">&#8216;Tufan&#8217; operasyonuna kat\u0131lan eski askerin ifadeleri dava dosyas\u0131na girdi. Askerin anlatt\u0131klar\u0131, &#8220;Bizi yakt\u0131lar&#8221; diyen mahk\u00fbmlar\u0131 do\u011fruluyor.<\/p>\n<p style=\"text-align: justify;\">Hayata D\u00f6n\u00fc\u015f Operasyonu\u2019nun \u2018Tufan\u2019 ad\u0131 konulan 12 tutuklunun \u00f6ld\u00fc\u011f\u00fc Bayrampa\u015fa Cezaevi\u2019ne y\u00f6nelik aya\u011f\u0131nda, ilk kez operasyonda g\u00f6rev alan bir asker taraf\u0131ndan, g\u00fcvenlik g\u00fc\u00e7lerince kas\u0131tl\u0131 bi\u00e7imde yak\u0131ld\u0131klar\u0131n\u0131 s\u00f6yleyen mahkumlar\u0131 do\u011frulayan bir tan\u0131k ifadesi <\/p>\n","protected":false},"author":1,"featured_media":0,"comment_status":"open","ping_status":"open","sticky":false,"template":"","format":"standard","meta":{"footnotes":""},"categories":[105],"tags":[],"class_list":["post-37290","post","type-post","status-publish","format-standard","hentry","category-gundem","odd"],"_links":{"self":[{"href":"http:\/\/www.korhanyilmaz.com\/index.php?rest_route=\/wp\/v2\/posts\/37290","targetHints":{"allow":["GET"]}}],"collection":[{"href":"http:\/\/www.korhanyilmaz.com\/index.php?rest_route=\/wp\/v2\/posts"}],"about":[{"href":"http:\/\/www.korhanyilmaz.com\/index.php?rest_route=\/wp\/v2\/types\/post"}],"author":[{"embeddable":true,"href":"http:\/\/www.korhanyilmaz.com\/index.php?rest_route=\/wp\/v2\/users\/1"}],"replies":[{"embeddable":true,"href":"http:\/\/www.korhanyilmaz.com\/index.php?rest_route=%2Fwp%2Fv2%2Fcomments&post=37290"}],"version-history":[{"count":0,"href":"http:\/\/www.korhanyilmaz.com\/index.php?rest_route=\/wp\/v2\/posts\/37290\/revisions"}],"wp:attachment":[{"href":"http:\/\/www.korhanyilmaz.com\/index.php?rest_route=%2Fwp%2Fv2%2Fmedia&parent=37290"}],"wp:term":[{"taxonomy":"category","embeddable":true,"href":"http:\/\/www.korhanyilmaz.com\/index.php?rest_route=%2Fwp%2Fv2%2Fcategories&post=37290"},{"taxonomy":"post_tag","embeddable":true,"href":"http:\/\/www.korhanyilmaz.com\/index.php?rest_route=%2Fwp%2Fv2%2Ftags&post=37290"}],"curies":[{"name":"wp","href":"https:\/\/api.w.org\/{rel}","templated":true}]}}