{"id":37283,"date":"2010-10-05T16:50:31","date_gmt":"2010-10-05T13:50:31","guid":{"rendered":"http:\/\/www.korhanyilmaz.com\/?p=37283"},"modified":"2011-07-26T12:23:23","modified_gmt":"2011-07-26T09:23:23","slug":"askerden-amirallere-suikast-davasina-takipsizlik","status":"publish","type":"post","link":"http:\/\/www.korhanyilmaz.com\/?p=37283","title":{"rendered":"Askerden amirallere suikast davas\u0131na takipsizlik"},"content":{"rendered":"<p style=\"text-align: center;\"><a href=\"http:\/\/www.korhanyilmaz.com\/wp-content\/uploads\/2011\/07\/2006.jpeg\"  class=\"lightview\"><img loading=\"lazy\" decoding=\"async\" class=\"aligncenter size-full wp-image-37280\" src=\"http:\/\/www.korhanyilmaz.com\/wp-content\/uploads\/2011\/07\/2006.jpeg\" alt=\"\" width=\"324\" height=\"230\" \/><\/a><\/p>\n<p style=\"text-align: justify;\">Askeri savc\u0131l\u0131k &#8216;Amirallere Suikast&#8217; soru\u015fturmas\u0131n\u0131 tamamlad\u0131. \u0130ki amirali \u00f6ld\u00fcrmeye te\u015febb\u00fcsle su\u00e7lanan te\u011fmenler Faruk Ak\u0131n ve Sinan Efe Noyan hakk\u0131nda delil yetersizli\u011finden takipsizlik karar\u0131 verildi. Noyan ve Ak\u0131n \u0130stanbul 12. A\u011f\u0131r Ceza Mahkmesi&#8217;nde g\u00f6r\u00fclen ve Poyrazk\u00f6y davas\u0131&#8221;yla birle\u015fen &#8216;Amirallere Suikast Davas\u0131&#8217;n\u0131n tutuklu san\u0131klar\u0131 aras\u0131nda.<!--more--><\/p>\n<p style=\"text-align: justify;\">Poyrazk\u00f6y davas\u0131 ile birle\u015ftirilen \u2018amirallere suikast davas\u0131\u2019n\u0131n tutuklu san\u0131klar\u0131 te\u011fmenler Faruk Ak\u0131n ve Sinan Efe Noyan hakk\u0131nda G\u00f6lc\u00fck Donanma Komutanl\u0131\u011f\u0131 Askeri Savc\u0131l\u0131\u011f\u0131\u2019nca \u201ciki amiri \u00f6ld\u00fcrmeye te\u015febb\u00fcs ve askeri e\u015fyay\u0131 gizlemek&#8221; su\u00e7lamas\u0131yla y\u00fcr\u00fct\u00fclen soru\u015fturma tamamland\u0131.<\/p>\n<p style=\"text-align: justify;\"><strong>TE\u011eMENLERE TAK\u0130PS\u0130ZL\u0130K KARARI<\/strong><\/p>\n<p style=\"text-align: justify;\">Askeri savc\u0131l\u0131k karar\u0131nda, te\u011fmenler Faruk Ak\u0131n ve Sinan Efe Noyan\u2019\u0131n, Eski Deniz Kuvvetleri Komutan\u0131 Oramiral Metin Ata\u00e7 ile \u015fimdiki Deniz Kuvvetleri Komutan\u0131 Ormairal E\u015fref U\u011fur Yi\u011fit&#8217;e y\u00f6nelik suikast d\u00fczenleyeceklerine ili\u015fkin hi\u00e7bir delilin bulunamad\u0131\u011f\u0131n\u0131 belirtti. Te\u011fmenler hakk\u0131ndaki soru\u015fturmaya konu olan di\u011fer su\u00e7lama ise \u2018Askeri e\u015fyay\u0131 gizlemekti.&#8217; Askeri savc\u0131l\u0131k bu konuda da herhangi bir delil bulamad\u0131. G\u00f6lc\u00fck Donanma Komutanl\u0131\u011f\u0131 Askeri Savc\u0131l\u0131\u011f\u0131 \u201ciki amiri \u00f6ld\u00fcrmeye te\u015febb\u00fcs ve askeri e\u015fyay\u0131 gizlemek&#8221; su\u00e7lar\u0131ndan te\u011fmenler hakk\u0131nda y\u00fcr\u00fctt\u00fc\u011f\u00fc soru\u015fturmada \u2018delil bulunamad\u0131\u011f\u0131n\u0131\u2019 belirterek takipsizlik karar\u0131 verdi. Soru\u015fturma dosyas\u0131 delil bulunamad\u0131\u011f\u0131ndan, takipsizlik karar\u0131 verilerek kapat\u0131ld\u0131.<\/p>\n<p style=\"text-align: justify;\"><a href=\"http:\/\/www.radikal.com.tr\/Radikal.aspx?aType=RadikalDetayV3&amp;ArticleID=1022277&amp;CategoryID=77\" target=\"_blank\">Kaynak : Radikal.com.tr<\/a><\/p>\n","protected":false},"excerpt":{"rendered":"<p style=\"text-align: center;\">\n<p style=\"text-align: justify;\">Askeri savc\u0131l\u0131k &#8216;Amirallere Suikast&#8217; soru\u015fturmas\u0131n\u0131 tamamlad\u0131. \u0130ki amirali \u00f6ld\u00fcrmeye te\u015febb\u00fcsle su\u00e7lanan te\u011fmenler Faruk Ak\u0131n ve Sinan Efe Noyan hakk\u0131nda delil yetersizli\u011finden takipsizlik karar\u0131 verildi. Noyan ve Ak\u0131n \u0130stanbul 12. A\u011f\u0131r Ceza Mahkmesi&#8217;nde g\u00f6r\u00fclen ve Poyrazk\u00f6y davas\u0131&#8221;yla birle\u015fen &#8216;Amirallere Suikast Davas\u0131&#8217;n\u0131n tutuklu san\u0131klar\u0131 aras\u0131nda.<\/p>\n","protected":false},"author":1,"featured_media":0,"comment_status":"open","ping_status":"open","sticky":false,"template":"","format":"standard","meta":{"footnotes":""},"categories":[105],"tags":[274],"class_list":["post-37283","post","type-post","status-publish","format-standard","hentry","category-gundem","tag-amirallere-suikast","odd"],"_links":{"self":[{"href":"http:\/\/www.korhanyilmaz.com\/index.php?rest_route=\/wp\/v2\/posts\/37283","targetHints":{"allow":["GET"]}}],"collection":[{"href":"http:\/\/www.korhanyilmaz.com\/index.php?rest_route=\/wp\/v2\/posts"}],"about":[{"href":"http:\/\/www.korhanyilmaz.com\/index.php?rest_route=\/wp\/v2\/types\/post"}],"author":[{"embeddable":true,"href":"http:\/\/www.korhanyilmaz.com\/index.php?rest_route=\/wp\/v2\/users\/1"}],"replies":[{"embeddable":true,"href":"http:\/\/www.korhanyilmaz.com\/index.php?rest_route=%2Fwp%2Fv2%2Fcomments&post=37283"}],"version-history":[{"count":0,"href":"http:\/\/www.korhanyilmaz.com\/index.php?rest_route=\/wp\/v2\/posts\/37283\/revisions"}],"wp:attachment":[{"href":"http:\/\/www.korhanyilmaz.com\/index.php?rest_route=%2Fwp%2Fv2%2Fmedia&parent=37283"}],"wp:term":[{"taxonomy":"category","embeddable":true,"href":"http:\/\/www.korhanyilmaz.com\/index.php?rest_route=%2Fwp%2Fv2%2Fcategories&post=37283"},{"taxonomy":"post_tag","embeddable":true,"href":"http:\/\/www.korhanyilmaz.com\/index.php?rest_route=%2Fwp%2Fv2%2Ftags&post=37283"}],"curies":[{"name":"wp","href":"https:\/\/api.w.org\/{rel}","templated":true}]}}