{"id":37279,"date":"2011-07-26T10:27:49","date_gmt":"2011-07-26T07:27:49","guid":{"rendered":"http:\/\/www.korhanyilmaz.com\/?p=37279"},"modified":"2011-07-26T12:21:28","modified_gmt":"2011-07-26T09:21:28","slug":"amirallere-suikast-sorusturmasinda-iddianame-hazir","status":"publish","type":"post","link":"http:\/\/www.korhanyilmaz.com\/?p=37279","title":{"rendered":"&#8216;Amirallere suikast&#8217; soru\u015fturmas\u0131nda iddianame haz\u0131r"},"content":{"rendered":"<p style=\"text-align: justify;\"><a href=\"http:\/\/www.korhanyilmaz.com\/wp-content\/uploads\/2011\/07\/2006.jpeg\"  class=\"lightview\"><img loading=\"lazy\" decoding=\"async\" class=\"aligncenter size-full wp-image-37280\" src=\"http:\/\/www.korhanyilmaz.com\/wp-content\/uploads\/2011\/07\/2006.jpeg\" alt=\"\" width=\"324\" height=\"230\" \/><\/a><\/p>\n<p style=\"text-align: justify;\">&#8220;Amirallere suikast soru\u015fturmas\u0131&#8221; kapsam\u0131nda Deniz Kuvvetleri Komutanl\u0131\u011f\u0131 Kurmay Ba\u015fkan\u0131 Koramiral Deniz Cora&#8217;n\u0131n 15 y\u0131la kadar hapsi istenen ikinci iddianame haz\u0131rland\u0131.<\/p>\n<p style=\"text-align: justify;\">\u0130ddianamede, a\u00e7\u0131lacak davan\u0131n \u0130stanbul 12. A\u011f\u0131r Ceza Mahkemesi\u2019nde g\u00f6r\u00fclen Poyrazk\u00f6y davas\u0131 ile birle\u015ftirmesi talep edildi. G\u00f6lc\u00fck Donanma Komutanl\u0131\u011f\u0131 \u0130stihbarat \u015eube M\u00fcd\u00fcrl\u00fc\u011f\u00fc\u2019nde yap\u0131lan aramalarda ele ge\u00e7irilen belgelerde, eski Deniz Kuvvetleri Komutan\u0131 Oramiral Metin Ata\u00e7 ile \u015fimdiki Deniz Kuvvetleri Komutan\u0131 Oramiral E\u015fref U\u011fur Yi\u011fit\u2019e suikast iddias\u0131na y\u00f6nelik y\u00fcr\u00fct\u00fclen &#8220;Amirallere Suikast&#8221; soru\u015fturmas\u0131n\u0131n devam\u0131 niteli\u011finde notlar bulundu\u011fu iddia edilmi\u015fti. Bu notlara ili\u015fkin soru\u015fturma y\u00fcr\u00fcten \u00f6zel yetkili \u0130stanbul Cumhuriyet Savc\u0131s\u0131 Salim Duran, ikinci iddianameyi tamamlad\u0131. <!--more--><\/p>\n<p style=\"text-align: justify;\">Soru\u015fturma kapsam\u0131nda haz\u0131rlanan iddianamede Deniz Kuvvetleri Komutanl\u0131\u011f\u0131 Kurmay Ba\u015fkan\u0131 Koramiral Deniz Cora ile Albay \u00dcmit Metin \u015f\u00fcpheli olarak yer ald\u0131. \u0130stanbul 12. A\u011f\u0131r Ceza Mahkemesi\u2019nde g\u00f6r\u00fclen Poyrazk\u00f6y davas\u0131yla birle\u015ftirilmesi talep edilen iddianamede \u015f\u00fcpheliler Deniz Cora ve \u00dcmit Metin\u2019in &#8220;Ergenekon ter\u00f6r \u00f6rg\u00fct\u00fcne \u00fcye olmak&#8221; su\u00e7undan 7,5 y\u0131ldan 15 y\u0131la kadar hapisle cezaland\u0131r\u0131lmas\u0131 istendi. \u0130ddianamenin g\u00f6nderildi\u011fi mahkeme 15 g\u00fcn i\u00e7inde iddianamenin kabul\u00fc veya reddi y\u00f6n\u00fcnde karar verecek.<\/p>\n<p style=\"text-align: justify;\"><strong>CORA TAL\u0130MATLA ANKARA\u2019DA \u0130FADE VERM\u0130\u015eT\u0130<\/strong><\/p>\n<p style=\"text-align: justify;\">Soru\u015fturma kapsam\u0131nda Koramiral Deniz Cora\u2019n\u0131n &amp;lsquo;\u015f\u00fcpheli\u2019 s\u0131fat\u0131yla ifade vermi\u015fti. \u00d6zel yetkili savc\u0131 Salim Duran\u2019\u0131n talimat\u0131 \u00fczerine Cora, Ankara Cumhuriyet Ba\u015fsavc\u0131l\u0131\u011f\u0131\u2019nda sorgulanm\u0131\u015ft\u0131. Albay \u00dcmit Metin ise soru\u015fturma kapsam\u0131nda 27 May\u0131s 2011 tarihinde Be\u015fikta\u015f\u2019taki \u0130stanbul Adliyesi\u2019nde Savc\u0131 Salim Duran\u2019a ifade vermi\u015fti. Albay \u00dcmit Metin ifadesinin ard\u0131ndan sevk edildi\u011fi n\u00f6bet\u00e7i mahkemece tutuklanm\u0131\u015ft\u0131.<\/p>\n<p style=\"text-align: justify;\"><strong>AM\u0130RALLERE SU\u0130KAST DAVASI POYRAZK\u00d6Y \u0130LE B\u0130RLE\u015eT\u0130<\/strong><\/p>\n<p style=\"text-align: justify;\">\u0130stanbul Narkotik Polisi, gelen bir ihbar \u00fczerine Kocaeli G\u00f6lc\u00fck ve \u0130stanbul Bah\u00e7elievler\u2019deki baz\u0131 adreslere e\u015f zamanl\u0131 operasyon d\u00fczenledi. Adreslerde uyu\u015fturucu aramas\u0131 yapan Narkotik polisi, yakla\u015f\u0131k 500 gram TNT patlay\u0131c\u0131 madde bulunca bu kez \u0130stanbul Ter\u00f6r Polisi devreye girdi. Ele ge\u00e7irilen belgeler ve bilgisayarlarda yap\u0131lan incelemelerde bulunan patlay\u0131c\u0131larla Deniz Kuvvetleri\u2019nde g\u00f6revli Oramiral Metin Ata\u00e7 ve Donanma Komutan\u0131 E\u015fref U\u011fur Yi\u011fit\u2019e suikast haz\u0131rl\u0131\u011f\u0131nda oldu\u011fu iddia edildi. Bu iddialarla ilgili a\u00e7\u0131lan 19 san\u0131kl\u0131 dava, Poyrazk\u00f6y davas\u0131yla birle\u015ftirildi. Dava halen \u0130stanbul 12. A\u011f\u0131r Ceza Mahkemesi\u2019nde g\u00f6r\u00fclmesine devam ediliyor.<\/p>\n<p style=\"text-align: justify;\"><a href=\"http:\/\/www.radikal.com.tr\/Radikal.aspx?aType=RadikalDetayV3&amp;ArticleID=1057672&amp;Date=26.07.2011&amp;CategoryID=77\" target=\"_blank\">Kaynak : Radikal.com.tr<\/a><\/p>\n","protected":false},"excerpt":{"rendered":"<p style=\"text-align: justify;\">\n<p style=\"text-align: justify;\">&#8220;Amirallere suikast soru\u015fturmas\u0131&#8221; kapsam\u0131nda Deniz Kuvvetleri Komutanl\u0131\u011f\u0131 Kurmay Ba\u015fkan\u0131 Koramiral Deniz Cora&#8217;n\u0131n 15 y\u0131la kadar hapsi istenen ikinci iddianame haz\u0131rland\u0131.<\/p>\n<p style=\"text-align: justify;\">\u0130ddianamede, a\u00e7\u0131lacak davan\u0131n \u0130stanbul 12. A\u011f\u0131r Ceza Mahkemesi\u2019nde g\u00f6r\u00fclen Poyrazk\u00f6y davas\u0131 ile birle\u015ftirmesi talep edildi. G\u00f6lc\u00fck Donanma Komutanl\u0131\u011f\u0131 \u0130stihbarat \u015eube M\u00fcd\u00fcrl\u00fc\u011f\u00fc\u2019nde yap\u0131lan aramalarda ele ge\u00e7irilen belgelerde, eski Deniz <\/p>\n","protected":false},"author":1,"featured_media":0,"comment_status":"open","ping_status":"open","sticky":false,"template":"","format":"standard","meta":{"footnotes":""},"categories":[105],"tags":[274],"class_list":["post-37279","post","type-post","status-publish","format-standard","hentry","category-gundem","tag-amirallere-suikast","odd"],"_links":{"self":[{"href":"http:\/\/www.korhanyilmaz.com\/index.php?rest_route=\/wp\/v2\/posts\/37279","targetHints":{"allow":["GET"]}}],"collection":[{"href":"http:\/\/www.korhanyilmaz.com\/index.php?rest_route=\/wp\/v2\/posts"}],"about":[{"href":"http:\/\/www.korhanyilmaz.com\/index.php?rest_route=\/wp\/v2\/types\/post"}],"author":[{"embeddable":true,"href":"http:\/\/www.korhanyilmaz.com\/index.php?rest_route=\/wp\/v2\/users\/1"}],"replies":[{"embeddable":true,"href":"http:\/\/www.korhanyilmaz.com\/index.php?rest_route=%2Fwp%2Fv2%2Fcomments&post=37279"}],"version-history":[{"count":0,"href":"http:\/\/www.korhanyilmaz.com\/index.php?rest_route=\/wp\/v2\/posts\/37279\/revisions"}],"wp:attachment":[{"href":"http:\/\/www.korhanyilmaz.com\/index.php?rest_route=%2Fwp%2Fv2%2Fmedia&parent=37279"}],"wp:term":[{"taxonomy":"category","embeddable":true,"href":"http:\/\/www.korhanyilmaz.com\/index.php?rest_route=%2Fwp%2Fv2%2Fcategories&post=37279"},{"taxonomy":"post_tag","embeddable":true,"href":"http:\/\/www.korhanyilmaz.com\/index.php?rest_route=%2Fwp%2Fv2%2Ftags&post=37279"}],"curies":[{"name":"wp","href":"https:\/\/api.w.org\/{rel}","templated":true}]}}