{"id":37259,"date":"2011-07-25T16:32:30","date_gmt":"2011-07-25T13:32:30","guid":{"rendered":"http:\/\/www.korhanyilmaz.com\/?p=37259"},"modified":"2011-07-26T03:41:01","modified_gmt":"2011-07-26T00:41:01","slug":"demirtas-yeni-anayasa-calismalarinda-aktif-rol-almak-istiyoruz","status":"publish","type":"post","link":"http:\/\/www.korhanyilmaz.com\/?p=37259","title":{"rendered":"Demirta\u015f: Yeni anayasa \u00e7al\u0131\u015fmalar\u0131nda aktif rol almak istiyoruz"},"content":{"rendered":"<p style=\"text-align: center;\"><a href=\"http:\/\/www.korhanyilmaz.com\/wp-content\/uploads\/2011\/07\/2002.jpeg\"  class=\"lightview\"><img loading=\"lazy\" decoding=\"async\" class=\"aligncenter size-full wp-image-37260\" src=\"http:\/\/www.korhanyilmaz.com\/wp-content\/uploads\/2011\/07\/2002.jpeg\" alt=\"\" width=\"360\" height=\"241\" \/><\/a><\/p>\n<p style=\"text-align: justify;\">Van&#8217;da BDP milletvekillerinin sona eren 4 g\u00fcnl\u00fck toplant\u0131s\u0131n\u0131 de\u011ferlendiren Grup Ba\u015fkan\u0131 Selahattin Demirta\u015f, ana g\u00fcndem maddelerini yeni anayasa \u00e7al\u0131\u015fmalar\u0131n\u0131n olu\u015fturdu\u011funu s\u00f6yledi.<\/p>\n<p style=\"text-align: justify;\">VAN \u2013 Demirta\u015f, TBMM\u2019de yemin edip-etmeyeceklerinin sorulmas\u0131 \u00fczerine parlamentonun halen kapal\u0131 oldu\u011funu hat\u0131rlatarak, &#8220;Yemin ile ilgili halen arkada\u015flar\u0131m\u0131z g\u00f6r\u00fc\u015fmelerini s\u00fcrd\u00fcr\u00fcyor&#8221; dedi.<!--more--><\/p>\n<p style=\"text-align: justify;\">Per\u015fembe g\u00fcn\u00fc Van\u2019a gelen ve Van G\u00f6l\u00fc k\u0131y\u0131s\u0131nda bulunan Edremit \u0130l\u00e7esi\u2019ndeki turistik Merit Otel\u2019e yerle\u015fen BDP grubunun toplant\u0131s\u0131 sona erdi. Sabah saatlerinde yap\u0131lan de\u011ferlendirme toplant\u0131s\u0131 ard\u0131ndan \u00f6\u011fle saatlerinde BDP Grup Ba\u015fkan\u0131 Selahatin Demirta\u015f toplant\u0131ya kat\u0131lan milletvekilleri ile birlikte bas\u0131n toplant\u0131s\u0131 d\u00fczenledi. Demirta\u015f, toplant\u0131da ele ald\u0131klar\u0131 konularla ilgili bilgi verdi. Demirta\u015f en \u00f6nemli g\u00fcndem maddelerinden birinin yeni anayasa oldu\u011funu s\u00f6yledi.<\/p>\n<p style=\"text-align: justify;\"><strong>TAT\u0130L YOK<\/strong><\/p>\n<p style=\"text-align: justify;\">Demirta\u015f, 4 g\u00fcn boyunca se\u00e7im \u00f6ncesi ve sonras\u0131nda T\u00fcrkiye\u2019deki en \u00f6nemli siyasal geli\u015fmeleri ve se\u00e7im beyannamesi \u00e7er\u00e7evesinde T\u00fcrkiye\u2019nin temel sonlar\u0131na \u00e7\u00f6z\u00fcm \u00fcretecek aktif politikalar\u0131 nas\u0131l hayata ge\u00e7irebileceklerini tart\u0131\u015ft\u0131klar\u0131n\u0131 anlatt\u0131. Demirta\u015f, \u015f\u00f6yle dedi:<\/p>\n<p style=\"text-align: justify;\">&#8220;Her birimiz a\u00e7\u0131s\u0131ndan verimli bir \u00e7al\u0131\u015fma oldu. B\u00f6ylesi bir yak\u0131c\u0131 s\u00fcre\u00e7te, bu kadar yo\u011fun bir g\u00fcndem i\u00e7erisinde \u00f6n\u00fcm\u00fczdeki d\u00f6nemi daha verimli planlay\u0131p, her saati, her g\u00fcn\u00fc \u00e7\u00f6z\u00fcm \u00fcretme \u00e7abas\u0131yla ge\u00e7irmek i\u00e7in yaz tatili boyunca da \u00e7al\u0131\u015fmalar\u0131m\u0131z\u0131 grup toplant\u0131lar\u0131m\u0131z\u0131 s\u00fcrd\u00fcrece\u011fimiz ifade etmek istiyorum. M\u00fcmk\u00fcn oldu\u011fu kadar s\u0131k periyotlarda bir araya gelece\u011fiz. \u00c7\u00f6z\u00fcm \u00f6nerilirini de halkla payla\u015faca\u011f\u0131z. Bu yaz boyunca tatil olmadan arkada\u015flar\u0131m\u0131z \u00e7al\u0131\u015fmalar\u0131n\u0131 s\u00fcrd\u00fcrecek.&#8221;<\/p>\n<p style=\"text-align: justify;\"><strong>YEN\u0130 ANAYASA HAYAT\u0130 \u00d6NEM TA\u015eIYOR<\/strong><\/p>\n<p style=\"text-align: justify;\">Demirta\u015f, 4 g\u00fcnl\u00fck toplant\u0131 s\u00fcresince \u00f6ncelikle yeni anayasa tart\u0131\u015fmalar\u0131 kapsam\u0131nda blok olarak bug\u00fcne kadar s\u00fcrd\u00fcrd\u00fckleri belli bir \u00e7al\u0131\u015fma d\u00fczeyi oldu\u011funu anlat\u0131rken \u015f\u00f6yle konu\u015ftu:<\/p>\n<p style=\"text-align: justify;\">&#8220;Bundan sonra yeni anayasa ile ilgili nas\u0131l \u00e7al\u0131\u015fmalar yapaca\u011f\u0131m\u0131z\u0131, ne t\u00fcr katk\u0131lar sunaca\u011f\u0131m\u0131z\u0131, \u00e7al\u0131\u015fmalar\u0131 nas\u0131l s\u00fcrd\u00fcrece\u011fimizi tart\u0131\u015ft\u0131k. Bunu son derece \u00f6nemli hayati bir konu olarak de\u011ferlendiriyoruz. En nihayetinde bu \u00fclkede t\u00fcm sorunlar \u00e7\u00f6z\u00fclecekse, demokratik, \u00f6zg\u00fcrl\u00fck\u00e7\u00fc, sivil bir anayasa ile \u00e7\u00f6z\u00fclebilir. Bizler de bu anayasa tart\u0131\u015fmalar\u0131nda aktif \u00f6nc\u00fc bir rol almak istiyoruz. Bug\u00fcne kadar T\u00fcrkiye\u2019de yap\u0131labilmi\u015f en g\u00fc\u00e7l\u00fc anayasa yapma zeminini in\u015fa zeminine bizler ge\u00e7mi\u015fte hep birlikte y\u00fcr\u00fctm\u00fc\u015f, s\u00fcrd\u00fcrm\u00fc\u015ft\u00fck. Anayasa meclisleri, platformlar\u0131 b\u00fct\u00fcn bu tart\u0131\u015fmalar son derece g\u00fc\u00e7l\u00fc veriler ortaya \u00e7\u0131karm\u0131\u015ft\u0131. G\u00fc\u00e7l\u00fc sonu\u00e7lar ortaya \u00e7\u0131karm\u0131\u015ft\u0131. Bu sonu\u00e7lar\u0131 da dikkate alarak \u015fu saatten itibaren anayasa haz\u0131rl\u0131k \u00e7al\u0131\u015fmalar\u0131n\u0131 somut bir \u015fekilde halk\u0131m\u0131zla payla\u015farak her yerde tart\u0131\u015fmalar\u0131 sokaklarda, meydan, panel, konferanslarda s\u00fcrd\u00fcrerek, ayn\u0131 zamanda tasla\u011fa d\u00f6n\u00fc\u015fecek \u015fekilde \u00e7al\u0131\u015fmay\u0131 da y\u00fcr\u00fcterek anayasa \u00e7al\u0131\u015fmalar\u0131na g\u00fc\u00e7l\u00fc bir kat\u0131l\u0131m g\u00f6sterece\u011fiz. T\u00fcrkiye\u2019deki demokrasi bile\u015fenleri ile bu anayasada olmas\u0131 gereken, asl\u0131nda yeni anayasan\u0131n yap\u0131lmas\u0131na ve tart\u0131\u015f\u0131lmas\u0131na vesile olan herkesi katarak en \u00f6zg\u00fcrl\u00fck\u00e7\u00fc anayasa tart\u0131\u015fmalar\u0131n\u0131 ve tasla\u011f\u0131n\u0131 \u00e7\u0131karmaya \u00e7al\u0131\u015faca\u011f\u0131z.&#8221;<\/p>\n<p style=\"text-align: justify;\"><strong>H\u00dcK\u00dcMET\u0130N G\u00d6STERD\u0130\u011e\u0130 YAKLA\u015eIM YETERS\u0130Z<\/strong><\/p>\n<p style=\"text-align: justify;\">Demirta\u015f, bu konuda blok milletvekilleri olarak h\u00fck\u00fcmetin g\u00f6sterdi\u011fi yakla\u015f\u0131m\u0131n da son derece yetersiz oldu\u011funu savundu. Demirta\u015f, yeni bir anayasa tart\u0131\u015fmadan \u00f6te, eskinin tekrar\u0131nda \u0131srar oldu\u011funu belirtmek istedi\u011fini anlat\u0131rken \u015f\u00f6yle konu\u015ftu:<\/p>\n<p style=\"text-align: justify;\">&#8220;T\u00fcrkiye\u2019de yeni bir anayasa tart\u0131\u015fmas\u0131 bug\u00fcn varsa eski, darbe anayasas\u0131n\u0131 t\u00fcmden \u00e7\u00f6pe atal\u0131m. \u2019Bu \u00fclkeye bu anayasa uygun de\u011fil\u2019 diyorsak, bunun en \u00f6nemli nedeni gerek\u00e7esi anayasan\u0131n tek\u00e7i zihniyetidir. H\u00fck\u00fcmet s\u00f6zc\u00fcleri, \u00f6zellikle say\u0131n Ba\u015fbakan, yapt\u0131\u011f\u0131 b\u00fct\u00fcn a\u00e7\u0131klamalarda tek\u00e7ilikten vaz ge\u00e7meyeceklerinnin alt\u0131n\u0131 \u00e7iziyor. Dolay\u0131s\u0131yla bir yandan tek\u00e7i zihniyetinin s\u00fcrece\u011fine dair \u0131srar, \u00f6te tarafta h\u00fck\u00fcmetin \u2019Yeni anayasay\u0131 yap\u0131yoruz\u2019 a\u00e7\u0131klamas\u0131 bir biriyle \u00e7eli\u015fiyor. E\u011fer tek\u00e7i zihniyet devam edecekse yap\u0131lacak anayasa; yeni anayasa olmaz. Dolay\u0131s\u0131yla bu \u00e7al\u0131\u015fmaya h\u00fck\u00fcmet, \u2019yeni anayasa \u00e7al\u0131\u015fmas\u0131 ba\u015flatt\u0131k\u2019 dememelidir. \u00d6n ko\u015fulsuz, \u00f6n yarg\u0131s\u0131z kesinlikle tek\u00e7i zihniyetin a\u015f\u0131laca\u011f\u0131n\u0131n da taahh\u00fcd\u00fcn\u00fc verilerek T\u00fcrkiye\u2019deki b\u00fct\u00fcn toplumsal kesimleri kendi dili ile kimli\u011fi, k\u00fclt\u00fcr\u00fc ile inanc\u0131yla T\u00fcrkiye\u2019de ya\u015famas\u0131 garantisi olacak bir anayasay\u0131 birlikte yapmayacaksak, kimse kusura bakmas\u0131n ama Kenan Evren anayasas\u0131n\u0131n 2011, 2012 versiyonuna biz anayasa demeyece\u011fiz.&#8221;<\/p>\n<p style=\"text-align: justify;\">Demirta\u015f, yeni anayasan\u0131n nas\u0131l olmas\u0131 gerekti\u011fini ve o in\u015fa s\u00fcrecinin kat\u0131l\u0131m s\u00fcrecinden nas\u0131l olmas\u0131 gerekti\u011finin BDP olarak ortaya koyacaklar\u0131n\u0131 bildirirken, uzla\u015fma, herkesi kucaklayacak, yeni bir anayasay\u0131 birlikte yapma konusunda da bir diyaloga, birlikte \u00e7al\u0131\u015fmaya a\u00e7\u0131k olacaklar\u0131n\u0131 anlatt\u0131. Selahattin Demirta\u015f, &#8220;H\u00fck\u00fcmetin bu tek\u00e7i anayasa anlay\u0131\u015f\u0131n\u0131 kesinlikle terketmesi gerekti\u011fini d\u00fc\u015f\u00fcn\u00fcyoruz. AKP h\u00fck\u00fcmetine AKP anayasa haz\u0131rl\u0131k komisyonuna da bunu \u00f6zellikle hat\u0131rlatmak istiyoruz&#8221; diye konu\u015ftu.<\/p>\n<p style=\"text-align: justify;\"><strong>\u00c7ATI PART\u0130S\u0130<\/strong><\/p>\n<p style=\"text-align: justify;\">\u00d6nemli \u00e7al\u0131\u015fmalardan birinin de \u2019Demokratik cumhuriyet\u2019in hayata ge\u00e7mesi, Cumhuriyetin demokratikle\u015fmesi perspektifi ile yola \u00e7\u0131kan blok hareketi oldu\u011funu anlatan Demirta\u015f, \u015f\u00f6yle dedi:<\/p>\n<p style=\"text-align: justify;\">&#8220;Bunun bir kongreye ve giderek bir siyasi partiye d\u00f6n\u00fc\u015fmesi \u00e7al\u0131\u015fmalar\u0131 zaten ba\u015flam\u0131\u015ft\u0131. Bu konuda bir komisyon kurulmu\u015ftu. Daha \u00f6nce \u00e7at\u0131 partisi olarak ifade edilen \u015fu anda kendini blok olarak ifade eden \u00e7al\u0131\u015fma bir kongre \u015feklinde \u00f6rg\u00fctleme \u00e7al\u0131\u015fmalar\u0131na aktif olarak ba\u015flam\u0131\u015ft\u0131r. Bizim T\u00fcrkiye\u2019nin genel demokrasi perspektifi ile ele ald\u0131\u011f\u0131m\u0131z bu \u00e7al\u0131\u015fmaya BDP olarak da hem b\u00fcy\u00fck bir destek sunaca\u011f\u0131m\u0131z\u0131 ve T\u00fcrkiye\u2019nin demokrasi \u00f6zg\u00fcrl\u00fck umudunun da bu \u00e7al\u0131\u015fmadan ge\u00e7ti\u011fini ifade ediyoruz. A\u00e7\u0131k ve g\u00fc\u00e7l\u00fc bir \u015fekilde irademizi arkam\u0131za koyuyoruz. Umut ediyoruz ki bu \u00e7al\u0131\u015fma ba\u015far\u0131lacak, somut bir \u015fekilde hayata ge\u00e7ecek ve T\u00fcrkiye hak etmi\u015f oldu\u011fu g\u00fc\u00e7l\u00fc muhalefet, halk \u00f6rg\u00fct\u00fcne, tabana dayal\u0131 bir halk hareketine kavu\u015facakt\u0131r. \u00d6n\u00fcm\u00fczdeki aylarda bu \u00e7al\u0131\u015fmalar somut bir \u00e7er\u00e7eveye kavu\u015funca arkada\u015flar\u0131m\u0131z sizi detayl\u0131 bilgilendireceklerdir. Ama biz \u00e7al\u0131\u015fmay\u0131 hayat bir \u00e7al\u0131\u015fma olarak tan\u0131ml\u0131yoruz.&#8221;<\/p>\n<p style=\"text-align: justify;\">Demokratik cumhuriyetin bir par\u00e7as\u0131, bir aya\u011f\u0131 olarak g\u00f6rd\u00fckleri \u2019Demokratik \u00d6zerklik\u2019 konusunda da \u00e7al\u0131\u015fma yapt\u0131klar\u0131n\u0131 bildiren BDP Grup Ba\u015fkan\u0131 Selahattin Demirta\u015f, bunun \u00f6nemli bir ba\u015fl\u0131k oldu\u011funu vurgulad\u0131. Demirta\u015f \u015f\u00f6yle konu\u015ftu:<\/p>\n<p style=\"text-align: justify;\"><strong>DEMOKRAT\u0130K \u00d6ZERKL\u0130K ME\u015eRU B\u0130R HAK<\/strong><\/p>\n<p style=\"text-align: justify;\">&#8220;Her \u015feyden \u00f6nce DTK\u2019n\u0131n ilan\u0131yla bir kez daha g\u00fcndeme gelen asl\u0131nda 6 y\u0131ll\u0131k \u00e7al\u0131\u015fma, projenin, tart\u0131\u015fman\u0131n \u00fcr\u00fcn\u00fc olan bi siyasi projeyi grup olarak da bir kez daha tart\u0131\u015ft\u0131k. Bir kez daha b\u00fct\u00fcn boyutlar\u0131yla bundan sonraki a\u015famalar\u0131n\u0131 ele ald\u0131k. En nihayetinde DTK\u2019n\u0131n ilan etmi\u015f oldu\u011fu Demokratik \u00d6zerkli\u011fi me\u015fru bir hak olarak g\u00f6rd\u00fc\u011f\u00fcm\u00fcz\u00fc ve bu hakk\u0131n hayata ge\u00e7ebilmesi anayasal yasal g\u00fcvenceye kavu\u015fabilmesi i\u00e7in de b\u00fct\u00fcn platformlarda, TBMM\u2019de \u00f6n\u00fcm\u00fczdeki d\u00f6nemlerde m\u00fccadele, gayretimizi s\u00fcrd\u00fcrece\u011fimiz ifade ediyoruz. \u0130lanla birlikte bir kez daha g\u00fcndeme gelen bu projeyi T\u00fcrkiye\u2019deki birli\u011fin ve b\u00fct\u00fcnl\u00fc\u011f\u00fcn teminat\u0131 olarak g\u00f6r\u00fcyoruz. Teklik dayatmas\u0131na kar\u015f\u0131, \u2019Hepiniz teksiniz tek olmak zorundas\u0131n\u0131z\u2019 dayatmas\u0131na kar\u015f\u0131 \u2019Demokratik me\u015fru bir refleks\u2019 olarak hak olarak g\u00f6r\u00fcyoruz. Hi\u00e7 kimse demokratik \u00f6zerkli\u011fi bir dayatma olarak alg\u0131lamamal\u0131d\u0131r. Tam tersine tek\u00e7i dayatmalara kar\u015f\u0131 son derece hakl\u0131 bir \u00e7\u0131k\u0131\u015f olarak alg\u0131lamal\u0131d\u0131r. Hi\u00e7 kimse demokratik \u00f6zerkli\u011fi T\u00fcrkiye\u2019de b\u00f6l\u00fcnmenin bir par\u00e7as\u0131, aya\u011f\u0131, giri\u015fimi olarak g\u00f6rmemelidir. Asl\u0131nda h\u00fck\u00fcmet ve h\u00fck\u00fcmetlerin uygulamalar\u0131 nedeni ile fiilen b\u00f6l\u00fcm\u00fcyle olan T\u00fcrkiye\u2019yi ger\u00e7ek anlamda g\u00f6n\u00fcll\u00fc birle\u015ftirecek b\u00fct\u00fcnle\u015ftirecek bir proje olarak g\u00f6rmelidir. Bu nedenle kimse T\u00fcrkiye\u2019nin \u015fu andakinden hele hele \u015fu lin\u00e7 sald\u0131r\u0131 ortam\u0131yla \u015fu kadar ayr\u0131mc\u0131 dil kullanan h\u00fck\u00fcmetin, politikac\u0131lar\u0131n oldu\u011fu bir d\u00f6nemde kimse T\u00fcrkiye\u2019yi \u015fu andakinden daha fazla b\u00f6lemez. Bizim yapt\u0131\u011f\u0131m\u0131z \u00e7al\u0131\u015fma b\u00fct\u00fcn T\u00fcrkiye i\u00e7in Demokratik \u00d6zerk y\u00f6netimler in\u015fa etmek olu\u015fturmak bu temelde halka b\u00fct\u00fcn bu projeleri anlatabilmek ve T\u00fcrkiye\u2019nin asl\u0131nda demokratik kurtulu\u015funun hem de demokratik g\u00f6n\u00fcll\u00fc birli\u011finin tek \u00e7\u0131kar yolunun bu oldu\u011funu ifade etmektir. Blo\u011fumuz bu konuda \u00f6n\u00fcm\u00fczdeki d\u00f6nemlerde yo\u011fun bir \u00e7aba sarf edecektir. \u00d6zellikle bu konuda spek\u00fclatif yakla\u015farak projeyi bo\u015fa \u00e7\u0131karmaya d\u00f6n\u00fck sanki bu bir b\u00f6l\u00fcnme projesiymi\u015f, bu bir \u00e7at\u0131\u015fma etnik ayr\u0131\u015fma projeymi\u015f gibi sunmaya \u00e7al\u0131\u015fanlara kar\u015f\u0131 asl\u0131nda bu projenin g\u00f6n\u00fcll\u00fc birlik projesi oldu\u011funu ve ger\u00e7ekte bir demokrasi projesi oldu\u011funu b\u00fct\u00fcn T\u00fcrkiye\u2019ye anlatmak her birimizin boynun borcu olacak, \u00e7al\u0131\u015fmalar\u0131m\u0131z\u0131n da ana ba\u015fl\u0131klar\u0131ndan birini olu\u015fturacakt\u0131r.&#8221;<\/p>\n<p style=\"text-align: justify;\">Demirta\u015f, anayasa \u00e7al\u0131\u015fmalar\u0131 konusunda aktif rol almak istediklerini s\u00f6yledi\u011fini hat\u0131rlatarak TBMM\u2019de yemin edip-etmeyeceklerini soran gazeteciye, ilk etapta \u00e7al\u0131\u015fmalar\u0131n\u0131 parlamento d\u0131\u015f\u0131nda s\u00fcrd\u00fcreceklerini s\u00f6yledi. Demirta\u015f, &#8220;Biliyorsunuz TBMM kapal\u0131. Yemin ile ilgili halen arkada\u015flar\u0131m\u0131z g\u00f6r\u00fc\u015fmelerini s\u00fcrd\u00fcr\u00fcyor&#8221; dedi.<\/p>\n<p style=\"text-align: justify;\"><a href=\"http:\/\/www.radikal.com.tr\/Radikal.aspx?aType=RadikalDetayV3&amp;ArticleID=1057588&amp;Date=26.07.2011&amp;CategoryID=78\" target=\"_blank\">Kaynak : Radikal.com.tr<\/a><\/p>\n","protected":false},"excerpt":{"rendered":"<p style=\"text-align: center;\">\n<p style=\"text-align: justify;\">Van&#8217;da BDP milletvekillerinin sona eren 4 g\u00fcnl\u00fck toplant\u0131s\u0131n\u0131 de\u011ferlendiren Grup Ba\u015fkan\u0131 Selahattin Demirta\u015f, ana g\u00fcndem maddelerini yeni anayasa \u00e7al\u0131\u015fmalar\u0131n\u0131n olu\u015fturdu\u011funu s\u00f6yledi.<\/p>\n<p style=\"text-align: justify;\">VAN \u2013 Demirta\u015f, TBMM\u2019de yemin edip-etmeyeceklerinin sorulmas\u0131 \u00fczerine parlamentonun halen kapal\u0131 oldu\u011funu hat\u0131rlatarak, &#8220;Yemin ile ilgili halen arkada\u015flar\u0131m\u0131z g\u00f6r\u00fc\u015fmelerini s\u00fcrd\u00fcr\u00fcyor&#8221; dedi.<\/p>\n","protected":false},"author":1,"featured_media":0,"comment_status":"open","ping_status":"open","sticky":false,"template":"","format":"standard","meta":{"footnotes":""},"categories":[105],"tags":[],"class_list":["post-37259","post","type-post","status-publish","format-standard","hentry","category-gundem","odd"],"_links":{"self":[{"href":"http:\/\/www.korhanyilmaz.com\/index.php?rest_route=\/wp\/v2\/posts\/37259","targetHints":{"allow":["GET"]}}],"collection":[{"href":"http:\/\/www.korhanyilmaz.com\/index.php?rest_route=\/wp\/v2\/posts"}],"about":[{"href":"http:\/\/www.korhanyilmaz.com\/index.php?rest_route=\/wp\/v2\/types\/post"}],"author":[{"embeddable":true,"href":"http:\/\/www.korhanyilmaz.com\/index.php?rest_route=\/wp\/v2\/users\/1"}],"replies":[{"embeddable":true,"href":"http:\/\/www.korhanyilmaz.com\/index.php?rest_route=%2Fwp%2Fv2%2Fcomments&post=37259"}],"version-history":[{"count":0,"href":"http:\/\/www.korhanyilmaz.com\/index.php?rest_route=\/wp\/v2\/posts\/37259\/revisions"}],"wp:attachment":[{"href":"http:\/\/www.korhanyilmaz.com\/index.php?rest_route=%2Fwp%2Fv2%2Fmedia&parent=37259"}],"wp:term":[{"taxonomy":"category","embeddable":true,"href":"http:\/\/www.korhanyilmaz.com\/index.php?rest_route=%2Fwp%2Fv2%2Fcategories&post=37259"},{"taxonomy":"post_tag","embeddable":true,"href":"http:\/\/www.korhanyilmaz.com\/index.php?rest_route=%2Fwp%2Fv2%2Ftags&post=37259"}],"curies":[{"name":"wp","href":"https:\/\/api.w.org\/{rel}","templated":true}]}}