{"id":37251,"date":"2011-07-25T21:12:37","date_gmt":"2011-07-25T18:12:37","guid":{"rendered":"http:\/\/www.korhanyilmaz.com\/?p=37251"},"modified":"2011-07-25T22:29:57","modified_gmt":"2011-07-25T19:29:57","slug":"marmara-denizinde-korkutan-deprem","status":"publish","type":"post","link":"http:\/\/www.korhanyilmaz.com\/?p=37251","title":{"rendered":"Marmara Denizi&#8217;nde korkutan deprem"},"content":{"rendered":"<p style=\"text-align: center;\"><a href=\"http:\/\/www.korhanyilmaz.com\/wp-content\/uploads\/2011\/07\/2000.jpg\"  class=\"lightview\"><img loading=\"lazy\" decoding=\"async\" class=\"aligncenter size-full wp-image-37252\" src=\"http:\/\/www.korhanyilmaz.com\/wp-content\/uploads\/2011\/07\/2000.jpg\" alt=\"\" width=\"307\" height=\"236\" \/><\/a><\/p>\n<p style=\"text-align: justify;\">Marmara Denizi&#8217;nde saat 20.57&#8217;de 5,2 b\u00fcy\u00fckl\u00fc\u011f\u00fcnde bir deprem meydana geldi.<\/p>\n<p style=\"text-align: justify;\">Bo\u011fazi\u00e7i \u00dcniversitesi Kandilli Rasathanesi ve Deprem Ara\u015ft\u0131rma Enstit\u00fcs\u00fcnden al\u0131nan bilgiye g\u00f6re, saat 20.57&#8217;de 15.3 kilometre derinlikte meydana gelen 5.2 b\u00fcy\u00fckl\u00fc\u011f\u00fcndeki depremin merkez \u00fcss\u00fc, Marmara Denizi olarak belirlendi. <!--more--><\/p>\n<p style=\"text-align: justify;\">Tekirda\u011f a\u00e7\u0131klar\u0131nda meydana gelen 5.2 b\u00fcy\u00fckl\u00fc\u011f\u00fcnde deprem, Edirne ve K\u0131rklareli&#8217;de de hissedilirken, Edirne ve K\u0131rklareli&#8217;de vatanda\u015flarda k\u0131sa s\u00fcreli panik yaratsa da herhangi bir hasara ve yaralanmaya yol a\u00e7mad\u0131.<\/p>\n<p style=\"text-align: justify;\">Tekirda\u011f&#8217;da herhangi bir y\u0131k\u0131nt\u0131ya sebep olmad\u0131\u011f\u0131 \u00f6\u011frenilen deprem sonras\u0131 baz\u0131 vatanda\u015flar tedbir amac\u0131yla evlerinden \u00e7\u0131karken, telefon hatlar\u0131nda fazla y\u00fcklenmeden dolay\u0131 k\u0131sa s\u00fcreli sorun ya\u015fand\u0131.<\/p>\n<p style=\"text-align: justify;\">Deprem, G\u00fcney Marmara da da hissedildi. Bursa merkez Mudanya ve Gemlik, Bal\u0131kesir&#8217;in Band\u0131rma ve Erdek il\u00e7elerinde hissedilen deprem maddi hasara yol a\u00e7mad\u0131.<\/p>\n<p style=\"text-align: justify;\">\u00d6te yandan 5.2 b\u00fcy\u00fckl\u00fc\u011f\u00fcndeki depremden 20 dakika sonra, Marmara Denizi&#8217;nde 2.7 b\u00fcy\u00fckl\u00fc\u011f\u00fcnde bir deprem daha meydana geldi.<\/p>\n<p style=\"text-align: justify;\"><strong>&#8220;Normal bir aktivite&#8221;<\/strong><\/p>\n<p style=\"text-align: justify;\">Bu arada Bo\u011fazi\u00e7i \u00dcniversitesi Kandilli Rasathanesi ve Deprem Ara\u015ft\u0131rma Enstit\u00fcs\u00fc (KRDAE) Ulusal Deprem \u0130zleme Merkezi (UD\u0130M) M\u00fcd\u00fcr\u00fc Dr. Do\u011fan Kalafat, Marmara Denizi&#8217;nde meydana gelen 5.2 b\u00fcy\u00fckl\u00fc\u011f\u00fcndeki depremin, Marmara Denizi&#8217;nin normal bir aktivitesi oldu\u011funu belirterek, &#8220;Deprem \u0130stanbul&#8217;un \u00f6zellikle Silivri, \u00c7atalca, B\u00fcy\u00fck\u00e7ekmece gibi sahil kesimlerinde daha g\u00fc\u00e7l\u00fc hissedildi&#8221; dedi.<\/p>\n<p style=\"text-align: justify;\">Kalafat, AA muhabirine yapt\u0131\u011f\u0131 a\u00e7\u0131klamada, Marmara Denizi, Marmara Ere\u011flisi g\u00fcneyinde saat 20.57&#8217;de meydana gelen 5.2 b\u00fcy\u00fckl\u00fc\u011f\u00fcndeki depremi &#8220;orta \u015fiddette&#8221; bir deprem olarak nitelendirerek, depremin sahil kesimleri ve yak\u0131n \u00e7evresinde daha g\u00fc\u00e7l\u00fc hissedildi\u011fini ifade etti.<\/p>\n<p style=\"text-align: justify;\">Kalafat, Marmara Ere\u011flisi g\u00fcneyinde denizin tam ortas\u0131nda meydana gelen orta \u015fiddetteki depremin 3-4 y\u0131lda bir olmas\u0131n\u0131n normal oldu\u011funu belirterek, &#8220;Bu deprem esas\u0131nda Marmara Denizi&#8217;nin normal bir aktivitesidir. \u0130stanbul&#8217;un \u00f6zellikle Silivri, \u00c7atalca, B\u00fcy\u00fck\u00e7ekmece gibi sahil kesimlerinde daha g\u00fc\u00e7l\u00fc hissedildi. Merkezi, denizin ortas\u0131 olmas\u0131 sebebiyle herhangi bir hasar veya can kayb\u0131 olmad\u0131. \u015eu an i\u00e7in korkulacak bir durum s\u00f6z konusu de\u011fildir. Vatanda\u015flar\u0131m\u0131za sakin olmalar\u0131n\u0131 tavsiye ederim&#8221; diye konu\u015ftu.<\/p>\n<p style=\"text-align: justify;\"><a href=\"http:\/\/www.cnnturk.com\/2011\/turkiye\/07\/25\/marmara.denizinde.korkutan.deprem\/623991.0\/index.html\" target=\"_blank\">Kaynak : CNN T\u00dcRK<\/a><\/p>\n","protected":false},"excerpt":{"rendered":"<p style=\"text-align: center;\">\n<p style=\"text-align: justify;\">Marmara Denizi&#8217;nde saat 20.57&#8217;de 5,2 b\u00fcy\u00fckl\u00fc\u011f\u00fcnde bir deprem meydana geldi.<\/p>\n<p style=\"text-align: justify;\">Bo\u011fazi\u00e7i \u00dcniversitesi Kandilli Rasathanesi ve Deprem Ara\u015ft\u0131rma Enstit\u00fcs\u00fcnden al\u0131nan bilgiye g\u00f6re, saat 20.57&#8217;de 15.3 kilometre derinlikte meydana gelen 5.2 b\u00fcy\u00fckl\u00fc\u011f\u00fcndeki depremin merkez \u00fcss\u00fc, Marmara Denizi olarak belirlendi. <\/p>\n","protected":false},"author":1,"featured_media":0,"comment_status":"open","ping_status":"open","sticky":false,"template":"","format":"standard","meta":{"footnotes":""},"categories":[105],"tags":[],"class_list":["post-37251","post","type-post","status-publish","format-standard","hentry","category-gundem","odd"],"_links":{"self":[{"href":"http:\/\/www.korhanyilmaz.com\/index.php?rest_route=\/wp\/v2\/posts\/37251","targetHints":{"allow":["GET"]}}],"collection":[{"href":"http:\/\/www.korhanyilmaz.com\/index.php?rest_route=\/wp\/v2\/posts"}],"about":[{"href":"http:\/\/www.korhanyilmaz.com\/index.php?rest_route=\/wp\/v2\/types\/post"}],"author":[{"embeddable":true,"href":"http:\/\/www.korhanyilmaz.com\/index.php?rest_route=\/wp\/v2\/users\/1"}],"replies":[{"embeddable":true,"href":"http:\/\/www.korhanyilmaz.com\/index.php?rest_route=%2Fwp%2Fv2%2Fcomments&post=37251"}],"version-history":[{"count":0,"href":"http:\/\/www.korhanyilmaz.com\/index.php?rest_route=\/wp\/v2\/posts\/37251\/revisions"}],"wp:attachment":[{"href":"http:\/\/www.korhanyilmaz.com\/index.php?rest_route=%2Fwp%2Fv2%2Fmedia&parent=37251"}],"wp:term":[{"taxonomy":"category","embeddable":true,"href":"http:\/\/www.korhanyilmaz.com\/index.php?rest_route=%2Fwp%2Fv2%2Fcategories&post=37251"},{"taxonomy":"post_tag","embeddable":true,"href":"http:\/\/www.korhanyilmaz.com\/index.php?rest_route=%2Fwp%2Fv2%2Ftags&post=37251"}],"curies":[{"name":"wp","href":"https:\/\/api.w.org\/{rel}","templated":true}]}}