{"id":37246,"date":"2011-07-23T08:21:58","date_gmt":"2011-07-23T05:21:58","guid":{"rendered":"http:\/\/www.korhanyilmaz.com\/?p=37246"},"modified":"2011-07-23T15:29:51","modified_gmt":"2011-07-23T12:29:51","slug":"norvece-cifte-saldiri-soku","status":"publish","type":"post","link":"http:\/\/www.korhanyilmaz.com\/?p=37246","title":{"rendered":"Norve\u00e7&#8217;e \u00e7ifte sald\u0131r\u0131 \u015foku"},"content":{"rendered":"<p style=\"text-align: center;\"><a href=\"http:\/\/www.korhanyilmaz.com\/wp-content\/uploads\/2011\/07\/1720.jpeg\"  class=\"lightview\"><img loading=\"lazy\" decoding=\"async\" class=\"aligncenter size-full wp-image-37248\" src=\"http:\/\/www.korhanyilmaz.com\/wp-content\/uploads\/2011\/07\/1720.jpeg\" alt=\"\" width=\"384\" height=\"254\" \/><\/a><\/p>\n<p style=\"text-align: justify;\">Oslo iki sald\u0131r\u0131 ile sars\u0131ld\u0131. Kamu binalar\u0131n\u0131 hedef alan bombal\u0131 sald\u0131r\u0131da 7, \u0130\u015f\u00e7i Partisi&#8217;nin gen\u00e7lik kamp\u0131ndaki silahl\u0131 sald\u0131r\u0131da da 84 ki\u015fi \u00f6ld\u00fc. Sald\u0131rgan 32 ya\u015f\u0131nda, Norve\u00e7li ve a\u015f\u0131r\u0131 sa\u011fc\u0131.<\/p>\n<p style=\"text-align: justify;\">OSLO &#8211; Norve\u00e7\u2019in ba\u015fkenti Oslo\u2019da d\u00fcn yerel saatle 15.26\u2019da ger\u00e7ekle\u015fen \u015fiddetli patlamada, Ba\u015fbakanl\u0131k binas\u0131yla bakanl\u0131klar\u0131n oldu\u011fu b\u00f6lge sava\u015f alan\u0131na d\u00f6nd\u00fc. Norve\u00e7 polisi, patlamaya bomba y\u00fckl\u00fc bir arac\u0131n sebep oldu\u011fu sonucuna vard\u0131. <!--more--><\/p>\n<p style=\"text-align: justify;\">Devlet yay\u0131n kurulu\u015fu NRK, 7 ki\u015finin \u00f6ld\u00fc\u011f\u00fcn\u00fc, 15 ki\u015finin de yaraland\u0131\u011f\u0131n\u0131, 2 yaral\u0131n\u0131n durumunun a\u011f\u0131r oldu\u011funu, binalar\u0131n i\u00e7inde yaral\u0131lar oldu\u011funu duyurdu. Polis kent merkezini bo\u015falt\u0131rken tren seferlerini durdurdu. Olay s\u0131ras\u0131nda makam\u0131nda olmayan Ba\u015fbakan Jens Stoltenberg, TV2 televizyonuna telefonla yapt\u0131\u011f\u0131 a\u00e7\u0131klamada kendisinin ve bakanlar\u0131n\u0131n iyi oldu\u011funu belirtti. \u201cYa\u015fanan\u0131n bir ter\u00f6r sald\u0131r\u0131s\u0131 oldu\u011funu s\u00f6ylemek i\u00e7in erken\u201d diyen Ba\u015fbakan, polisin tavsiyesine uyarak nerede oldu\u011funu a\u00e7\u0131klamad\u0131. Muhalefetteki H\u0131ristiyan Halk Partisi\u2019nden Geir Bekkevold ise, olay\u0131n, \u201cNorve\u00e7\u2019te \u0130kinci D\u00fcnya Sava\u015f\u0131\u2019ndan bu yana meydana gelen en \u015fiddetli eylem oldu\u011funu\u201d belirtti.<\/p>\n<p style=\"text-align: justify;\"><strong>Gen\u00e7lere ikinci sald\u0131r\u0131<\/strong><\/p>\n<p style=\"text-align: justify;\">Norve\u00e7 bu sald\u0131r\u0131n\u0131n \u015fokunu atlatmaya \u00e7al\u0131\u015f\u0131rken ikinci bir sald\u0131r\u0131 haberi de Stoltenberg\u2019in lideri oldu\u011fu \u0130\u015f\u00e7i Partisi\u2019nin d\u00fczenledi\u011fi gen\u00e7lik kamp\u0131ndan geldi. Oslo yak\u0131nlar\u0131nda bir adadaki kampa gelen polis \u00fcniformal\u0131 bir ki\u015finin etrafa rastgele ate\u015f a\u00e7t\u0131\u011f\u0131 olayda bir g\u00f6rg\u00fc tan\u0131\u011f\u0131na g\u00f6re 80 ki\u015fi \u00f6ld\u00fc, 5 ki\u015fi de yaraland\u0131. Polis olayla ilgili olarak bir ki\u015fiyi g\u00f6zalt\u0131na al\u0131rken sald\u0131rgan\u0131n rutin kontrol yapaca\u011f\u0131n\u0131 s\u00f6yledikten sonra kalabal\u0131\u011fa ate\u015f a\u00e7t\u0131\u011f\u0131 bildirildi.<\/p>\n<p style=\"text-align: justify;\"><strong>Norve\u00e7li, a\u015f\u0131r\u0131 sa\u011fc\u0131 sald\u0131rgan<\/strong><\/p>\n<p style=\"text-align: justify;\"><img loading=\"lazy\" decoding=\"async\" class=\"alignleft size-full wp-image-37247\" style=\"margin-left: 10px; margin-right: 10px;\" src=\"http:\/\/www.korhanyilmaz.com\/wp-content\/uploads\/2011\/07\/1721.jpeg\" alt=\"\" width=\"222\" height=\"307\" \/>Oslo Emniyet M\u00fcd\u00fcr\u00fc Sveinung Sponheim (yanda) olayla ilgili olarak Norve\u00e7li 32 ya\u015f\u0131ndaki Anders Behring Brevik&#8217;in g\u00f6zalt\u0131na al\u0131nd\u0131\u011f\u0131n\u0131 ve sorguland\u0131\u011f\u0131n\u0131 belirterek, olaya ba\u015fkalar\u0131n\u0131n da kar\u0131\u015fm\u0131\u015f olabilece\u011fini s\u00f6yledi. G\u00f6rg\u00fc tan\u0131klar\u0131 da Oslo&#8217;daki patlama \u00f6ncesinde polis \u00fcniformal\u0131 \u015f\u00fcpheli bir \u015fahs\u0131, ba\u015fbakanl\u0131k binas\u0131 \u00e7evresinde g\u00f6rd\u00fcklerini s\u00f6ylediler. Polis, a\u00e7\u0131lan ate\u015fin bombal\u0131 sald\u0131r\u0131yla ba\u011flant\u0131l\u0131 oldu\u011funa inand\u0131klar\u0131n\u0131 s\u00f6yledi. Sald\u0131rganla birlikte ok say\u0131da silah, patlay\u0131c\u0131 malzeme ve asker, polis giysileri ele ge\u00e7irildi.Sald\u0131rgan\u0131n daha \u00f6nce de defalarca askeri \u00fcniformalarla g\u00f6r\u00fcld\u00fc\u011f\u00fc ortaya \u00e7\u0131kt\u0131. Sald\u0131rgan\u0131n foto\u011fraflar\u0131 da yay\u0131mland\u0131.<\/p>\n<p style=\"text-align: justify;\">Toplant\u0131n\u0131n d\u00fczenlendi\u011fi adada ba\u015fka patlay\u0131c\u0131lar\u0131n da olma ihtimali \u00fczerinde duruluyor. Norve\u00e7 medyas\u0131 \u015f\u00fcphelinin a\u015f\u0131r\u0131 sa\u011fc\u0131 ve \u0131rk\u00e7\u0131 g\u00f6r\u00fc\u015fe sahip oldu\u011funu belirtiyor.D\u00fcnyan\u0131n en sakin kentlerinden birinde meydana gelen sald\u0131r\u0131n\u0131n tatil d\u00f6nemine rastlamas\u0131 ve cuma g\u00fcnleri kamu \u00e7al\u0131\u015fanlar\u0131n\u0131n i\u015ften erken \u00e7\u0131kmas\u0131 sayesinde \u00f6l\u00fc ve yaral\u0131 say\u0131s\u0131n\u0131n az oldu\u011fu yorumlar\u0131 yap\u0131l\u0131yor.<\/p>\n<p style=\"text-align: justify;\">&#8216;Ter\u00f6r sald\u0131r\u0131s\u0131 demek i\u00e7in erken&#8217; Norve\u00e7 Ba\u015fbakan\u0131 Jens Stoltenberg, yapt\u0131\u011f\u0131 a\u00e7\u0131klamada, bunun \u00e7ok b\u00fcy\u00fck bir sald\u0131r\u0131 oldu\u011funu s\u00f6yledi. Patlama s\u0131ras\u0131nda makam\u0131nda bulunmayan Norve\u00e7 Ba\u015fbakan\u0131, haz\u0131rl\u0131kl\u0131 olunsa da b\u00f6yle bir sald\u0131r\u0131n\u0131n meydana geldi\u011fini ve bunun \u00fcz\u00fcc\u00fc oldu\u011funu ifade etti. Bunun ter\u00f6r sald\u0131r\u0131s\u0131 oldu\u011funu s\u00f6ylemek i\u00e7in erken oldu\u011funu belirten Stoltenberg, bulundu\u011fu yerin a\u00e7\u0131klanmamas\u0131 i\u00e7in polise emir verdi\u011fini dile getirdi. \u00d6te yandan muhalefetteki H\u0131ristiyan Halk Partisi&#8217;nden Geir Bekkevold, olay\u0131n, &#8221;Norve\u00e7&#8217;te \u0130kinci D\u00fcnya Sava\u015f\u0131&#8217;ndan bu yana meydana gelen en \u015fiddetli eylem oldu\u011funu&#8221; belirtti.<\/p>\n<p style=\"text-align: justify;\"><strong>\u2018Ola\u011fan \u015f\u00fcpheli\u2019 El Kaide<\/strong><\/p>\n<p style=\"text-align: justify;\">Norve\u00e7\u2019in ilk kez tan\u0131\u015ft\u0131\u011f\u0131 b\u00fcy\u00fck \u00e7apl\u0131 siyasi \u015fiddet olay\u0131 sonras\u0131nda g\u00f6zler Kaide\u2019ye \u00e7evrildi. Zira, NATO \u00fcyesi devlet, Afganistan\u2019daki uluslararas\u0131 g\u00fc\u00e7te 500 askerle yer ald\u0131\u011f\u0131 i\u00e7in ter\u00f6r \u00f6rg\u00fct\u00fcn\u00fcn hedef listesine girdi. Norve\u00e7 polisi ge\u00e7en y\u0131l sald\u0131r\u0131ya haz\u0131rland\u0131\u011f\u0131 iddia edilen 3 M\u00fcsl\u00fcman\u0131 tutuklad\u0131. Norve\u00e7 ayr\u0131ca, Libya\u2019daki Kaddafi rejimine kar\u015f\u0131 NATO\u2019nun y\u00fcr\u00fctt\u00fc\u011f\u00fc operasyona da F-16 u\u00e7aklar\u0131yla destek veriyor. Norve\u00e7 savc\u0131lar\u0131n\u0131n ay ba\u015f\u0131nda ter\u00f6rizmle su\u00e7lad\u0131\u011f\u0131 K\u00fcrt \u00f6rg\u00fct\u00fc Ensar el \u0130slam\u2019\u0131n kurucusu Molla Krekar, s\u0131n\u0131rd\u0131\u015f\u0131 edilirse Norve\u00e7\u2019in \u2018a\u011f\u0131r bedel \u00f6deyece\u011fi\u2019 tehdidini savurmu\u015ftu.<\/p>\n<p style=\"text-align: justify;\">Londra ve Madrid\u2019i hat\u0131rlatt\u0131 MADR\u0130D-11 Mart 2004: \u0130spanya\u2019n\u0131n Madrid kentinde sabah saatlerinde trenlere 10 spor \u00e7anta i\u00e7inde yerle\u015ftirilen patlay\u0131c\u0131larla ger\u00e7ekle\u015ftirilen sald\u0131r\u0131da 191 ki\u015fi \u00f6ld\u00fc, 1700 ki\u015fi yaraland\u0131.<\/p>\n<p style=\"text-align: justify;\">LONDRA-7 Temmuz 2005: 4 intihar bombac\u0131s\u0131n\u0131n Londra metrosunun en yo\u011fun oldu\u011fu sabah saatlerinde ger\u00e7ekle\u015ftirdi\u011fi sald\u0131r\u0131da 52 ki\u015fi \u00f6l\u00fcrken 700 ki\u015fi yaraland\u0131.<\/p>\n<p style=\"text-align: justify;\">LONDRA-A\u011fustos 2006: 3 \u0130ngiliz, me\u015frubat \u015fi\u015felerine koyduklar\u0131 s\u0131v\u0131 patlay\u0131c\u0131larla 200\u2019er ki\u015fi ta\u015f\u0131yan 7 u\u00e7a\u011f\u0131 ayn\u0131 anda patlatma giri\u015fimi nedeniyle tutukland\u0131.<\/p>\n<p style=\"text-align: justify;\"><strong>D\u00fcnya \u015foke oldu<\/strong><\/p>\n<p style=\"text-align: justify;\">Oslo\u2019daki sald\u0131r\u0131ya d\u00fcnyadan da tepki geldi. \u0130ngiltere D\u0131\u015fi\u015fleri Bakan\u0131 William Hague, sald\u0131r\u0131y\u0131 \u2018korkun\u00e7\u2019 olarak nitelendirirken Norve\u00e7 halk\u0131na ba\u015fsa\u011fl\u0131\u011f\u0131 diledi. ABD ise sald\u0131r\u0131y\u0131 \u2018al\u00e7ak\u00e7a olarak niteledi. Ba\u015fkan Barack Obama, Norve\u00e7\u2019e ba\u015fsa\u011fl\u0131\u011f\u0131 diledi ve ter\u00f6re kar\u015f\u0131 m\u00fccadelede i\u015fbirli\u011fi \u00f6nerdi. NATO Genel Sekreteri Anders Fogh Rasmussen ise sald\u0131r\u0131lar i\u00e7in \u2018i\u011fren\u00e7 yorumunu yapt\u0131 ve NATO m\u00fcttefiki Norve\u00e7\u2019e deste\u011fini iletti. Avrupa Birli\u011fi Ba\u015fkan\u0131 Herman Van Rompuy da yapt\u0131\u011f\u0131 a\u00e7\u0131klamada sald\u0131r\u0131n\u0131n \u2018korkak\u00e7a\u2019 oldu\u011funu s\u00f6yledi.<\/p>\n<p style=\"text-align: justify;\"><a href=\"http:\/\/www.radikal.com.tr\/Radikal.aspx?aType=RadikalDetayV3&amp;ArticleID=1057346&amp;Date=23.07.2011&amp;CategoryID=81\" target=\"_blank\">Kaynak : Radikal.com.tr<\/a><\/p>\n","protected":false},"excerpt":{"rendered":"<p style=\"text-align: center;\">\n<p style=\"text-align: justify;\">Oslo iki sald\u0131r\u0131 ile sars\u0131ld\u0131. Kamu binalar\u0131n\u0131 hedef alan bombal\u0131 sald\u0131r\u0131da 7, \u0130\u015f\u00e7i Partisi&#8217;nin gen\u00e7lik kamp\u0131ndaki silahl\u0131 sald\u0131r\u0131da da 84 ki\u015fi \u00f6ld\u00fc. Sald\u0131rgan 32 ya\u015f\u0131nda, Norve\u00e7li ve a\u015f\u0131r\u0131 sa\u011fc\u0131.<\/p>\n<p style=\"text-align: justify;\">OSLO &#8211; Norve\u00e7\u2019in ba\u015fkenti Oslo\u2019da d\u00fcn yerel saatle 15.26\u2019da ger\u00e7ekle\u015fen \u015fiddetli patlamada, Ba\u015fbakanl\u0131k binas\u0131yla bakanl\u0131klar\u0131n oldu\u011fu b\u00f6lge sava\u015f alan\u0131na <\/p>\n","protected":false},"author":1,"featured_media":0,"comment_status":"open","ping_status":"open","sticky":false,"template":"","format":"standard","meta":{"footnotes":""},"categories":[105],"tags":[],"class_list":["post-37246","post","type-post","status-publish","format-standard","hentry","category-gundem","odd"],"_links":{"self":[{"href":"http:\/\/www.korhanyilmaz.com\/index.php?rest_route=\/wp\/v2\/posts\/37246","targetHints":{"allow":["GET"]}}],"collection":[{"href":"http:\/\/www.korhanyilmaz.com\/index.php?rest_route=\/wp\/v2\/posts"}],"about":[{"href":"http:\/\/www.korhanyilmaz.com\/index.php?rest_route=\/wp\/v2\/types\/post"}],"author":[{"embeddable":true,"href":"http:\/\/www.korhanyilmaz.com\/index.php?rest_route=\/wp\/v2\/users\/1"}],"replies":[{"embeddable":true,"href":"http:\/\/www.korhanyilmaz.com\/index.php?rest_route=%2Fwp%2Fv2%2Fcomments&post=37246"}],"version-history":[{"count":0,"href":"http:\/\/www.korhanyilmaz.com\/index.php?rest_route=\/wp\/v2\/posts\/37246\/revisions"}],"wp:attachment":[{"href":"http:\/\/www.korhanyilmaz.com\/index.php?rest_route=%2Fwp%2Fv2%2Fmedia&parent=37246"}],"wp:term":[{"taxonomy":"category","embeddable":true,"href":"http:\/\/www.korhanyilmaz.com\/index.php?rest_route=%2Fwp%2Fv2%2Fcategories&post=37246"},{"taxonomy":"post_tag","embeddable":true,"href":"http:\/\/www.korhanyilmaz.com\/index.php?rest_route=%2Fwp%2Fv2%2Ftags&post=37246"}],"curies":[{"name":"wp","href":"https:\/\/api.w.org\/{rel}","templated":true}]}}