{"id":37242,"date":"2011-07-23T09:36:37","date_gmt":"2011-07-23T06:36:37","guid":{"rendered":"http:\/\/www.korhanyilmaz.com\/?p=37242"},"modified":"2011-07-23T15:24:50","modified_gmt":"2011-07-23T12:24:50","slug":"clinton-bdpye-sinn-fein-gibi-olun-mesaji-vermis","status":"publish","type":"post","link":"http:\/\/www.korhanyilmaz.com\/?p=37242","title":{"rendered":"Clinton, BDP&#8217;ye &#8216;Sinn Fein gibi olun&#8217; mesaj\u0131 vermi\u015f"},"content":{"rendered":"<p style=\"text-align: center;\"><a href=\"http:\/\/www.korhanyilmaz.com\/wp-content\/uploads\/2011\/07\/1719.jpeg\"  class=\"lightview\"><img loading=\"lazy\" decoding=\"async\" class=\"aligncenter size-full wp-image-37243\" src=\"http:\/\/www.korhanyilmaz.com\/wp-content\/uploads\/2011\/07\/1719.jpeg\" alt=\"\" width=\"384\" height=\"254\" \/><\/a><\/p>\n<p style=\"text-align: justify;\">T\u00fcrkiye temaslar\u0131 \u00e7er\u00e7evesinde parti liderleriyle g\u00f6r\u00fc\u015fen ABD D\u0131\u015fi\u015fleri Bakan\u0131 Clinton, BDP Grup Ba\u015fkan\u0131 Selahattin Demirta\u015f&#8217;la g\u00f6r\u00fc\u015fmesinde, &#8216;\u015eiddeti reddedin, politik alanda yo\u011funla\u015f\u0131n&#8217; mesaj\u0131n\u0131 verdi. Clinton, IRA ile siyasi kanad\u0131 Sinn Fein aras\u0131ndaki ili\u015fkiyi \u00f6rnek g\u00f6stererek, &#8220;Sinn Fein silahlar\u0131 reddedince siyasi alandaki g\u00fcc\u00fcn\u00fc artt\u0131rd\u0131&#8221; dedi.<!--more--><\/p>\n<p style=\"text-align: justify;\">ANKARA &#8211; Libya toplant\u0131s\u0131 i\u00e7in 15 Temmuz\u2019da Ankara\u2019ya gelen Clinton, Cumhurba\u015fkan\u0131, Ba\u015fbakan, D\u0131\u015fi\u015fleri Bakan\u0131\u2019n\u0131n yan\u0131 s\u0131ra CHP ve BDP liderleriyle de g\u00f6r\u00fc\u015fm\u00fc\u015ft\u00fc. Edinilen bilgiye g\u00f6re Clinton, kendisine \u2018Hatip Dicle, tutuklu vekiller, k\u00fclt\u00fcrel haklar\u2019 gibi talepleri hakk\u0131nda bilgi veren ve devletin m\u00fczakere zemini yaratmad\u0131\u011f\u0131ndan yak\u0131nan BDP Grup Ba\u015fkan\u0131 Selahattin Demirta\u015f\u2019a \u201cM\u00fczakereleri ilerletmek i\u00e7in \u015fiddeti reddetmek gerekir. \u00d6l\u00fcmc\u00fcl sald\u0131r\u0131larda \u00f6len gencecik insanlar i\u00e7in \u2018\u00fczg\u00fcn\u00fcm\u2019 demek yeterli de\u011fil. M\u00fczakereler s\u00fcrs\u00fcn istiyorsan\u0131z \u00f6nce \u015fiddeti k\u0131nay\u0131n\u201d mesaj\u0131 verdi. Clinton, Kuzey \u0130rlanda\u2019n\u0131n ba\u011f\u0131ms\u0131zl\u0131\u011f\u0131 i\u00e7in sava\u015fan \u0130rlanda Kurtulu\u015f \u00d6rg\u00fct\u00fc (IRA) ile siyasi kanad\u0131 Sinn Fein\u2019in yapt\u0131klar\u0131n\u0131 anlat\u0131p,\u201dIRA \u00f6rne\u011fine bak\u0131n. Sinn Fein g\u00f6r\u00fc\u015fmelerde ilerleme sa\u011flamadan \u00f6nce IRA\u2019y\u0131 reddetti\u011fini a\u00e7\u0131klad\u0131. Bu Sinn Fein\u2019e moral avantaj kazand\u0131rd\u0131\u201d dedi. Demirta\u015f\u2019\u0131n yan\u0131t\u0131 da \u201cBizim amac\u0131m\u0131z da bu\u201d oldu.<\/p>\n<p style=\"text-align: justify;\"><a href=\"http:\/\/www.radikal.com.tr\/Radikal.aspx?aType=RadikalDetayV3&amp;ArticleID=1057353&amp;Date=23.07.2011&amp;CategoryID=78\" target=\"_blank\">Kaynak : Radikal.com.tr<\/a><\/p>\n","protected":false},"excerpt":{"rendered":"<p style=\"text-align: center;\">\n<p style=\"text-align: justify;\">T\u00fcrkiye temaslar\u0131 \u00e7er\u00e7evesinde parti liderleriyle g\u00f6r\u00fc\u015fen ABD D\u0131\u015fi\u015fleri Bakan\u0131 Clinton, BDP Grup Ba\u015fkan\u0131 Selahattin Demirta\u015f&#8217;la g\u00f6r\u00fc\u015fmesinde, &#8216;\u015eiddeti reddedin, politik alanda yo\u011funla\u015f\u0131n&#8217; mesaj\u0131n\u0131 verdi. Clinton, IRA ile siyasi kanad\u0131 Sinn Fein aras\u0131ndaki ili\u015fkiyi \u00f6rnek g\u00f6stererek, &#8220;Sinn Fein silahlar\u0131 reddedince siyasi alandaki g\u00fcc\u00fcn\u00fc artt\u0131rd\u0131&#8221; dedi.<\/p>\n","protected":false},"author":1,"featured_media":0,"comment_status":"open","ping_status":"open","sticky":false,"template":"","format":"standard","meta":{"footnotes":""},"categories":[105],"tags":[],"class_list":["post-37242","post","type-post","status-publish","format-standard","hentry","category-gundem","odd"],"_links":{"self":[{"href":"http:\/\/www.korhanyilmaz.com\/index.php?rest_route=\/wp\/v2\/posts\/37242","targetHints":{"allow":["GET"]}}],"collection":[{"href":"http:\/\/www.korhanyilmaz.com\/index.php?rest_route=\/wp\/v2\/posts"}],"about":[{"href":"http:\/\/www.korhanyilmaz.com\/index.php?rest_route=\/wp\/v2\/types\/post"}],"author":[{"embeddable":true,"href":"http:\/\/www.korhanyilmaz.com\/index.php?rest_route=\/wp\/v2\/users\/1"}],"replies":[{"embeddable":true,"href":"http:\/\/www.korhanyilmaz.com\/index.php?rest_route=%2Fwp%2Fv2%2Fcomments&post=37242"}],"version-history":[{"count":0,"href":"http:\/\/www.korhanyilmaz.com\/index.php?rest_route=\/wp\/v2\/posts\/37242\/revisions"}],"wp:attachment":[{"href":"http:\/\/www.korhanyilmaz.com\/index.php?rest_route=%2Fwp%2Fv2%2Fmedia&parent=37242"}],"wp:term":[{"taxonomy":"category","embeddable":true,"href":"http:\/\/www.korhanyilmaz.com\/index.php?rest_route=%2Fwp%2Fv2%2Fcategories&post=37242"},{"taxonomy":"post_tag","embeddable":true,"href":"http:\/\/www.korhanyilmaz.com\/index.php?rest_route=%2Fwp%2Fv2%2Ftags&post=37242"}],"curies":[{"name":"wp","href":"https:\/\/api.w.org\/{rel}","templated":true}]}}