{"id":37237,"date":"2011-07-23T14:01:34","date_gmt":"2011-07-23T11:01:34","guid":{"rendered":"http:\/\/www.korhanyilmaz.com\/?p=37237"},"modified":"2011-07-23T15:01:15","modified_gmt":"2011-07-23T12:01:15","slug":"lenin-ve-orhan-pamuktan-alinti-yapti","status":"publish","type":"post","link":"http:\/\/www.korhanyilmaz.com\/?p=37237","title":{"rendered":"Lenin ve Orhan Pamuk&#8217;tan al\u0131nt\u0131 yapt\u0131"},"content":{"rendered":"<p style=\"text-align: center;\"><a href=\"http:\/\/www.korhanyilmaz.com\/wp-content\/uploads\/2011\/07\/1718.jpg\"  class=\"lightview\"><img loading=\"lazy\" decoding=\"async\" class=\"aligncenter size-full wp-image-37238\" src=\"http:\/\/www.korhanyilmaz.com\/wp-content\/uploads\/2011\/07\/1718.jpg\" alt=\"\" width=\"394\" height=\"189\" \/><\/a><\/p>\n<p style=\"text-align: justify;\">CHP Gen\u00e7lik Kollar\u0131\u2019n\u0131n 1. Gen\u00e7lik Sempozyumu, parti genel merkezinde yap\u0131ld\u0131. Sempozyumda a\u00e7\u0131l\u0131\u015f konu\u015fmas\u0131n\u0131 yapan K\u0131l\u0131\u00e7daro\u011flu, &#8216;Benim umudum sizlersiniz&#8217; diyerek sz\u00f6lerine ba\u015flarken, konu\u015fmas\u0131nda Lenin ve Orhan Pamuk&#8217;tan al\u0131nt\u0131lar yapt\u0131. <!--more--><\/p>\n<p style=\"text-align: justify;\">CHP Genel Ba\u015fkan\u0131 Kemal K\u0131l\u0131\u00e7daro\u011flu, K\u00fcrt sorununun T\u00fcrkiye\u2019nin temel sorunlar\u0131ndan birisi oldu\u011funu belirterek \u201cE\u011fer bir sorun 30-35 y\u0131ld\u0131r \u00e7\u00f6z\u00fclemiyorsa siyaset kurumu g\u00f6revin yapmad\u0131\u011f\u0131ndan \u00e7\u00f6z\u00fclemiyordur. O kadar m\u00fccadelenin sonunda \u015fimdi 1990\u2019lar\u0131n ba\u015f\u0131na d\u00f6n\u00fcyorsak demek ki siyaset kurumu g\u00f6revini yapm\u0131yor\u201d dedi.<\/p>\n<p style=\"text-align: justify;\">Sempozyum \u00f6ncesi salondaki CHP\u2019li gen\u00e7ler Gen\u00e7lik Mar\u015f\u0131 ile evrensel devrimci mar\u015f\u0131 \u00c7av Bella\u2019y\u0131 s\u00f6ylediler. Sempozyuma, AKP Gen\u00e7lik Kollar\u0131 MYK \u00dcyesi U\u011fur Av\u015far ve AKP Gen\u00e7lik Kollar\u0131 \u00dcniversite Komisyonu \u00dcyesi M\u00fcjde Sefer de kat\u0131ld\u0131. AKP Gen\u00e7lik Kollar\u0131 \u00fcyeleri, isimleri anons edildikten sonra salondaki CHP\u2019li gen\u00e7ler taraf\u0131ndan alk\u0131\u015fland\u0131. K\u0131l\u0131\u00e7daro\u011flu salona girdi\u011finde CHP\u2019li gen\u00e7ler \u201cDevrimci Kemal\u201d, \u201cGen\u00e7lik seninle, durma ilerle\u201d sloganlar\u0131 att\u0131lar. Sempozyumun a\u00e7\u0131l\u0131\u015f\u0131 s\u0131ras\u0131nda yap\u0131lan sayg\u0131 duru\u015funda baz\u0131 gen\u00e7lerin sol yumruklar\u0131n\u0131 havaya kald\u0131rd\u0131klar\u0131 g\u00f6r\u00fcld\u00fc.<\/p>\n<p style=\"text-align: justify;\"><strong>\u201cCHP GEN\u00c7L\u0130\u011e\u0130 DEVR\u0130MC\u0130D\u0130R, M\u0130LL\u0130YET\u00c7\u0130D\u0130R\u201d<\/strong><\/p>\n<p style=\"text-align: justify;\">Sempozyumun a\u00e7\u0131l\u0131\u015f konu\u015fmas\u0131n\u0131 yapmak \u00fczere k\u00fcrs\u00fcye \u201cGen\u00e7li\u011fin umudu K\u0131l\u0131\u00e7daro\u011flu\u201d sloganlar\u0131 aras\u0131nda gelen K\u0131l\u0131\u00e7daro\u011flu s\u00f6zlerine \u201cBenim umudum da sizlersiniz\u201d diyerek ba\u015flad\u0131. Mustafa Kemal Atat\u00fcrk\u2019\u00fcn T\u00fcrkiye\u2019yi gen\u00e7lere emanet etti\u011fini kaydeden K\u0131l\u0131\u00e7daro\u011flu, \u201cCHP gen\u00e7li\u011fi olmak kolay de\u011fil. \u00c7\u00fcnk\u00fc \u00f6z\u00fcn\u00fczde ve ruhunuzda Mustafa Kemal\u2019in devrimci ki\u015fili\u011fini ya\u015fatmak durumundas\u0131n\u0131z. Milliyet\u00e7i olmak durumundas\u0131n\u0131z, halk\u00e7\u0131 olmak durumundas\u0131n\u0131z. Alt\u0131 okumuz sizin felsefenizdir, bizim felsefemizdir, bu toplumun felsefesidir. \u0130\u015f\u00e7inin de felsefesidir, sanayicinin de, k\u00f6yl\u00fcn\u00fcn de, \u00e7\u00f6pten ka\u011f\u0131t toplayan yurtta\u015f\u0131n da. Ortak felsefeyle gidiyoruz, bu ortak felsefeyi toplumun her kesimine anlatmak durumunday\u0131z. \u0130lk s\u00f6z\u00fcm\u00fcz de halk olacak, son s\u00f6z\u00fcm\u00fcz de halk olacak\u201d diye konu\u015ftu.<\/p>\n<p style=\"text-align: justify;\"><strong>\u201cTOPLUMUN DE\u011eERLER\u0130NE SAYGILI OLACA\u011eIZ\u201d<\/strong><\/p>\n<p style=\"text-align: justify;\">K\u0131l\u0131\u00e7daro\u011flu, gen\u00e7lerin halka gitmesinin tek ba\u015f\u0131na yeterli olmad\u0131\u011f\u0131n\u0131, halk\u0131n sorunlar\u0131na \u00e7\u00f6z\u00fcm \u00f6nerilerini de anlatmalar\u0131 gerekti\u011fini vurgulayarak \u201cUnutmamam\u0131z gereken bir \u015fey var, toplumun de\u011fer yarg\u0131lar\u0131na her zaman ama her zaman sayg\u0131 duyaca\u011f\u0131z\u201d dedi. Halk\u0131n sorunlar\u0131n\u0131 sab\u0131rla dinlemeleri gerekti\u011fini belirten K\u0131l\u0131\u00e7daro\u011flu, \u201cSab\u0131rla dinleyece\u011fiz ki onun sesine ne kadar kulak verdi\u011fimizi o da kavrayabilsin. Biz onun sesine, onun saz\u0131na kulak verece\u011fiz. Belki ilk a\u015famada ba\u015far\u0131l\u0131 olmayabiliriz, ama unutmay\u0131n Anadolu\u2019da g\u00fczel bir s\u00f6z var. \u0130nat da bir muratt\u0131r. \u0130natla direnece\u011fiz, kararl\u0131l\u0131kla s\u00f6yleyece\u011fiz. \u00c7\u00fcnk\u00fc ne dedik; ilk s\u00f6z\u00fcm\u00fcz de halk olacak son s\u00f6z\u00fcm\u00fcz de halk olacak\u201d dedi.<\/p>\n<p style=\"text-align: justify;\"><strong>\u201cCHP GEN\u00c7L\u0130\u011e\u0130 STAT\u00dcKOYA KAR\u015eI M\u00dcCADELE EDER\u201d<\/strong><\/p>\n<p style=\"text-align: justify;\">CHP gen\u00e7li\u011finin devrimci ve milliyet\u00e7i olmas\u0131n\u0131n yan\u0131 s\u0131ra direnen bir gen\u00e7lik oldu\u011funu anlatan K\u0131l\u0131\u00e7daro\u011flu, \u201cCHP gen\u00e7li\u011fi stat\u00fckoya kar\u015f\u0131 m\u00fccadele eden, direnen bir gen\u00e7liktir. Hukukun \u00fcst\u00fcnl\u00fc\u011f\u00fcne, demokrasiye, kad\u0131n erkek e\u015fitli\u011fine, insan haklar\u0131na inanan bir gen\u00e7liktir. Bunlar bizim vazge\u00e7emedi\u011fimiz konulard\u0131r. Bunlar i\u00e7in m\u00fccadele etmek, hak aramak CHP gen\u00e7li\u011finin olmazsa olmazlar\u0131d\u0131r\u201d diye konu\u015ftu.<\/p>\n<p style=\"text-align: justify;\"><strong>\u201cASKERLER\u0130M\u0130Z\u0130N CAM\u0130LERDE YATMASININ ANLAMINI B\u0130LMEYENLERE ANLATACA\u011eIZ\u201d<\/strong><\/p>\n<p style=\"text-align: justify;\">K\u0131l\u0131\u00e7daro\u011flu, bunlar\u0131 yapman\u0131n yolunun e\u011fitimden ge\u00e7ti\u011fini, e\u011fitimin \u00f6z\u00fcn\u00fcn de tarihi bilmek oldu\u011funu dile getirirken Ba\u015fbakan Recep Tayyip Erdo\u011fan\u2019\u0131n \u201cCHP d\u00f6neminde camiler ah\u0131r yap\u0131ld\u0131\u201d s\u00f6zlerine \u00fcst\u00fc kapal\u0131 olarak yan\u0131t vererek \u201cTarihimizi, ge\u00e7mi\u015fimizi bilece\u011fiz. Ulusal ba\u011f\u0131ms\u0131zl\u0131k sava\u015f\u0131n\u0131 hangi ko\u015fullarda verdi\u011fimizi bilece\u011fiz. Askerlerimizin \u015fehit olmadan \u00f6nce camilerde gelip yatmas\u0131n anlam\u0131n\u0131 bilmeyenlere, bunlar\u0131 nas\u0131l \u00e7arp\u0131tanlara bunlar\u0131 anlataca\u011f\u0131z\u201d dedi.<\/p>\n<p style=\"text-align: justify;\"><strong>\u201c12 EYL\u00dcL FA\u015e\u0130ZM\u0130 DEVR\u0130MC\u0130LER\u0130N \u00dcZER\u0130NDEN S\u0130L\u0130ND\u0130R G\u0130B\u0130 GE\u00c7T\u0130\u201d<\/strong><\/p>\n<p style=\"text-align: justify;\">K\u0131l\u0131\u00e7daro\u011flu, ge\u00e7mi\u015fte siyasete giren gen\u00e7lere a\u011f\u0131r bedeller \u00f6detildi\u011fini kaydeden K\u0131l\u0131\u00e7daro\u011flu, \u201c12 Eyl\u00fcl fa\u015fizmi, solun, devrimcilerin, halk\u00e7\u0131lar\u0131n, demokratlar\u0131n, hukukun \u00fcst\u00fcl\u00fc\u011f\u00fcne inananlar\u0131n \u00fczerinden de bir silindir gibi ge\u00e7ti. Gencecik fidanlar\u0131m\u0131z\u0131 dara\u011fa\u00e7lar\u0131nda yitirdik. Ama unutmamam\u0131z gereken bir \u015fey var, inat da bir muratt\u0131r. Bizi siyasetten yani \u00fclke y\u00f6netiminden al\u0131koymak isteyenler hi\u00e7bir zaman ama\u00e7lar\u0131na ula\u015fmamal\u0131d\u0131rlar\u201d diye konu\u015ftu. K\u0131l\u0131\u00e7daro\u011flu, \u00fclke \u00fczerinde s\u00f6z sahibi olmak isteyenlerin siyasete girmesi gerekti\u011fini, siyasetin de bir maraton ko\u015fusuna benzedi\u011fini anlatt\u0131 ve gen\u00e7lerden kararl\u0131 olmas\u0131n\u0131 istedi. K\u0131l\u0131\u00e7daro\u011flu, \u201cBirileri size d\u00fc\u015f\u00fcncenizi s\u00f6yledi\u011finde \u2018senin \u00fczerine vazife mi?\u2019 diyecektir, \u2018Evet\u2019 diyeceksiniz, \u2018\u00c7\u00fcnk\u00fc bu \u00fclkeyi Mustafa Kemal bana emanet etti. Benim \u00fczerime vazifedir\u2019 diyeceksiniz\u201d diye konu\u015ftu.<\/p>\n<p style=\"text-align: justify;\"><strong>KILI\u00c7DARO\u011eLU\u2019NDAN LEN\u0130N\u2019E ATIF<\/strong><\/p>\n<p style=\"text-align: justify;\">Ekim Devrimi \u00f6nderi ve Sovyetler Birli\u011fi\u2019nin kurucusu Lenin\u2019in \u201cOrganize olmu\u015f az\u0131nl\u0131klar organize olmam\u0131\u015f y\u0131\u011f\u0131nlara h\u00fckmeder\u201d s\u00f6zlerini aktaran K\u0131l\u0131\u00e7daro\u011flu, bu s\u00f6z\u00fcn \u00f6rg\u00fctlenmenin \u00f6nemini g\u00f6sterdi\u011fini belirterek \u201c\u00d6rg\u00fctlenirseniz, g\u00fcc\u00fcn\u00fcz\u00fc birle\u015ftirirseniz, kararl\u0131l\u0131kla yolunuza devam ederseniz sa\u011fl\u0131kl\u0131 bir y\u00f6netim olu\u015fturursunuz. Ama \u00f6rg\u00fctlenmezseniz, toplumun sorunlar\u0131n\u0131 \u00e7\u00f6zmede yetkin olan biziz demezseniz o zaman birileri gelir sizi y\u00f6netir. \u00d6rg\u00fctleneceksiniz, bir araya geleceksiniz, g\u00fcc\u00fcn\u00fcze g\u00fc\u00e7 katacaks\u0131n\u0131z\u201d diye konu\u015ftu.<\/p>\n<p style=\"text-align: justify;\"><strong>KILI\u00c7DARO\u011eLU ORHAN PAMUK\u2019UN DA S\u00d6ZLER\u0130N\u0130 AKTARDI<\/strong><\/p>\n<p style=\"text-align: justify;\">CHP gen\u00e7li\u011finin \u00fcretimden, emekten ve al\u0131nterinden yana oldu\u011funu, al\u0131nterinin sadece kol g\u00fcc\u00fc de\u011fil, d\u00fc\u015f\u00fcnerek de kim emek harc\u0131yorsa ona sayg\u0131 duymalar\u0131 gerekti\u011fini belirten K\u0131l\u0131\u00e7daro\u011flu, \u201cT\u00fcketimin k\u00f6lesi olmayaca\u011f\u0131z. \u00dcretece\u011fiz, hak\u00e7a b\u00f6l\u00fc\u015fece\u011fiz\u201d dedi.<\/p>\n<p style=\"text-align: justify;\">K\u0131l\u0131\u00e7daro\u011flu, Nobel \u00f6d\u00fcll\u00fc yazar Orhan Pamuk\u2019un \u00f6d\u00fcl\u00fcn\u00fc almadan \u00f6nce yapt\u0131\u011f\u0131 Babam\u0131n Bavulu ba\u015fl\u0131kl\u0131 konu\u015fmas\u0131ndan \u201cBana ger\u00e7ekli\u011fe m\u00fcdahale etme \u015fans\u0131 verdi\u011fi i\u00e7in yaz\u0131yorum\u201d s\u00f6zlerini de aktaran K\u0131l\u0131\u00e7daro\u011flu, \u201cSiyaset budur. Hayat\u0131n ger\u00e7eklerini g\u00f6r\u00fcyorsunuz. Ger\u00e7eklerin ne kadar ac\u0131mas\u0131z oldu\u011funu g\u00f6r\u00fcyorsunuz. Ama o ger\u00e7e\u011fe m\u00fcdahale etmenin en sa\u011fl\u0131kl\u0131 yollar\u0131ndan birisi siyasettir. \u00c7ocuklar a\u00e7l\u0131ktan \u00f6l\u00fcyorsa bu bir ger\u00e7ek ama o ger\u00e7e\u011fe en iyi m\u00fcdahale etme yolu siyasettir\u201d diye konu\u015ftu.<\/p>\n<p style=\"text-align: justify;\"><strong>\u201cK\u00dcRT SORUNUNDA 1990\u2019LARIN BA\u015eINA GELD\u0130YSEK S\u0130YASET KURUMU G\u00d6REV\u0130N\u0130 YAPMIYOR\u201d<\/strong><\/p>\n<p style=\"text-align: justify;\">K\u0131l\u0131\u00e7daro\u011flu, gen\u00e7lere \u201cKimsenin adam\u0131 olmay\u0131n, unutmay\u0131n ilkelerin adam\u0131 olun\u201d \u00f6\u011f\u00fcd\u00fcnde bulunurken \u201cBunu yaparsan\u0131z ilkelerinizi y\u00fcceltirsiniz, g\u00f6receksiniz ki halk size ilkelerin dam\u0131 oldu\u011fu i\u00e7in sayg\u0131 duyacakt\u0131r\u201d dedi.<\/p>\n<p style=\"text-align: justify;\">\u201cTer\u00f6r sorunu T\u00fcrkiye\u2019nin teme sorunlar\u0131ndan birisidir. K\u00fcrt sorunu T\u00fcrkiye\u2019nin temel sorunlar\u0131ndan birisidir\u201d diyen K\u0131l\u0131\u00e7daro\u011flu, bu sorunu \u00e7\u00f6zmek i\u00e7in bug\u00fcne kadar en sa\u011fl\u0131kl\u0131 raporlar\u0131 CHP\u2019nin haz\u0131rlad\u0131\u011f\u0131n\u0131 s\u00f6yledi. CHP\u2019nin bu sorunun \u00e7\u00f6z\u00fcm\u00fcne katk\u0131 veren tek parti oldu\u011funu dile getiren K\u0131l\u0131\u00e7daro\u011flu, \u201cE\u011fer bir sorun 30-35 y\u0131ld\u0131r \u00e7\u00f6z\u00fclemiyorsa siyaset kurumu g\u00f6revini yapmad\u0131\u011f\u0131ndan \u00e7\u00f6z\u00fclemiyordur. O kadar m\u00fccadelenin sonunda \u015fimdi 1990\u2019lar\u0131n ba\u015f\u0131na d\u00f6n\u00fcyorsak demek ki siyaset kurumu g\u00f6revini yapm\u0131yor. Sorunun \u00e7\u00f6z\u00fcm adresinin CHP oldu\u011funu her yerde s\u00f6yleyin. K\u00fcrt sorununda da i\u015fsizlikte de ekonomik krizde de ayd\u0131nlar\u0131n, medyan\u0131n sorunlar\u0131nda da \u00e7\u00f6z\u00fcm\u00fcn adresi CHP\u2019dir\u201d diye konu\u015ftu.<\/p>\n<p style=\"text-align: justify;\"><strong>\u201cH\u00dcK\u00dcMET\u2019TEN EKONOM\u0130YLE \u0130LG\u0130L\u0130 \u00c7EL\u0130\u015eK\u0130L\u0130 A\u00c7IKLAMALAR GEL\u0130YOR\u201d<\/strong><\/p>\n<p style=\"text-align: justify;\">K\u0131l\u0131\u00e7daro\u011flu, 26 Haziran\u2019da Ba\u015fbakan Erdo\u011fan\u2019\u0131n T\u00fcrkiye \u0130hracat\u00e7\u0131lar Meclisi\u2019nde ekonomik krizle ilgili olarak \u201cArkada\u015flar ge\u00e7in bu i\u015fleri, T\u00fcrkiye \u015fu anda sa\u011flam sezinde y\u00fcr\u00fcyor krizle mrizle i\u015fimz yok\u201d dedi\u011fini, 15 Temmuz\u2019da ise Ba\u015fbakan Yard\u0131mc\u0131s\u0131 Ali Babacan\u2019\u0131n ilgili kurumlara \u00fc\u00e7 ay \u00f6nce her t\u00fcrl\u00fc k\u00f6t\u00fc senaryoya haz\u0131r olmalar\u0131 talimat\u0131 verdi\u011fini a\u00e7\u0131klad\u0131\u011f\u0131n\u0131 an\u0131msatarak \u201cA\u00e7\u0131k\u00e7a Ba\u015fbakan\u2019\u0131 yalanl\u0131yor, sen yok diyorsun ama biz talimat\u0131 verdik diyor\u201d dedi.<\/p>\n<p style=\"text-align: justify;\">8 Temmuz\u2019da Ba\u015fbakan\u2019\u0131n dalgal\u0131 kur rejiminin s\u00fcrece\u011fini s\u00f6yledi\u011fi, 13 Temmuz ise Ekonomi Bakan\u0131 Zafer \u00c7a\u011flayan\u2019\u0131n cari a\u00e7\u0131\u011f\u0131n problem olmas\u0131n\u0131 TL\u2019nin a\u015f\u0131r\u0131 de\u011ferli olmas\u0131na ba\u011flayarak kurlar\u0131n kontrol edilmesi gerekti\u011fine i\u015faret etti\u011fini an\u0131msatarak \u201cHangisine inanaca\u011f\u0131z? Say\u0131n Babacan\u2019a, Say\u0131n Ba\u015fbakan\u2019a m\u0131 yoksa Say\u0131n \u00c7a\u011flayan\u2019a m\u0131?\u201d diye sordu.<\/p>\n<p style=\"text-align: justify;\"><strong>\u201cDEMOKRAS\u0130 SORUNUMUZ VARSA B\u0130R ALT BA\u015eLI\u011eI DA MEDYADIR\u201d<\/strong><\/p>\n<p style=\"text-align: justify;\">Maliye Bakan\u0131 Mehmet \u015eim\u015fek\u2019in cari a\u00e7\u0131\u011f\u0131 s\u0131k\u0131 para politikas\u0131 uygulayarak \u00e7\u00f6zeceklerini a\u00e7\u0131klad\u0131\u011f\u0131n\u0131, 12 Temmuz\u2019da Bakan \u00c7a\u011flayan\u2019\u0131n \u201cCari a\u00e7\u0131k T\u00fcrkiye i\u00e7in tehlike olu\u015fturmuyor\u201d dedi\u011fini anlatan K\u0131l\u0131\u00e7daro\u011flu, \u201cBir Ekonomi Koordinasyon Kurulu var. Bunlar oturacaklar, tek bir s\u00f6ylemde anla\u015facaklar ve halka anlatacaklar\u201d dedi. K\u0131l\u0131\u00e7daro\u011flu, benzer s\u00f6ylemlerin CHP\u2019de olmas\u0131 durumunda \u201ck\u0131yametin kopart\u0131laca\u011f\u0131n\u0131\u201d s\u00f6yleyen K\u0131l\u0131\u00e7daro\u011flu, \u201cKim yapacak bunu; AKP medyas\u0131, yanda\u015f medya\u201d dedi.<\/p>\n<p style=\"text-align: justify;\">K\u0131l\u0131\u00e7daro\u011flu, CHP\u2019li gen\u00e7lerin medyay\u0131 takip ederken dikkatli olmalar\u0131 gerekti\u011fini ifade ederken \u201cHalk\u0131n iktidar\u0131nda bu medya sorununu da \u00e7\u00f6zece\u011fiz, hi\u00e7 endi\u015feniz olmas\u0131n. \u00d6zg\u00fcr, ba\u011f\u0131ms\u0131z, tarafs\u0131z, halka sa\u011fl\u0131kl\u0131 haber veren bir medyaya bu \u00fclkenin ihtiyac\u0131 var. Demokrasi sorunumuz varsa bunun alt ba\u015fl\u0131klar\u0131ndan biri de medyan\u0131n ba\u011f\u0131ms\u0131z olmamas\u0131d\u0131r, iktidar\u0131n kontrol\u00fcne girmi\u015f olmas\u0131d\u0131r\u201d dedi.<\/p>\n<p style=\"text-align: justify;\"><strong>\u201cGEN\u00c7LER B\u0130R ZAMANLAR ZAP SUYUNA K\u00d6PR\u00dc KURDU\u201d<\/strong><\/p>\n<p style=\"text-align: justify;\">K\u0131l\u0131\u00e7daro\u011flu, CHP\u2019li gen\u00e7lerin s\u0131cak, so\u011fuk, fabrika, tarla, sokak, cadde, kent, k\u0131r delmeden her ortamda \u00e7al\u0131\u015fmalar\u0131 gerekti\u011fini belirterek \u201cHalktan \u00f6nemli bir mesaj ald\u0131k, yolumuza devam edece\u011fiz ama halkla aram\u0131zdaki g\u00fcven k\u00f6pr\u00fcs\u00fcn\u00fc daha sa\u011fl\u0131kl\u0131 kuraca\u011f\u0131z. Unutmay\u0131n bu \u00fclkenin gen\u00e7leri bir zaman Zap suyunun \u00fcst\u00fcne k\u00f6pr\u00fc kurmu\u015ftur. Gen\u00e7ler o d\u00f6nem devletin yapamad\u0131\u011f\u0131n\u0131 yapt\u0131lar. Biz \u015fimdi siyasette belki de bizlerin yapamad\u0131\u011f\u0131n\u0131 s\u00f6zlerin yapmas\u0131n\u0131 isteyece\u011fiz\u201d dedi.<\/p>\n<p style=\"text-align: justify;\">Gen\u00e7li\u011fi olmayan bir partinin gelece\u011finin olamayaca\u011f\u0131n\u0131 s\u00f6yleyen K\u0131l\u0131\u00e7daro\u011flu, CHP\u2019li gen\u00e7lerin yeri geldi\u011finde kendilerini de ele\u015ftirme \u00f6zg\u00fcrl\u00fc\u011f\u00fcne sahip olduklar\u0131n\u0131 ifade ederken gen\u00e7lerden dedikodu yapmamalar\u0131n\u0131, siyasete kilitlenmelerini istedi.<\/p>\n<p style=\"text-align: justify;\">K\u0131l\u0131\u00e7daro\u011flu, CHP hem bir \u00e7\u0131nar hem de filiz oldu\u011funu, 80 y\u0131ll\u0131k mazisiyle g\u00f6rkemli bir \u00e7\u0131nar ayn\u0131 zamanda her gen\u00e7 d\u00fc\u015f\u00fcncenin de bu \u00e7\u0131nar\u0131n bir filizi oldu\u011funu s\u00f6yledi.<\/p>\n<p style=\"text-align: justify;\"><a href=\"http:\/\/www.hurriyet.com.tr\/gundem\/18321502.asp?gid=381\" target=\"_blank\">Kaynak : H\u00fcrriyet.com.tr<\/a><\/p>\n","protected":false},"excerpt":{"rendered":"<p style=\"text-align: center;\">\n<p style=\"text-align: justify;\">CHP Gen\u00e7lik Kollar\u0131\u2019n\u0131n 1. Gen\u00e7lik Sempozyumu, parti genel merkezinde yap\u0131ld\u0131. Sempozyumda a\u00e7\u0131l\u0131\u015f konu\u015fmas\u0131n\u0131 yapan K\u0131l\u0131\u00e7daro\u011flu, &#8216;Benim umudum sizlersiniz&#8217; diyerek sz\u00f6lerine ba\u015flarken, konu\u015fmas\u0131nda Lenin ve Orhan Pamuk&#8217;tan al\u0131nt\u0131lar yapt\u0131. <\/p>\n","protected":false},"author":1,"featured_media":0,"comment_status":"open","ping_status":"open","sticky":false,"template":"","format":"standard","meta":{"footnotes":""},"categories":[105],"tags":[],"class_list":["post-37237","post","type-post","status-publish","format-standard","hentry","category-gundem","odd"],"_links":{"self":[{"href":"http:\/\/www.korhanyilmaz.com\/index.php?rest_route=\/wp\/v2\/posts\/37237","targetHints":{"allow":["GET"]}}],"collection":[{"href":"http:\/\/www.korhanyilmaz.com\/index.php?rest_route=\/wp\/v2\/posts"}],"about":[{"href":"http:\/\/www.korhanyilmaz.com\/index.php?rest_route=\/wp\/v2\/types\/post"}],"author":[{"embeddable":true,"href":"http:\/\/www.korhanyilmaz.com\/index.php?rest_route=\/wp\/v2\/users\/1"}],"replies":[{"embeddable":true,"href":"http:\/\/www.korhanyilmaz.com\/index.php?rest_route=%2Fwp%2Fv2%2Fcomments&post=37237"}],"version-history":[{"count":0,"href":"http:\/\/www.korhanyilmaz.com\/index.php?rest_route=\/wp\/v2\/posts\/37237\/revisions"}],"wp:attachment":[{"href":"http:\/\/www.korhanyilmaz.com\/index.php?rest_route=%2Fwp%2Fv2%2Fmedia&parent=37237"}],"wp:term":[{"taxonomy":"category","embeddable":true,"href":"http:\/\/www.korhanyilmaz.com\/index.php?rest_route=%2Fwp%2Fv2%2Fcategories&post=37237"},{"taxonomy":"post_tag","embeddable":true,"href":"http:\/\/www.korhanyilmaz.com\/index.php?rest_route=%2Fwp%2Fv2%2Ftags&post=37237"}],"curies":[{"name":"wp","href":"https:\/\/api.w.org\/{rel}","templated":true}]}}