{"id":37225,"date":"2011-07-23T12:15:57","date_gmt":"2011-07-23T09:15:57","guid":{"rendered":"http:\/\/www.korhanyilmaz.com\/?p=37225"},"modified":"2011-07-23T13:21:20","modified_gmt":"2011-07-23T10:21:20","slug":"norvec-saldirilarin-sokunda-91-olu","status":"publish","type":"post","link":"http:\/\/www.korhanyilmaz.com\/?p=37225","title":{"rendered":"Norve\u00e7, sald\u0131r\u0131lar\u0131n \u015fokunda: 91 \u00f6l\u00fc"},"content":{"rendered":"<p style=\"text-align: center;\"><a href=\"http:\/\/www.korhanyilmaz.com\/wp-content\/uploads\/2011\/07\/1715.jpg\"  class=\"lightview\"><img loading=\"lazy\" decoding=\"async\" class=\"aligncenter size-full wp-image-37226\" src=\"http:\/\/www.korhanyilmaz.com\/wp-content\/uploads\/2011\/07\/1715.jpg\" alt=\"\" width=\"364\" height=\"221\" \/><\/a><\/p>\n<p style=\"text-align: justify;\">Norve\u00e7&#8217;te d\u00fcn ba\u015fkent Oslo&#8217;da h\u00fck\u00fcmet binalar\u0131n\u0131n bulundu\u011fu b\u00f6lgeye yap\u0131lan bombal\u0131 sald\u0131r\u0131 ile birka\u00e7 saat sonra iktidardaki \u0130\u015f\u00e7i Partisinin gen\u00e7lik kamp\u0131nda d\u00fczenlenen sald\u0131r\u0131da toplam 91 ki\u015fi hayat\u0131n\u0131 kaybetti.<!--more--><\/p>\n<p style=\"text-align: justify;\">\u0130stanbul \/ Oslo- Kuzey Avrupa \u00fclkesi Norve\u00e7&#8217;in ba\u015fkenti Oslo&#8217;nun merkezinde h\u00fck\u00fcmet binalar\u0131n\u0131n bulundu\u011fu b\u00f6lgede d\u00fcn \u00f6\u011flen saatlerinde b\u00fcy\u00fck bir patlama meydana geldi.<\/p>\n<p style=\"text-align: justify;\">Bombal\u0131 sald\u0131r\u0131da h\u00fck\u00fcmet binalar\u0131 b\u00fcy\u00fck hasar g\u00f6rd\u00fc. 7 ki\u015fi \u00f6ld\u00fc, 2&#8217;si a\u011f\u0131r 15 ki\u015fi yaraland\u0131.<\/p>\n<p style=\"text-align: justify;\">Hasar g\u00f6ren 20 katl\u0131 binan\u0131n i\u00e7inde Ba\u015fbakan Jens Stoltenberg&#8217;in ofisi de bulunuyordu.<\/p>\n<p style=\"text-align: justify;\">Ba\u015fbakan\u0131n patlama s\u0131ras\u0131nda evinde oldu\u011fu a\u00e7\u0131kland\u0131.<\/p>\n<p style=\"text-align: justify;\"><strong>\u0130kinci sald\u0131r\u0131 gen\u00e7lik kamp\u0131na<\/strong><\/p>\n<p style=\"text-align: justify;\">Norve\u00e7 ilk sald\u0131r\u0131n\u0131n \u015fokunu atlatamadan ikinci bir sald\u0131r\u0131 haberi de Stoltenberg\u2019in lideri oldu\u011fu \u0130\u015f\u00e7i Partisi\u2019nin d\u00fczenledi\u011fi gen\u00e7lik kamp\u0131ndan geldi.<\/p>\n<p style=\"text-align: justify;\">Sald\u0131rgan\u0131n a\u015f\u0131r\u0131 sa\u011f g\u00f6r\u00fc\u015fl\u00fc oldu\u011fu ve \u0130slam kar\u015f\u0131t\u0131 g\u00f6r\u00fc\u015flere sahip oldu\u011fu a\u00e7\u0131kland\u0131.<\/p>\n<p style=\"text-align: justify;\">Kampta gece saatlerinde d\u00fczenlenen tarihteki en kanl\u0131 silahl\u0131 sald\u0131r\u0131lardan birinde, 84 ki\u015finin \u00f6ld\u00fc\u011f\u00fc bildirilirken, a\u011f\u0131r yaral\u0131lar\u0131n bulunmas\u0131 nedeniyle \u00f6l\u00fc say\u0131s\u0131n\u0131n artmas\u0131ndan endi\u015fe edildi\u011fi kaydediliyor.<\/p>\n<p style=\"text-align: justify;\">Silahl\u0131 sald\u0131r\u0131dan \u00f6nce Ba\u015fbakanl\u0131\u011f\u0131n \u00f6n\u00fcnde d\u00fczenlenen ve 7 ki\u015finin \u00f6l\u00fcm\u00fcne yon a\u00e7an bombal\u0131 sald\u0131r\u0131yla birlikte Bat\u0131 Avrupa, 2004&#8217;te Madrid&#8217;deki 191 ki\u015finin \u00f6ld\u00fc\u011f\u00fc sald\u0131r\u0131dan sonraki en kanl\u0131 ter\u00f6r sald\u0131r\u0131s\u0131yla kar\u015f\u0131 kar\u015f\u0131ya kald\u0131.<\/p>\n<p style=\"text-align: justify;\">Polis m\u00fcd\u00fcr\u00fc Sveinung Sponheim da yapt\u0131\u011f\u0131 a\u00e7\u0131klamada, sald\u0131r\u0131dan sonra ka\u00e7an ve bir s\u00fcre sonra yakalanan \u015f\u00fcphelinin internetteki mesajlar\u0131n\u0131 incelediklerini, kendisinin de baz\u0131 bilgiler verdi\u011fini belirtti. Sponheim, &#8220;soru\u015fturma a\u00e7\u0131s\u0131ndan ilgin\u00e7 baz\u0131 bilgiler verdi. Bu bilgilerle daha ileri gidece\u011fiz&#8221; dedi.<\/p>\n<p style=\"text-align: justify;\">Sponheim, sald\u0131r\u0131n\u0131n arkas\u0131nda birka\u00e7 ki\u015finin bulunabilece\u011fi varsay\u0131m\u0131 \u00fczerinde durduklar\u0131n\u0131, sald\u0131r\u0131da &#8220;en az 1 otomatik t\u00fcfe\u011fin kullan\u0131ld\u0131\u011f\u0131n\u0131&#8221; kaydetti.<\/p>\n<p style=\"text-align: justify;\">Polisin verdi\u011fi bilgiye g\u00f6re sald\u0131rgan 32 ya\u015f\u0131nda, uzun boylu ve sar\u0131\u015f\u0131n. G\u00f6rg\u00fc tan\u0131klar\u0131na g\u00f6re Utoeya adl\u0131 k\u00fc\u00e7\u00fck tatil adas\u0131nda \u00e7evrede ka\u00e7\u0131\u015fan gen\u00e7lerin \u00fczerine rastgele ate\u015f a\u00e7t\u0131.<\/p>\n<p style=\"text-align: justify;\">Bir g\u00f6rg\u00fc tan\u0131\u011f\u0131, suya atlayanlar\u0131n oldu\u011funu, en az 50 ki\u015finin y\u00fczerek kar\u015f\u0131 k\u0131y\u0131ya \u00e7\u0131kmaya \u00e7al\u0131\u015ft\u0131\u011f\u0131n\u0131 g\u00f6rd\u00fc\u011f\u00fcn\u00fc, sald\u0131rgan\u0131n y\u00fczenleri de silah\u0131yla tarad\u0131\u011f\u0131n\u0131 belirtti. 42 ya\u015f\u0131ndaki g\u00f6rg\u00fc tan\u0131\u011f\u0131 Anita Lien, gen\u00e7lerin deh\u015fet i\u00e7erisinde ka\u00e7\u0131\u015ft\u0131klar\u0131n\u0131 s\u00f6yleyerek, &#8220;t\u00fcm\u00fc \u00e7ok gen\u00e7, 14-19 ya\u015f aras\u0131nda&#8221; dedi. G\u00f6rg\u00fc tan\u0131klar\u0131, sald\u0131rgan\u0131n polis \u00fcniformas\u0131 giydi\u011fini belirtti.<\/p>\n<p style=\"text-align: justify;\">Gece yaral\u0131lar botlarla aran\u0131rken, adaya helikopterler de geldi.<\/p>\n<p style=\"text-align: justify;\"><strong>30 dakika zaman\u0131 vard\u0131<\/strong><\/p>\n<p style=\"text-align: justify;\">Polis yetkilisi Johan Fredrisken, a\u00e7t\u0131\u011f\u0131 rastgele ate\u015fle 84 ki\u015fiyi vurarak \u00f6ld\u00fcren sald\u0131rgan\u0131n, SWAT timleri adaya gelinceye kadar 30 dakika zaman\u0131n\u0131n oldu\u011funu kaydetti.<\/p>\n<p style=\"text-align: justify;\">Bombal\u0131 sald\u0131r\u0131n\u0131n ard\u0131ndan bir SWAT timinin haz\u0131r tutuldu\u011funu belirten Fredrisken, ilk ate\u015fin a\u00e7\u0131lmas\u0131ndan sonra timin adaya ula\u015fmas\u0131n\u0131n ne kadar s\u00fcrd\u00fc\u011f\u00fcn\u00fcn sorulmas\u0131 \u00fczerine, &#8220;Yakla\u015f\u0131k 30 dakika&#8221; dedi.<\/p>\n<p style=\"text-align: justify;\"><strong>Bombal\u0131 sald\u0131r\u0131dan da sorumlu tutuldu<\/strong><\/p>\n<p style=\"text-align: justify;\">Sald\u0131rgan, ba\u015fkent Oslo&#8217;nun merkezinde d\u00fczenlenen bombal\u0131 sald\u0131r\u0131dan da sorumlu tutuldu.<\/p>\n<p style=\"text-align: justify;\">Polis yetkilisi Roger Andresen, bas\u0131na yapt\u0131\u011f\u0131 a\u00e7\u0131klamada, a\u015f\u0131r\u0131 sa\u011f g\u00f6r\u00fc\u015fl\u00fc, Norve\u00e7li 32 ya\u015f\u0131ndaki \u015f\u00fcpheliyi iki sald\u0131r\u0131dan da sorumlu tutmak i\u00e7in kan\u0131tlar\u0131n bulundu\u011funu belirtti.<\/p>\n<p style=\"text-align: justify;\">\u015e\u00fcphelinin polisle i\u015fbirli\u011fi yapt\u0131\u011f\u0131n\u0131 s\u00f6yleyen Andresen, bu ki\u015finin Hristiyan k\u00f6kten dinci g\u00f6r\u00fc\u015fl\u00fc internet sitelerinde yorumlar yapt\u0131\u011f\u0131n\u0131 s\u00f6yledi ancak bu sitelerin hangileri oldu\u011funa ili\u015fkin ayr\u0131nt\u0131l\u0131 bilgi vermedi.<\/p>\n<p style=\"text-align: justify;\">\u015e\u00fcphelinin, sosyal payla\u015f\u0131m sitesi facebook&#8217;taki sayfas\u0131ndaki profiline, &#8220;muhafazakar, Hristiyan ve bekar oldu\u011funu&#8221;, ayr\u0131ca av ve &#8220;World of Warcraft&#8221; ve &#8220;Modern Warfare 2&#8221; gibi sava\u015f oyunlar\u0131yla ilgilendi\u011fini yazd\u0131\u011f\u0131 belirtildi.<\/p>\n<p style=\"text-align: justify;\">Daha \u00f6nce a\u00e7\u0131klamas\u0131nda polis, kamptaki sald\u0131r\u0131n\u0131n arkas\u0131nda birka\u00e7 ki\u015finin bulunabilece\u011fi varsay\u0131m\u0131 \u00fczerinde durduklar\u0131n\u0131 belirtmi\u015fti.<\/p>\n<p style=\"text-align: justify;\">Sald\u0131r\u0131n\u0131n d\u00fczenlendi\u011fi ada, 25 kilometre uzunlukta ve 12 kilometre geni\u015flikteki Tyrifjorden g\u00f6l\u00fcnde, k\u0131y\u0131ya yakla\u015f\u0131k 500 metre mesafede bulunuyor. \u00c7ok say\u0131da ki\u015fi y\u00fczerek kar\u015f\u0131 k\u0131y\u0131ya ka\u00e7maya \u00e7al\u0131\u015ft\u0131\u011f\u0131 i\u00e7in suda da ceset aran\u0131yor. Polis, ele ge\u00e7irilen ki\u015finin ad\u0131n\u0131 a\u00e7\u0131klamazken ulusal radyo NRK, bu ki\u015finin 32 ya\u015f\u0131ndaki Anders Behring Breivik oldu\u011funu kaydetti. Bas\u0131nda bu ki\u015finin foto\u011fraflar\u0131 da yay\u0131mland\u0131.<\/p>\n<p style=\"text-align: justify;\"><strong>Tehdit d\u00fczeyi de\u011fi\u015fmedi<\/strong><\/p>\n<p style=\"text-align: justify;\">Bu arada, Norve\u00e7 Adalet Bakanl\u0131\u011f\u0131 d\u00fcnk\u00fc katliam\u0131n ard\u0131ndan \u00fclkedeki tehdit d\u00fczeyinin de\u011fi\u015ftirilmedi\u011fini bildirdi.<\/p>\n<p style=\"text-align: justify;\">D\u00fcnk\u00fc sald\u0131r\u0131lar\u0131n ard\u0131ndan Norve\u00e7&#8217;in kar\u015f\u0131 kar\u015f\u0131ya bulundu\u011fu tehdit d\u00fczeyine ili\u015fkin de\u011ferlendirmenin s\u00fcrd\u00fc\u011f\u00fc kaydedildi.<\/p>\n<p style=\"text-align: justify;\"><strong>&#8220;\u00c7ocuklu\u011fumun cenneti d\u00fcn cehenneme d\u00f6n\u00fc\u015ft\u00fc&#8221;<\/strong><\/p>\n<p style=\"text-align: justify;\">Ba\u015fbakan Jens Stoltenberg, Oslo&#8217;da d\u00fczenledi\u011fi bas\u0131n toplant\u0131s\u0131nda, gen\u00e7lik kamp\u0131na d\u00fczenlenen sald\u0131r\u0131ya i\u015faret ederek, &#8220;\u00c7ocuklu\u011fumun cenneti d\u00fcn cehenneme d\u00f6n\u00fc\u015ft\u00fc&#8221; dedi. Stoltenberg, gen\u00e7li\u011finde bu adaya s\u0131k gitti\u011fini belirtti.<\/p>\n<p style=\"text-align: justify;\"><strong>Norve\u00e7 halk\u0131 \u015fokta<\/strong><\/p>\n<p style=\"text-align: justify;\">D\u00fcnyan\u0131n en varl\u0131kl\u0131 ve sakin \u00fclkelerinden biri olan 5 milyon n\u00fcfuslu Norve\u00e7&#8217;te b\u00f6yle bir olay olmas\u0131 kamuoyunda ciddi bir \u015fok yaratt\u0131.<\/p>\n<p style=\"text-align: justify;\">Bu olay\u0131n Norve\u00e7&#8217;te \u0130kinci D\u00fcnya Sava\u015f\u0131&#8217;ndan bu yana ya\u015fanan ilk patlama oldu\u011fu ifade ediliyor.<\/p>\n<p style=\"text-align: justify;\">\u00dclke tarihinde siyasi \u015fiddet olaylar\u0131 neredeyse yok denecek kadar az ancak Norve\u00e7 istihbarat ajans\u0131 PST, \u015eubat ay\u0131nda yapt\u0131\u011f\u0131 a\u00e7\u0131klamada radikal \u0130slam&#8217;in \u00fclkede ciddi bir tehdit oldu\u011funu ifade etmi\u015fti.<\/p>\n<p style=\"text-align: justify;\">PST&#8217;nin raporunda, &#8220;Norve\u00e7&#8217;te radikal \u0130slam&#8217;\u0131 destekleyen \u00e7ok az say\u0131da insan olsa da baz\u0131 gruplar\u0131n i\u00e7indeki faaliyetler 2011 y\u0131l\u0131nda g\u00fcvenlik riskini art\u0131rabilir&#8221; denmi\u015fti.<\/p>\n<p style=\"text-align: justify;\"><strong>NATO, AB ve bir\u00e7ok \u00fclke k\u0131nad\u0131<\/strong><\/p>\n<p style=\"text-align: justify;\">Norve\u00e7&#8217;te d\u00fczenlenen sald\u0131r\u0131lar, NATO, Avrupa Konseyi ve bir\u00e7ok \u00fclke taraf\u0131ndan k\u0131nand\u0131.<\/p>\n<p style=\"text-align: justify;\">NATO Genel Sekreteri Anders Fogh Rasmussen, Norve\u00e7&#8217;te \u015fiddet eylemlerini &#8221;korkun\u00e7&#8221; olarak niteledi.<\/p>\n<p style=\"text-align: justify;\">Rasmussen, &#8221;NATO ad\u0131na, bu eylemleri en sert \u015fekilde k\u0131nad\u0131\u011f\u0131n\u0131 ve ba\u015fsa\u011fl\u0131\u011f\u0131 diledi\u011fini&#8221; belirtti.<\/p>\n<p style=\"text-align: justify;\">Avrupa Konseyi Ba\u015fkan\u0131 Herman Van Rompuy, en sert dille sald\u0131r\u0131lar\u0131 k\u0131nad\u0131\u011f\u0131n\u0131 ve \u015foke oldu\u011funu belirtirken, Avrupa Parlamentosu Ba\u015fkan\u0131 Jerzy Buzek, Norve\u00e7&#8217;in d\u00fcnyan\u0131n en istikrars\u0131z b\u00f6lgelerinde bar\u0131\u015fa hizmet etti\u011fini, en son haketti\u011fi \u015feyin topraklar\u0131nda bir ter\u00f6r sald\u0131r\u0131s\u0131 oldu\u011funu ifade etti.<\/p>\n<p style=\"text-align: justify;\">Van Rompuy, Norve\u00e7 Ba\u015fbakan\u0131na ba\u015fsa\u011fl\u0131\u011f\u0131 diledi ve AB&#8217;nin dayan\u0131\u015fma mesaj\u0131n\u0131 iletti\u011fini belirtti.<\/p>\n<p style=\"text-align: justify;\">Norve\u00e7lilere ba\u015fsa\u011fl\u0131\u011f\u0131 dileyen ABD Ba\u015fkan\u0131 Barack Obama da, &#8221;Norve\u00e7lilerle beraberiz, m\u00fcmk\u00fcn olan yard\u0131m\u0131 sa\u011flayaca\u011f\u0131z&#8221; dedi.<\/p>\n<p style=\"text-align: justify;\">T\u00fcrkiye, D\u0131\u015fi\u015fleri Bakanl\u0131\u011f\u0131&#8217;ndan yap\u0131lan a\u00e7\u0131klamada, sald\u0131r\u0131 k\u0131nanarak, \u015funlar kaydedildi:<\/p>\n<p style=\"text-align: justify;\">&#8220;T\u00fcrkiye, masum insanlar\u0131n hayat\u0131na kasteden bu t\u00fcr ter\u00f6r eylemleriyle uluslararas\u0131 camian\u0131n dayan\u0131\u015fma i\u00e7inde m\u00fccadele etmesi gerekti\u011fine inanmaktad\u0131r. Her zaman bar\u0131\u015f ve dostlu\u011fun yan\u0131nda olan Norve\u00e7 halk\u0131 ve Norve\u00e7 h\u00fck\u00fcmetinin bu zor g\u00fcnlerinde yan\u0131nda oldu\u011fumuzu ifade etmek istiyoruz.&#8221;<\/p>\n<p style=\"text-align: justify;\">\u0130ngiltere D\u0131\u015fi\u015fleri Bakan\u0131 William Hague da, t\u00fcm ter\u00f6r eylemlerini k\u0131nad\u0131klar\u0131n\u0131 hat\u0131rlatarak, \u00f6lenlerin yak\u0131nlar\u0131na ba\u015fsa\u011fl\u0131\u011f\u0131 ve yaral\u0131lara acil \u015fifa dilerken Fransa Cumhurba\u015fkan\u0131 Nicolas Sarkozy, Stoltenberg&#8217;e g\u00f6nderdi\u011fi mektupta ba\u015fsa\u011fl\u0131\u011f\u0131 diledi ve &#8221;korkun\u00e7 ve kabul edilemez eylemi en sert dille k\u0131nad\u0131\u011f\u0131n\u0131&#8221; ifade etti.<\/p>\n<p style=\"text-align: justify;\"><a href=\"http:\/\/www.cumhuriyet.com.tr\/?hn=263414&amp;kw=Norve%E7%2C+sald%FDr%FDlar%FDn+%FEokunda%3A+91+%F6l%FC+\" target=\"_blank\">Kaynak : Cumhuriyet Haber Portal\u0131<\/a><\/p>\n","protected":false},"excerpt":{"rendered":"<p style=\"text-align: center;\">\n<p style=\"text-align: justify;\">Norve\u00e7&#8217;te d\u00fcn ba\u015fkent Oslo&#8217;da h\u00fck\u00fcmet binalar\u0131n\u0131n bulundu\u011fu b\u00f6lgeye yap\u0131lan bombal\u0131 sald\u0131r\u0131 ile birka\u00e7 saat sonra iktidardaki \u0130\u015f\u00e7i Partisinin gen\u00e7lik kamp\u0131nda d\u00fczenlenen sald\u0131r\u0131da toplam 91 ki\u015fi hayat\u0131n\u0131 kaybetti.<\/p>\n","protected":false},"author":1,"featured_media":0,"comment_status":"open","ping_status":"open","sticky":false,"template":"","format":"standard","meta":{"footnotes":""},"categories":[105],"tags":[],"class_list":["post-37225","post","type-post","status-publish","format-standard","hentry","category-gundem","odd"],"_links":{"self":[{"href":"http:\/\/www.korhanyilmaz.com\/index.php?rest_route=\/wp\/v2\/posts\/37225","targetHints":{"allow":["GET"]}}],"collection":[{"href":"http:\/\/www.korhanyilmaz.com\/index.php?rest_route=\/wp\/v2\/posts"}],"about":[{"href":"http:\/\/www.korhanyilmaz.com\/index.php?rest_route=\/wp\/v2\/types\/post"}],"author":[{"embeddable":true,"href":"http:\/\/www.korhanyilmaz.com\/index.php?rest_route=\/wp\/v2\/users\/1"}],"replies":[{"embeddable":true,"href":"http:\/\/www.korhanyilmaz.com\/index.php?rest_route=%2Fwp%2Fv2%2Fcomments&post=37225"}],"version-history":[{"count":0,"href":"http:\/\/www.korhanyilmaz.com\/index.php?rest_route=\/wp\/v2\/posts\/37225\/revisions"}],"wp:attachment":[{"href":"http:\/\/www.korhanyilmaz.com\/index.php?rest_route=%2Fwp%2Fv2%2Fmedia&parent=37225"}],"wp:term":[{"taxonomy":"category","embeddable":true,"href":"http:\/\/www.korhanyilmaz.com\/index.php?rest_route=%2Fwp%2Fv2%2Fcategories&post=37225"},{"taxonomy":"post_tag","embeddable":true,"href":"http:\/\/www.korhanyilmaz.com\/index.php?rest_route=%2Fwp%2Fv2%2Ftags&post=37225"}],"curies":[{"name":"wp","href":"https:\/\/api.w.org\/{rel}","templated":true}]}}