{"id":37222,"date":"2011-07-23T11:03:45","date_gmt":"2011-07-23T08:03:45","guid":{"rendered":"http:\/\/www.korhanyilmaz.com\/?p=37222"},"modified":"2011-07-23T13:15:03","modified_gmt":"2011-07-23T10:15:03","slug":"kurt-sorununda-basa-donuldu","status":"publish","type":"post","link":"http:\/\/www.korhanyilmaz.com\/?p=37222","title":{"rendered":"K\u00fcrt sorununda ba\u015fa d\u00f6n\u00fcld\u00fc"},"content":{"rendered":"<p style=\"text-align: center;\"><a href=\"http:\/\/www.korhanyilmaz.com\/wp-content\/uploads\/2011\/07\/1714.jpg\"  class=\"lightview\"><img loading=\"lazy\" decoding=\"async\" class=\"aligncenter size-full wp-image-37223\" src=\"http:\/\/www.korhanyilmaz.com\/wp-content\/uploads\/2011\/07\/1714.jpg\" alt=\"\" width=\"307\" height=\"236\" \/><\/a><\/p>\n<p style=\"text-align: justify;\">Ba\u015fbakan Erdo\u011fan&#8217;\u0131n i\u00e7 g\u00fcvenlik harek\u00e2tlar\u0131nda polisin de g\u00f6rev yapmas\u0131 i\u00e7in harekete ge\u00e7ildi\u011fini a\u00e7\u0131klamas\u0131n\u0131n ard\u0131ndan 2005&#8217;te ba\u015flayan ancak toplumsal b\u00f6l\u00fcnmeyi tetiklemek d\u0131\u015f\u0131nda hi\u00e7bir ad\u0131m\u0131n at\u0131lmad\u0131\u011f\u0131 s\u00fcre\u00e7 resmen bitirilmi\u015f oldu. <!--more--><\/p>\n<p style=\"text-align: justify;\">Ba\u015fbakan Erdo\u011fan\u2019\u0131n Diyarbak\u0131r\u2019da 2005 y\u0131l\u0131nda \u201cK\u00fcrt sorunu vard\u0131r\u201d a\u00e7\u0131klamas\u0131yla ba\u015flayan, K\u00fcrt sorununda, \u00e7\u00f6z\u00fcm aray\u0131\u015flar\u0131nda en ba\u015fa d\u00f6n\u00fcld\u00fc. K\u00fcrt a\u00e7\u0131l\u0131m\u0131 politikas\u0131n\u0131n Habur\u2019da iflas etmesiyle giderek gerginle\u015fen ortamda a\u00e7\u0131l\u0131m defteri kapand\u0131, Silvan\u2019da 13 askerin \u015fehit edilmesinin ard\u0131ndan silahl\u0131 m\u00fccadele, s\u0131n\u0131r \u00f6tesi operasyon ve 90\u2019l\u0131 y\u0131llarda oldu\u011fu gibi polisin ter\u00f6rle m\u00fccadelede kullan\u0131lmas\u0131 g\u00fcndeme al\u0131nd\u0131.<\/p>\n<p style=\"text-align: justify;\">AKP\u2019nin, 2002 y\u0131l\u0131nda iktidara gelmesinin hemen ard\u0131ndan dolayl\u0131 yollardan varl\u0131\u011f\u0131n\u0131 kabul etti\u011fi K\u00fcrt sorununa ili\u015fkin en a\u00e7\u0131k beyanat 2005 y\u0131l\u0131nda Diyarbak\u0131r\u2019da bizzat Ba\u015fbakan Recep Tayyip Erdo\u011fan taraf\u0131ndan verildi.<\/p>\n<p style=\"text-align: justify;\">\u201cK\u00fcrt sorunu vard\u0131r. Bu sorunu da biz \u00e7\u00f6zece\u011fiz\u201d diyen Erdo\u011fan, ge\u00e7mi\u015fte b\u00fcy\u00fck hatalar yap\u0131ld\u0131\u011f\u0131n\u0131 belirterek devletin K\u00fcrt sorununa bak\u0131\u015f a\u00e7\u0131s\u0131n\u0131n de\u011fi\u015fece\u011finin sinyallerini verdi.<\/p>\n<p style=\"text-align: justify;\"><strong>G\u00fcl: &#8220;\u0130yi \u015feyler olacak&#8221;<\/strong><\/p>\n<p style=\"text-align: justify;\">Erdo\u011fan\u2019\u0131n a\u00e7\u0131klamalar\u0131n\u0131n ard\u0131ndan K\u00fcrt kamuoyu sorunun \u00e7\u00f6z\u00fcm\u00fc i\u00e7in b\u00fcy\u00fck bir beklenti i\u00e7erisine girdi. AKP, 2007 se\u00e7imlerinde b\u00f6lgede b\u00fcy\u00fck destek buldu. Cumhurba\u015fkan\u0131 Abdullah G\u00fcl\u2019\u00fcn \u201c\u0130yi \u015feyler olacak\u201d \u015feklindeki a\u00e7\u0131klamas\u0131n\u0131n ard\u0131ndan K\u00fcrt sorununun \u00e7\u00f6z\u00fcm\u00fc kamuoyunda ciddi olarak tart\u0131\u015f\u0131lmaya ba\u015fland\u0131.<\/p>\n<p style=\"text-align: justify;\">\u201cK\u00fcrt a\u00e7\u0131l\u0131m\u0131\u201d, \u201cDemokratik a\u00e7\u0131l\u0131m\u201d, \u201cMilli Birlik ve Beraberlik Projesi\u201d gibi ad\u0131 bir t\u00fcrl\u00fc netle\u015fmeyen a\u00e7\u0131l\u0131m s\u00fcrecinde kafa kar\u0131\u015f\u0131kl\u0131\u011f\u0131 giderilemedi. K\u00fcrt\u00e7e yay\u0131n yapan TRT \u015ee\u015f d\u0131\u015f\u0131nda somut ad\u0131m at\u0131lamad\u0131.<\/p>\n<p style=\"text-align: justify;\">21 Ekim 2007\u2019de 13 askerin \u015fehit olup 8\u2019inin de ka\u00e7\u0131r\u0131ld\u0131\u011f\u0131 Da\u011fl\u0131ca bask\u0131n\u0131 ve 9 May\u0131s 2008\u2019de Akt\u00fct\u00fcn Karakolu\u2019na d\u00fczenlenen bask\u0131nda 6 askerin \u015fehit edilmesinin ard\u0131ndan kamuoyu ikiye b\u00f6l\u00fcnd\u00fc.<\/p>\n<p style=\"text-align: justify;\">Ter\u00f6r \u00f6rg\u00fct\u00fc PKK lideri Abdullah \u00d6calan\u2019\u0131n \u00e7a\u011fr\u0131s\u0131yla 19 Ekim 2009\u2019da 8\u2019i da\u011f kadrosundan 34 PKK\u2019l\u0131n\u0131n Habur\u2019dan giri\u015f yapmas\u0131 \u00fczerine yap\u0131lan kar\u015f\u0131lama t\u00f6reni kamuoyunda b\u00fcy\u00fck tepki \u00e7ekerken s\u00fcre\u00e7te de ilk \u00e7atlak olu\u015ftu. Bunun hemen ard\u0131ndan 7 Aral\u0131k 2009\u2019da Tokat\u2019\u0131n Re\u015fadiye il\u00e7esinde 7 askerin \u015fehit edilmesi \u00fczerine a\u00e7\u0131l\u0131m s\u00fcreci durdu. Ter\u00f6r sald\u0131r\u0131lar\u0131n\u0131n ard\u0131ndan AKP, sert mesajlar verip s\u00fcreci bir s\u00fcre durdururken di\u011fer yandan \u0130mral\u0131\u2019da bulunan ter\u00f6r \u00f6rg\u00fct\u00fc \u00d6calan ile M\u0130T heyetinin g\u00f6r\u00fc\u015fme yapt\u0131\u011f\u0131 ortaya \u00e7\u0131kt\u0131.<\/p>\n<p style=\"text-align: justify;\"><strong>KCK operasyonlar\u0131<\/strong><\/p>\n<p style=\"text-align: justify;\">Ter\u00f6r \u00f6rg\u00fct\u00fc PKK\u2019n\u0131n kent yap\u0131lanmas\u0131 oldu\u011fu gerek\u00e7esiyle 2000\u2019den fazla K\u00fcrt siyaset\u00e7inin tutuklanmas\u0131, belediye ba\u015fkanlar\u0131n\u0131n ellerinde kelep\u00e7eyle mahkemeye g\u00f6t\u00fcr\u00fclmesi ise b\u00f6lgede tansiyonu y\u00fckseltti. A\u00e7\u0131l\u0131m\u0131n ba\u015flang\u0131c\u0131nda s\u0131cak mesajler veren Erdo\u011fan, \u00f6zellikle BDP\u2019ye y\u00f6nelik s\u00f6ylemini giderek sertle\u015ftirdi.<\/p>\n<p style=\"text-align: justify;\">Ad\u0131 bile konamayan a\u00e7\u0131l\u0131m s\u00fcreci ve ter\u00f6r sald\u0131r\u0131lar\u0131yla gerilen ortam, Bursa\u2019n\u0131n \u0130neg\u00f6l il\u00e7esi, Bal\u0131kesir ve Hatay D\u00f6rtyol\u2019da K\u00fcrt k\u00f6kenli yurtta\u015flara y\u00f6nelik sald\u0131r\u0131lara d\u00f6n\u00fc\u015ft\u00fc. Erdo\u011fan\u2019\u0131n se\u00e7im \u00f6ncesinde s\u00f6yledi\u011fi \u201cK\u00fcrt sorunu yoktur, K\u00fcrt sorunu \u00e7\u00f6z\u00fclm\u00fc\u015ft\u00fcr, benim i\u00e7in bitmi\u015ftir\u201d s\u00f6zleri de gelinen noktay\u0131 g\u00f6zler \u00f6n\u00fcne serdi.<\/p>\n<p style=\"text-align: justify;\"><strong>Hatip Dicle&#8217;nin vekilli\u011finin d\u00fc\u015f\u00fcr\u00fclmesi<\/strong><\/p>\n<p style=\"text-align: justify;\">BDP\u2019nin destekledi\u011fi ba\u011f\u0131ms\u0131z aday Hatip Dicle\u2019nin milletvekilli\u011finin YSK taraf\u0131ndan d\u00fc\u015f\u00fcr\u00fclmesi ve KCK tutuklusu milletvekillerinin serbest b\u0131rak\u0131lmamas\u0131 \u00fczerine BDP, Meclisi boykot karar\u0131 al\u0131rken AKP ile BDP yetkililerinin g\u00f6r\u00fc\u015fmeye ba\u015flamas\u0131 ve ter\u00f6r \u00f6rg\u00fct\u00fc PKK lideri \u00d6calan\u2019\u0131n \u201cBar\u0131\u015f konseyi i\u00e7in mutabakata vard\u0131k\u201d a\u00e7\u0131klamas\u0131ndan k\u0131sa bir s\u00fcre sonra Diyarbak\u0131r\u2019\u0131n Silvan il\u00e7esinde 14 Temmuz g\u00fcn\u00fc 13 askerin yemek molas\u0131nda \u015fehit edilmesi ba\u015flamadan biten a\u00e7\u0131l\u0131m s\u00fcrecinde son nokta oldu ve iyice y\u00fckselen tansiyon, T\u00fcrk ve K\u00fcrt yurtta\u015flar\u0131 \u00e7at\u0131\u015fma noktas\u0131na getirdi.<\/p>\n<p style=\"text-align: justify;\">Erdo\u011fan, 13 askerin \u015fehit edilmesinin ard\u0131ndan \u201cBu k\u00f6t\u00fc niyetli davran\u0131\u015flar bizden hi\u00e7bir yerde iyi niyet beklemesinler. Onlar da siyasi uzant\u0131lar\u0131 da&#8230; Bu \u00fclkede art\u0131k K\u00fcrt sorunu yoktur. Bu \u00fclkede PKK sorunu vard\u0131r\u201d diyerek s\u00f6ylemini iyice sertle\u015ftirdi.<\/p>\n<p style=\"text-align: justify;\"><a href=\"http:\/\/www.cnnturk.com\/2011\/yazarlar\/07\/23\/kurt.sorununda.basa.donuldu\/623771.0\/index.html\" target=\"_blank\">Kaynak : CNN T\u00dcRK<\/a><\/p>\n","protected":false},"excerpt":{"rendered":"<p style=\"text-align: center;\">\n<p style=\"text-align: justify;\">Ba\u015fbakan Erdo\u011fan&#8217;\u0131n i\u00e7 g\u00fcvenlik harek\u00e2tlar\u0131nda polisin de g\u00f6rev yapmas\u0131 i\u00e7in harekete ge\u00e7ildi\u011fini a\u00e7\u0131klamas\u0131n\u0131n ard\u0131ndan 2005&#8217;te ba\u015flayan ancak toplumsal b\u00f6l\u00fcnmeyi tetiklemek d\u0131\u015f\u0131nda hi\u00e7bir ad\u0131m\u0131n at\u0131lmad\u0131\u011f\u0131 s\u00fcre\u00e7 resmen bitirilmi\u015f oldu. <\/p>\n","protected":false},"author":1,"featured_media":0,"comment_status":"open","ping_status":"open","sticky":false,"template":"","format":"standard","meta":{"footnotes":""},"categories":[105],"tags":[],"class_list":["post-37222","post","type-post","status-publish","format-standard","hentry","category-gundem","odd"],"_links":{"self":[{"href":"http:\/\/www.korhanyilmaz.com\/index.php?rest_route=\/wp\/v2\/posts\/37222","targetHints":{"allow":["GET"]}}],"collection":[{"href":"http:\/\/www.korhanyilmaz.com\/index.php?rest_route=\/wp\/v2\/posts"}],"about":[{"href":"http:\/\/www.korhanyilmaz.com\/index.php?rest_route=\/wp\/v2\/types\/post"}],"author":[{"embeddable":true,"href":"http:\/\/www.korhanyilmaz.com\/index.php?rest_route=\/wp\/v2\/users\/1"}],"replies":[{"embeddable":true,"href":"http:\/\/www.korhanyilmaz.com\/index.php?rest_route=%2Fwp%2Fv2%2Fcomments&post=37222"}],"version-history":[{"count":0,"href":"http:\/\/www.korhanyilmaz.com\/index.php?rest_route=\/wp\/v2\/posts\/37222\/revisions"}],"wp:attachment":[{"href":"http:\/\/www.korhanyilmaz.com\/index.php?rest_route=%2Fwp%2Fv2%2Fmedia&parent=37222"}],"wp:term":[{"taxonomy":"category","embeddable":true,"href":"http:\/\/www.korhanyilmaz.com\/index.php?rest_route=%2Fwp%2Fv2%2Fcategories&post=37222"},{"taxonomy":"post_tag","embeddable":true,"href":"http:\/\/www.korhanyilmaz.com\/index.php?rest_route=%2Fwp%2Fv2%2Ftags&post=37222"}],"curies":[{"name":"wp","href":"https:\/\/api.w.org\/{rel}","templated":true}]}}