{"id":37218,"date":"2011-07-23T12:22:36","date_gmt":"2011-07-23T09:22:36","guid":{"rendered":"http:\/\/www.korhanyilmaz.com\/?p=37218"},"modified":"2011-07-23T13:00:19","modified_gmt":"2011-07-23T10:00:19","slug":"bahceli-dagdaki-eskiyanin-sehir-uzantisi","status":"publish","type":"post","link":"http:\/\/www.korhanyilmaz.com\/?p=37218","title":{"rendered":"Bah\u00e7eli: &#8220;Da\u011fdaki e\u015fk\u0131yan\u0131n \u015fehir uzant\u0131s\u0131&#8230;&#8221;"},"content":{"rendered":"<p style=\"text-align: center;\"><a href=\"http:\/\/www.korhanyilmaz.com\/wp-content\/uploads\/2011\/07\/1713.jpg\"  class=\"lightview\"><img loading=\"lazy\" decoding=\"async\" class=\"aligncenter size-full wp-image-37219\" src=\"http:\/\/www.korhanyilmaz.com\/wp-content\/uploads\/2011\/07\/1713.jpg\" alt=\"\" width=\"307\" height=\"236\" \/><\/a><\/p>\n<p style=\"text-align: justify;\">MHP lideri Devlet Bah\u00e7eli, ter\u00f6r faaliyetlerinin h\u0131zlanmas\u0131 ve toplumda artan gerilime y\u00f6nelik yaz\u0131l\u0131 bir a\u00e7\u0131klama yapt\u0131. Bah\u00e7eli, \u201cDa\u011flardaki e\u015fk\u0131yan\u0131n \u015fehirlerdeki uzant\u0131lar\u0131; caddeleri, sokak aralar\u0131n\u0131 ya\u015fanmaz hale getirerek, olu\u015fturulmaya \u00e7al\u0131\u015f\u0131lan T\u00fcrk ve K\u00fcrt kar\u015f\u0131tl\u0131\u011f\u0131n\u0131n fitilini ate\u015flemek istemektedirler&#8221; dedi. <!--more--><\/p>\n<p style=\"text-align: justify;\">Bah\u00e7eli a\u00e7\u0131klamas\u0131nda \u015fu ifadelere yer verdi:<\/p>\n<p style=\"text-align: justify;\">\u201cAKP\u2019nin \u00fc\u00e7\u00fcnc\u00fc iktidar d\u00f6nemi, \u00f6ncekilerini aratmayacak nitelikteki ve hatta daha tehlikeli olaylara kap\u0131 aralayaca\u011f\u0131n\u0131 \u015fimdiden g\u00f6stermi\u015ftir. Aziz milletimiz mevcut siyasi iktidar\u0131n y\u00f6netimi alt\u0131nda, \u00e7etin ve \u00e7etrefilli sorunlar\u0131n a\u011f\u0131r bask\u0131s\u0131 ve ku\u015fatmas\u0131yla y\u00fcz y\u00fcze kalm\u0131\u015f durumdad\u0131r.<\/p>\n<p style=\"text-align: justify;\">\u00dclkemizin bug\u00fcnk\u00fc karanl\u0131k tablosu ve silahla arkalanm\u0131\u015f b\u00f6l\u00fcc\u00fcl\u00fck talepleri \u00e7ok kritik ve endi\u015fe verici bir noktaya ula\u015fm\u0131\u015f bulunmaktad\u0131r. Nitekim T\u00fcrk milleti dozu ve seviyesi gittik\u00e7e artan b\u00f6l\u00fcc\u00fcl\u00fck zehri ile g\u00fcn ge\u00e7tik\u00e7e g\u00fcc\u00fcn\u00fc ve derman\u0131n\u0131 kaybetmektedir.<\/p>\n<p style=\"text-align: justify;\">\u0130lave olarak T\u00fcrkiye Cumhuriyeti sorumsuz ve milli beklentilere duyars\u0131z bir h\u00fck\u00fcmet e\u015fli\u011finde tarihinin en sanc\u0131l\u0131 s\u00fcrecine girmi\u015f haldedir. \u00d6zellikle, PKK ter\u00f6r \u00f6rg\u00fct\u00fcn\u00fcn 12 Haziran sonras\u0131ndaki artan sald\u0131r\u0131lar\u0131 ve bunun sonucunda bir ayl\u0131k zaman zarf\u0131nda 22 \u015fehidin vatan topraklar\u0131na emanet edilmesi musallat olan belalar hakk\u0131nda herkese bir ipucu vermektedir.<\/p>\n<p style=\"text-align: justify;\">Ba\u015fbakan Erdo\u011fan\u2019\u0131n \u00f6z\u00fc itibariyle; ger\u00e7eklerden kopuk ve milletimizin hassasiyetleriyle ba\u011fda\u015fmayan teslimiyet\u00e7i ve tavizkar politikalar\u0131 b\u00f6l\u00fcc\u00fc ter\u00f6r\u00fcn k\u00fcstahla\u015fmas\u0131nda ve c\u00fcret kazanmas\u0131nda belirleyici bir rol oynam\u0131\u015ft\u0131r. Nitekim \u0130mral\u0131\u2019da yatan caninin me\u015fru bir akt\u00f6rm\u00fc\u015f gibi pervas\u0131zca beyanatlar vermesi ve yatt\u0131\u011f\u0131 yerden \u00e7etesine talimatlar ya\u011fd\u0131rmas\u0131 AKP\u2019nin gaflete varan siyasi duru\u015funun eseri ve hazin bir neticesidir.<\/p>\n<p style=\"text-align: justify;\"><strong>&#8220;Ter\u00f6r ma\u015falar\u0131yla mutabakat&#8221;<\/strong><\/p>\n<p style=\"text-align: justify;\">Maalesef bir tarafta g\u00fcvenlik g\u00fc\u00e7lerimiz durmadan \u015fehit olurken, di\u011fer tarafta AKP zihniyeti f\u00fctursuzca ter\u00f6r ma\u015falar\u0131yla mutabakat zeminleri olu\u015fturma gayretindedir. T\u00fcrk devlet gelene\u011fi ve milletimizin as\u0131rlar\u0131 a\u015fan itibar\u0131, sayg\u0131nl\u0131\u011f\u0131, kudreti ve haysiyeti AKP elinde iki paral\u0131k olmu\u015ftur. Bug\u00fcnk\u00fc tabloda AKP, \u0130mral\u0131\u2019da yatan haine neredeyse teslim olmu\u015f ve \u00fclkemizin kaderi bu caninin insaf\u0131na terk edilmi\u015ftir.<\/p>\n<p style=\"text-align: justify;\">Ne hazindir ki, b\u00f6l\u00fcc\u00fcl\u00fc\u011f\u00fcn tehditlerini sineye \u00e7eken Ba\u015fbakan Erdo\u011fan, \u015fehitlerden bahsedilmesini ezber olarak niteleyebilecek kadar kendisini kaybetmi\u015ftir. Son g\u00fcnlerdeki kanl\u0131 ter\u00f6r sald\u0131r\u0131lar\u0131ndan dolay\u0131 bunalan ve sabr\u0131 ta\u015fan milli vicdanlar\u0131 aldatmak ve g\u00fcndem de\u011fi\u015ftirmek amac\u0131yla K\u0131br\u0131s meselesinde Avrupa Birli\u011fine sanal meydan okumalar da Ba\u015fbakan\u2019\u0131 asla aklamayacak ve yapt\u0131klar\u0131n\u0131 unutturmaya yetmeyecektir.<\/p>\n<p style=\"text-align: justify;\"><strong>&#8220;AKP PKK ile ayn\u0131 karede&#8221;<\/strong><\/p>\n<p style=\"text-align: justify;\">\u00dcniter devlet yap\u0131m\u0131z\u0131n tasfiye edilmesini i\u015ftahla ve hevesle bekleyen, milletimizin par\u00e7alanmas\u0131 i\u00e7in gece g\u00fcnd\u00fcz faaliyet g\u00f6steren b\u00f6l\u00fcc\u00fc mihraklar esas\u0131nda AKP\u2019yle ayn\u0131 fikir ve hedefte bulu\u015fmu\u015ftur. Bu kapsamda, h\u00fck\u00fcmetin bir bakan\u0131n\u0131n demokratik \u00f6zerklik fitnesini dahi tart\u0131\u015fabileceklerini s\u00f6ylemesi, AKP\u2019nin PKK\u2019yla ayn\u0131 kareye d\u00fc\u015ft\u00fc\u011f\u00fcn\u00fcn a\u00e7\u0131k ve net resmi olmu\u015ftur.<\/p>\n<p style=\"text-align: justify;\">B\u00f6ylelikle bu \u00e7\u00fcr\u00fcm\u00fc\u015f bakan ve \u00fcyesi bulundu\u011fu h\u00fck\u00fcmetinin, T\u00fcrkiye\u2019yi y\u0131kmak i\u00e7in seferber halinde bulunan sefil ve kirli suratlardan hi\u00e7bir fark\u0131 kalmad\u0131\u011f\u0131 bir kez daha anla\u015f\u0131lm\u0131\u015ft\u0131r. Devletin varl\u0131\u011f\u0131 ve ba\u011f\u0131ms\u0131zl\u0131\u011f\u0131na, vatan\u0131n ve milletin b\u00f6l\u00fcnmez b\u00fct\u00fcnl\u00fc\u011f\u00fcne y\u00f6nelik bu vahim tacizin, bizzat tek ba\u015f\u0131na iktidar sorumlulu\u011fu \u00fcstlenmi\u015f AKP zihniyetinden gelmesi elbette \u00e7ok ciddi bir k\u0131r\u0131lma ve sapma olarak kar\u015f\u0131m\u0131zdad\u0131r.<\/p>\n<p style=\"text-align: justify;\">Bundan b\u00f6yle s\u00f6z konusu bakan\u0131n, durumunu g\u00f6zden ge\u00e7irerek siyasi b\u00f6l\u00fcc\u00fclerin saf\u0131na kat\u0131lmas\u0131 ahlaken daha tutarl\u0131 ve anla\u015f\u0131labilir olacakt\u0131r. \u00dclkemizin etnik bir k\u00f6rd\u00fc\u011f\u00fcmle kilitlendi\u011fini ve can \u00e7eki\u015fti\u011fini g\u00f6remeyecek kadar basiretini kaybeden iktidar, karde\u015f kavgas\u0131n\u0131n \u00f6n\u00fcndeki bariyerlerin kalkmaya ba\u015flad\u0131\u011f\u0131n\u0131 da fark edememektedir.<\/p>\n<p style=\"text-align: justify;\"><strong>&#8220;Zeytinburnu kayg\u0131 veriyor&#8221;<\/strong><\/p>\n<p style=\"text-align: justify;\">Bu kapsamda T\u00fcrkiye genelinde ve Dolapdere ile Zeytinburnu ba\u015fta olmak \u00fczere \u0130stanbul\u2019un de\u011fi\u015fik semtlerindeki kayg\u0131 verici olaylar; t\u0131rmanan gerilimin, etnik nifak\u0131n yol a\u00e7t\u0131\u011f\u0131 k\u0131\u015fk\u0131rtman\u0131n ve b\u00f6l\u00fcc\u00fc tahriklerin boyutunu g\u00f6stermesi bak\u0131m\u0131ndan son derece \u00f6nemlidir.<\/p>\n<p style=\"text-align: justify;\">Da\u011flardaki e\u015fk\u0131yan\u0131n \u015fehirlerdeki uzant\u0131lar\u0131; caddeleri, sokak aralar\u0131n\u0131 ya\u015fanmaz hale getirerek, olu\u015fturulmaya \u00e7al\u0131\u015f\u0131lan T\u00fcrk ve K\u00fcrt kar\u015f\u0131tl\u0131\u011f\u0131n\u0131n fitilini ate\u015flemek istemektedirler. Tehlikeli gidi\u015fat\u0131n kanl\u0131 bir hesapla\u015fman\u0131n b\u00fct\u00fcn unsurlar\u0131n\u0131 tahkim etti\u011fi ve h\u00fck\u00fcmetin de buna kay\u0131ts\u0131z kald\u0131\u011f\u0131 a\u00e7\u0131k\u00e7a g\u00f6r\u00fclmektedir.<\/p>\n<p style=\"text-align: justify;\">Bunun yan\u0131 s\u0131ra, emniyet g\u00fc\u00e7lerinin yapmas\u0131 gereken g\u00f6revi halka havale etmeye \u00e7al\u0131\u015fan ve \u00fclk\u00fcc\u00fc hareketin olaylar\u0131n taraf\u0131 olmas\u0131 y\u00f6n\u00fcnde tavsiye ve y\u00f6nlendirme i\u00e7erisinde bulunan baz\u0131 zavall\u0131lara da \u015fahit olunmaktad\u0131r.<\/p>\n<p style=\"text-align: justify;\">Bilinmelidir ki, kurgulanan etnik karga\u015fan\u0131n bir taraf\u0131nda \u00fclk\u00fcc\u00fcleri g\u00f6rmeye ve g\u00f6stermeye \u00e7al\u0131\u015fan kim varsa AKP\u2019nin yeni i\u015fbirlik\u00e7ileri ve kaostan medet uman k\u00f6t\u00fc niyetlilerdir. Bu vesileyle, Milliyet\u00e7i Hareket Partisi aziz milletimizi sab\u0131rl\u0131, metanetli ve so\u011fukkanl\u0131 olmaya davet etmekte, nerede duraca\u011f\u0131 belirsiz olan sinsi provokasyonlara kar\u015f\u0131 dikkatli olmaya \u00e7a\u011f\u0131rmaktad\u0131r.<\/p>\n<p style=\"text-align: justify;\"><strong>&#8220;AKP&#8217;nin fitne siyaseti&#8221;<\/strong><\/p>\n<p style=\"text-align: justify;\">AKP\u2019nin fitne siyasetine tutunarak ayakta kalan b\u00f6l\u00fcc\u00fc niyetlerin, milletimizi h\u00fcsrana u\u011fratmaya elbette g\u00fc\u00e7leri ve nefesleri yetmeyecektir. Ne var ki ter\u00f6rle sindirilmeye \u00e7al\u0131\u015f\u0131lan T\u00fcrk milletinin, b\u00f6l\u00fcc\u00fc taleplere r\u0131za g\u00f6stermesi ve \u00e7\u00f6z\u00fcm diyerek dayat\u0131lan iki ortakl\u0131, iki dilli ve iki b\u00f6lgeli bir federasyon y\u00f6netimini kabul etmesi \u00f6ncelikli ama\u00e7 olarak her ge\u00e7en g\u00fcn mesafe almaktad\u0131r.<\/p>\n<p style=\"text-align: justify;\">\u0130mral\u0131 canisinin serbest kalma \u015fartlar\u0131n\u0131n olgunla\u015ft\u0131\u011f\u0131 bug\u00fcnk\u00fc s\u00fcre\u00e7te, planlanan yeni anayasayla T\u00fcrkiye Cumhuriyeti\u2019nin ve T\u00fcrk milletinin varl\u0131\u011f\u0131na hay\u00e2s\u0131zca kast edilmek istenmektedir. T\u00fcrkiyelilik z\u0131rvas\u0131n\u0131 kendisine pusula yapan Ba\u015fbakan Erdo\u011fan i\u00e7in, T\u00fcrk milletinin da\u011f\u0131lmas\u0131, par\u00e7alanmas\u0131 ve etnik kimliklerin tan\u0131nma \u00e7abalar\u0131 bir sorun te\u015fkil etmemektedir.<\/p>\n<p style=\"text-align: justify;\">K\u00fcresel g\u00fc\u00e7lerin telkin ve tavsiyelerine ek olarak, Kandil ile \u0130mral\u0131 aras\u0131nda esen ihanet r\u00fczg\u00e2rlar\u0131 AKP\u2019nin \u015fuurunu kaybettirmi\u015f ve T\u00fcrkiye\u2019yi t\u0131pk\u0131 bir sava\u015f ma\u011flubu \u00fclkenin durumuna d\u00fc\u015f\u00fcrm\u00fc\u015ft\u00fcr.<\/p>\n<p style=\"text-align: justify;\"><strong>&#8220;TSK y\u0131prat\u0131l\u0131yor&#8221;<\/strong><\/p>\n<p style=\"text-align: justify;\">\u00dcstelik ter\u00f6rle uzun y\u0131llard\u0131r kahramanca m\u00fccadele veren T\u00fcrk Silahl\u0131 Kuvvetleri de y\u0131ld\u0131rma ve y\u0131pratma taktikleriyle adeta k\u00f6\u015feye s\u0131k\u0131\u015ft\u0131r\u0131lm\u0131\u015f ve d\u00f6k\u00fclen \u015fehit kanlar\u0131ndan dahi sorumlu g\u00f6sterilmeye \u00e7al\u0131\u015f\u0131lm\u0131\u015ft\u0131r. Diyarbak\u0131r Silvan\u2019daki son ter\u00f6r sald\u0131r\u0131s\u0131ndan sonra kamuoyuna yans\u0131yan ve vicdanl\u0131 hi\u00e7bir vatan evlad\u0131n\u0131n kabul edemeyece\u011fi iddialar bunlar aras\u0131nda yer alm\u0131\u015ft\u0131r.<\/p>\n<p style=\"text-align: justify;\">Ba\u015fbakan Erdo\u011fan, h\u00fck\u00fcmetinin ter\u00f6r kar\u015f\u0131s\u0131ndaki ba\u015far\u0131s\u0131zl\u0131\u011f\u0131n\u0131 ve yetersizli\u011fini kapatabilmek i\u00e7in T\u00fcrk Silahl\u0131 Kuvvetleri\u2019ni hedef haline getirmi\u015f ve iftiralara, ithamlara ortam haz\u0131rlam\u0131\u015ft\u0131r. PKK a\u00e7\u0131l\u0131m\u0131yla T\u00fcrkiye\u2019yi u\u00e7urumun kenar\u0131na kadar s\u00fcr\u00fckleyen bu marazi siyasi zihniyetin, meydana gelen ter\u00f6r sald\u0131r\u0131lar\u0131ndan birinci derecede sorumlu oldu\u011fu tart\u0131\u015fmas\u0131zd\u0131r.<\/p>\n<p style=\"text-align: justify;\">AKP\u2019nin karalama ve istismara dayal\u0131 kalle\u015f siyasi kampanyas\u0131 milli onurumuzu ayaklar alt\u0131na alm\u0131\u015f, T\u00fcrkiye \u00fczerinde hesaplar\u0131 olan \u00e7evrelere umut ve heyecan da\u011f\u0131tm\u0131\u015ft\u0131r. H\u00fck\u00fcmetin s\u00f6zde ter\u00f6r\u00fc \u00f6nleme ad\u0131na girdi\u011fi ili\u015fki a\u011flar\u0131, tek tarafl\u0131 boyun e\u011fmeler ve bunlara e\u015flik eden arabuluculuk y\u00f6ntemleri, koordinat\u00f6r aray\u0131\u015flar\u0131, e\u015f zamanl\u0131 istihbarat hezeyanlar\u0131 gibi taktik hamleleri art\u0131k birer birer iflas etmi\u015ftir.<\/p>\n<p style=\"text-align: justify;\"><strong>Erdo\u011fan&#8217;a tavsiye<\/strong><\/p>\n<p style=\"text-align: justify;\">\u0130\u00e7inde bulundu\u011fumuz a\u011f\u0131r \u015fartlar, T\u00fcrkiye\u2019nin hi\u00e7bir ku\u015fkuya mahal b\u0131rakmayacak d\u00fczeyde kararl\u0131 ve milli bir duru\u015f g\u00f6stermesini gerektirmektedir. AKP h\u00fck\u00fcmeti art\u0131k taraf\u0131n\u0131 ve tercihi yapmal\u0131, kaybedecek vakit ve heba edilecek bir tek g\u00fcn\u00fcn dahi kalmad\u0131\u011f\u0131n\u0131 idrak etmelidir. Ba\u015fbakan Erdo\u011fan, gelecek nesillerin kendisini T\u00fcrkiye\u2019yi b\u00f6len, T\u00fcrk milletini ayr\u0131\u015ft\u0131ran bir ki\u015fi olarak g\u00f6rmesini ve anmas\u0131n\u0131 istemiyorsa girdi\u011fi bulan\u0131k ve \u015faibeli yoldan bir an \u00f6nce d\u00f6nmelidir.<\/p>\n<p style=\"text-align: justify;\">Unutmamak gerekir ki, d\u00f6nemsel siyasi g\u00fcc\u00fcn\u00fcn cazibesine aldanarak yanl\u0131\u015fta \u0131srar edenler, bir zaman sonra siyasi t\u00fckeni\u015fle kar\u015f\u0131la\u015ft\u0131klar\u0131nda yapt\u0131klar\u0131ndan dolay\u0131 pi\u015fmanl\u0131k ya\u015famakta, ancak i\u015f i\u015ften \u00e7oktan ge\u00e7mi\u015f olmaktad\u0131r. \u015e\u00fcphesiz Ba\u015fbakan Erdo\u011fan\u2019\u0131n bu ger\u00e7ekleri hat\u0131r\u0131ndan \u00e7\u0131karmamas\u0131 hem kendisi, hem partisi ve hem de \u00fclkemiz a\u00e7\u0131s\u0131ndan hay\u0131rl\u0131 sonu\u00e7lar do\u011furacakt\u0131r.&#8221;<\/p>\n<p style=\"text-align: justify;\"><a href=\"http:\/\/www.cnnturk.com\/2011\/turkiye\/07\/23\/bahceli.dagdaki.eskiyanin.sehir.uzantisi\/623779.0\/index.html\" target=\"_blank\">Kaynak : CNN T\u00dcRK<\/a><\/p>\n","protected":false},"excerpt":{"rendered":"<p style=\"text-align: center;\">\n<p style=\"text-align: justify;\">MHP lideri Devlet Bah\u00e7eli, ter\u00f6r faaliyetlerinin h\u0131zlanmas\u0131 ve toplumda artan gerilime y\u00f6nelik yaz\u0131l\u0131 bir a\u00e7\u0131klama yapt\u0131. Bah\u00e7eli, \u201cDa\u011flardaki e\u015fk\u0131yan\u0131n \u015fehirlerdeki uzant\u0131lar\u0131; caddeleri, sokak aralar\u0131n\u0131 ya\u015fanmaz hale getirerek, olu\u015fturulmaya \u00e7al\u0131\u015f\u0131lan T\u00fcrk ve K\u00fcrt kar\u015f\u0131tl\u0131\u011f\u0131n\u0131n fitilini ate\u015flemek istemektedirler&#8221; dedi. <\/p>\n","protected":false},"author":1,"featured_media":0,"comment_status":"open","ping_status":"open","sticky":false,"template":"","format":"standard","meta":{"footnotes":""},"categories":[105],"tags":[],"class_list":["post-37218","post","type-post","status-publish","format-standard","hentry","category-gundem","odd"],"_links":{"self":[{"href":"http:\/\/www.korhanyilmaz.com\/index.php?rest_route=\/wp\/v2\/posts\/37218","targetHints":{"allow":["GET"]}}],"collection":[{"href":"http:\/\/www.korhanyilmaz.com\/index.php?rest_route=\/wp\/v2\/posts"}],"about":[{"href":"http:\/\/www.korhanyilmaz.com\/index.php?rest_route=\/wp\/v2\/types\/post"}],"author":[{"embeddable":true,"href":"http:\/\/www.korhanyilmaz.com\/index.php?rest_route=\/wp\/v2\/users\/1"}],"replies":[{"embeddable":true,"href":"http:\/\/www.korhanyilmaz.com\/index.php?rest_route=%2Fwp%2Fv2%2Fcomments&post=37218"}],"version-history":[{"count":0,"href":"http:\/\/www.korhanyilmaz.com\/index.php?rest_route=\/wp\/v2\/posts\/37218\/revisions"}],"wp:attachment":[{"href":"http:\/\/www.korhanyilmaz.com\/index.php?rest_route=%2Fwp%2Fv2%2Fmedia&parent=37218"}],"wp:term":[{"taxonomy":"category","embeddable":true,"href":"http:\/\/www.korhanyilmaz.com\/index.php?rest_route=%2Fwp%2Fv2%2Fcategories&post=37218"},{"taxonomy":"post_tag","embeddable":true,"href":"http:\/\/www.korhanyilmaz.com\/index.php?rest_route=%2Fwp%2Fv2%2Ftags&post=37218"}],"curies":[{"name":"wp","href":"https:\/\/api.w.org\/{rel}","templated":true}]}}