{"id":37209,"date":"2011-07-22T22:19:24","date_gmt":"2011-07-22T19:19:24","guid":{"rendered":"http:\/\/www.korhanyilmaz.com\/?p=37209"},"modified":"2011-07-22T23:26:05","modified_gmt":"2011-07-22T20:26:05","slug":"114-yillik-kosk-cobanlarin-emrine-amade","status":"publish","type":"post","link":"http:\/\/www.korhanyilmaz.com\/?p=37209","title":{"rendered":"114 y\u0131ll\u0131k k\u00f6\u015fk \u00e7obanlar\u0131n emrine amade"},"content":{"rendered":"<p style=\"text-align: justify;\"><a href=\"http:\/\/www.korhanyilmaz.com\/wp-content\/uploads\/2011\/07\/1711.jpeg\"  class=\"lightview\"><img loading=\"lazy\" decoding=\"async\" class=\"aligncenter size-full wp-image-37210\" src=\"http:\/\/www.korhanyilmaz.com\/wp-content\/uploads\/2011\/07\/1711.jpeg\" alt=\"\" width=\"384\" height=\"254\" \/><\/a><\/p>\n<p style=\"text-align: justify;\">Kars&#8217;\u0131n Sar\u0131kam\u0131\u015f il\u00e7esinde \u00c7ar 2. Nikola taraf\u0131ndan 114 y\u0131l \u00f6nce yapt\u0131r\u0131lan tarihi av k\u00f6\u015fk\u00fc, \u00e7obanlar taraf\u0131ndan hem bar\u0131nak, hem de ah\u0131r olarak kullan\u0131yor.<\/p>\n<p style=\"text-align: justify;\">1877-1878 y\u0131llar\u0131nda Osmanl\u0131-Rus Sava\u015f\u0131&#8217;n\u0131n ard\u0131ndan 40 y\u0131l Ruslar\u0131n i\u015fgali alt\u0131nda kalan Sar\u0131kam\u0131\u015f&#8217;ta, d\u00f6nemin Rus \u00c7ar\u0131 2. Nikola taraf\u0131ndan yapt\u0131r\u0131ld\u0131\u011f\u0131 bilinen 114 y\u0131ll\u0131k tarihi av k\u00f6\u015fk\u00fc, b\u00f6lgedeki \u00e7obanlar\u0131n mekan\u0131 oldu. Ormanl\u0131k alanda, sar\u0131 \u00e7am a\u011fa\u00e7lar\u0131yla \u00e7ivi kullan\u0131lmadan balt\u0131k mimarisi tarz\u0131nda yap\u0131lan ve uzun y\u0131llar askeri b\u00f6lge i\u00e7erisinde yer alan k\u00f6\u015fk, bir s\u00fcre \u00f6nce K\u00fclt\u00fcr ve Turizm Bakanl\u0131\u011f\u0131&#8217;na devredilmi\u015fti. Tarihi k\u00f6\u015fk\u00fcn, ge\u00e7ti\u011fimiz y\u0131l restorasyon \u00e7al\u0131\u015fmalar\u0131n\u0131n yap\u0131laca\u011f\u0131 bildirilmi\u015f ancak s\u00f6z konusu \u00e7al\u0131\u015fmalar ba\u015flamam\u0131\u015ft\u0131. <!--more--><\/p>\n<p style=\"text-align: justify;\">K\u00fclt\u00fcr ve Turizm \u0130l M\u00fcd\u00fcr\u00fc Hakan Do\u011fanay, AA muhabirine yapt\u0131\u011f\u0131 a\u00e7\u0131klamada, bakanl\u0131\u011f\u0131n web sitesinde yay\u0131mlanan \u201cTa\u015f\u0131nmazlar\u0131n tahsisi\u201d ad\u0131 alt\u0131nda Sar\u0131kam\u0131\u015f&#8217;taki \u00c7ar 2. Nikola&#8217;n\u0131n av k\u00f6\u015fk\u00fcn\u00fcn de bulundu\u011funu s\u00f6yledi. K\u00f6\u015fk&#8217;\u00fcn 49 y\u0131ll\u0131\u011f\u0131na kiraya verilece\u011fini belirten Do\u011fanay, \u201cBakanl\u0131\u011f\u0131m\u0131z, ta\u015f\u0131nmazlar\u0131n tahsisiyle tarihi k\u00f6\u015fk\u00fcn yap\u0131m\u0131n\u0131 \u00fcstlenen ilgili \u015fah\u0131s ve \u015firketlere \u00fccretsiz olarak 49 y\u0131ll\u0131\u011f\u0131na kiraya verilmesi i\u00e7in web sitesinde yay\u0131mlad\u0131. Ancak \u015fu ana kadar herhangi bir talep olmam\u0131\u015ft\u0131r. K\u00f6\u015fk ve yan\u0131ndaki tarihi ah\u015fap yap\u0131lar\u0131n korunmas\u0131 i\u00e7in g\u00fcvenlik \u00f6nlemi yoktur. Ge\u00e7ti\u011fimiz y\u0131l \u0130\u015eKUR&#8217;dan 6 ay s\u00fcreyle 3 g\u00fcvenlik g\u00f6revlisi alarak, k\u00f6\u015fkte g\u00f6revlendirdik. Ancak bu y\u0131l g\u00fcvenlik g\u00f6revlisi al\u0131nmad\u0131\u201d dedi.<\/p>\n<p style=\"text-align: justify;\">\u00c7ar 2. Nikola taraf\u0131ndan 1897 y\u0131l\u0131nda, balt\u0131k mimarisi tarz\u0131nda yapt\u0131r\u0131lan k\u00f6\u015fk ve yan\u0131ndaki ah\u015fap yap\u0131, 80 derecede pi\u015firilmi\u015f, \u00e7am a\u011fa\u00e7lar\u0131ndan birbirine ge\u00e7irilmesi \u015feklinde ve \u00e7ivi kullan\u0131lmadan yap\u0131lm\u0131\u015f. K\u00f6\u015fkte ve di\u011fer ah\u015fap binada toplam 24 oda bulunuyor.<\/p>\n<p style=\"text-align: justify;\"><a href=\"http:\/\/www.radikal.com.tr\/Radikal.aspx?aType=RadikalDetayV3&amp;ArticleID=1057329&amp;Date=22.07.2011&amp;CategoryID=77\" target=\"_blank\">Kaynak : Radikal.com.tr<\/a><\/p>\n","protected":false},"excerpt":{"rendered":"<p style=\"text-align: justify;\">\n<p style=\"text-align: justify;\">Kars&#8217;\u0131n Sar\u0131kam\u0131\u015f il\u00e7esinde \u00c7ar 2. Nikola taraf\u0131ndan 114 y\u0131l \u00f6nce yapt\u0131r\u0131lan tarihi av k\u00f6\u015fk\u00fc, \u00e7obanlar taraf\u0131ndan hem bar\u0131nak, hem de ah\u0131r olarak kullan\u0131yor.<\/p>\n<p style=\"text-align: justify;\">1877-1878 y\u0131llar\u0131nda Osmanl\u0131-Rus Sava\u015f\u0131&#8217;n\u0131n ard\u0131ndan 40 y\u0131l Ruslar\u0131n i\u015fgali alt\u0131nda kalan Sar\u0131kam\u0131\u015f&#8217;ta, d\u00f6nemin Rus \u00c7ar\u0131 2. Nikola taraf\u0131ndan yapt\u0131r\u0131ld\u0131\u011f\u0131 bilinen 114 y\u0131ll\u0131k tarihi av k\u00f6\u015fk\u00fc, <\/p>\n","protected":false},"author":1,"featured_media":0,"comment_status":"open","ping_status":"open","sticky":false,"template":"","format":"standard","meta":{"footnotes":""},"categories":[105],"tags":[],"class_list":["post-37209","post","type-post","status-publish","format-standard","hentry","category-gundem","odd"],"_links":{"self":[{"href":"http:\/\/www.korhanyilmaz.com\/index.php?rest_route=\/wp\/v2\/posts\/37209","targetHints":{"allow":["GET"]}}],"collection":[{"href":"http:\/\/www.korhanyilmaz.com\/index.php?rest_route=\/wp\/v2\/posts"}],"about":[{"href":"http:\/\/www.korhanyilmaz.com\/index.php?rest_route=\/wp\/v2\/types\/post"}],"author":[{"embeddable":true,"href":"http:\/\/www.korhanyilmaz.com\/index.php?rest_route=\/wp\/v2\/users\/1"}],"replies":[{"embeddable":true,"href":"http:\/\/www.korhanyilmaz.com\/index.php?rest_route=%2Fwp%2Fv2%2Fcomments&post=37209"}],"version-history":[{"count":0,"href":"http:\/\/www.korhanyilmaz.com\/index.php?rest_route=\/wp\/v2\/posts\/37209\/revisions"}],"wp:attachment":[{"href":"http:\/\/www.korhanyilmaz.com\/index.php?rest_route=%2Fwp%2Fv2%2Fmedia&parent=37209"}],"wp:term":[{"taxonomy":"category","embeddable":true,"href":"http:\/\/www.korhanyilmaz.com\/index.php?rest_route=%2Fwp%2Fv2%2Fcategories&post=37209"},{"taxonomy":"post_tag","embeddable":true,"href":"http:\/\/www.korhanyilmaz.com\/index.php?rest_route=%2Fwp%2Fv2%2Ftags&post=37209"}],"curies":[{"name":"wp","href":"https:\/\/api.w.org\/{rel}","templated":true}]}}