{"id":37201,"date":"2011-07-22T15:05:04","date_gmt":"2011-07-22T12:05:04","guid":{"rendered":"http:\/\/www.korhanyilmaz.com\/?p=37201"},"modified":"2011-07-22T23:15:50","modified_gmt":"2011-07-22T20:15:50","slug":"basbakana-hakarete-1750-tl-para-cezasi","status":"publish","type":"post","link":"http:\/\/www.korhanyilmaz.com\/?p=37201","title":{"rendered":"Ba\u015fbakan&#8217;a hakarete 1750 TL para cezas\u0131!"},"content":{"rendered":"<p style=\"text-align: center;\"><a href=\"http:\/\/www.korhanyilmaz.com\/wp-content\/uploads\/2011\/07\/1709.jpg\"  class=\"lightview\"><img loading=\"lazy\" decoding=\"async\" class=\"aligncenter size-full wp-image-37202\" src=\"http:\/\/www.korhanyilmaz.com\/wp-content\/uploads\/2011\/07\/1709.jpg\" alt=\"\" width=\"420\" height=\"210\" \/><\/a><\/p>\n<p style=\"text-align: justify;\">TRABZON\u2019da, Ba\u015fbakan Recep Tayyip Erdo\u011fan ve e\u015fi Emine Erdo\u011fan\u2019a hakaret etti\u011fi iddias\u0131yla yarg\u0131lanan Opr. Dr. Ethem Co\u015fkuner, 1750 lira para cezas\u0131na \u00e7arpt\u0131r\u0131ld\u0131.<\/p>\n<p style=\"text-align: justify;\">Trabzon Numune E\u011fitim ve Ara\u015ft\u0131rma Hastanesi\u2019nde g\u00f6rev yapan Opr. Dr. Ethem Co\u015fkuner, yakla\u015f\u0131k bir y\u0131l \u00f6nce hastane bah\u00e7esinde d\u00fczenleme yapan meh\u00fcndisle tart\u0131\u015fmas\u0131 s\u0131ras\u0131ndaki s\u00f6zlerinden yarg\u0131land\u0131. Opr.Dr. Ethem Co\u015fkuner, hastane bah\u00e7esinde \u00e7evre d\u00fczenlemesi i\u015fi yapan m\u00fchendis Muhammet \u00c7a\u011flar\u2019a iddiaya g\u00f6re, &#8220;O\u011flum Muhammet. Tayyip yiyor, Emine yiyor. Bunlar da yiyor, yediriyor&#8221; dedi. Bu s\u00f6zler \u00fczerine Opr.Dr. Co\u015fkuner ile m\u00fchendis \u00c7a\u011flar aras\u0131nda \u00e7\u0131kan tart\u0131\u015fman\u0131n kavgaya d\u00f6n\u00fc\u015fmesi araya girenlerce \u00f6nlendi. <!--more--><\/p>\n<p style=\"text-align: justify;\">M\u00fchendis Muhammet \u00c7a\u011flar, Opr. Dr. Ethem Co\u015fkuner\u2019in, Ba\u015fbakan Erdo\u011fan ve e\u015fi Emine Erdo\u011fan\u2019a hakaret etti\u011fini ileri s\u00fcrerek, \u015fikayet\u00e7i oldu. M\u00fchendisin \u015fikayeti \u00fczerine Opr. Dr. Co\u015fkuner hakk\u0131nda, \u2019kamu g\u00f6revlisine g\u00f6revinden dolay\u0131 hakaret etti\u011fi\u2019 iddas\u0131yla 1 y\u0131ldan 2 y\u0131la kadar hapis cezas\u0131 istemiyle dava a\u00e7\u0131ld\u0131.<\/p>\n<p style=\"text-align: justify;\">Trabzon 1. Sulh Ceza Mahkemesi\u2019nde g\u00f6r\u00fclen davan\u0131n bug\u00fcn yap\u0131lan duru\u015fmas\u0131na Opr. Dr. Ethem Co\u015fkuner ve avukat\u0131 kat\u0131ld\u0131. Mahkeme heyeti Opr. Dr. Ethem Co\u015fkuner\u2019e, \u2019Devlet b\u00fcy\u00fcklerine ve kamu g\u00f6revlisine, g\u00f6revinden dolay\u0131 hakaret etti\u011fi\u2019 gerek\u00e7esiyle 1750 lira para cezas\u0131 verdi, h\u00fckm\u00fcn a\u00e7\u0131klanmas\u0131n\u0131n geri b\u0131rak\u0131lmas\u0131na h\u00fckmetti. Opr. Dr. Ethem Co\u015fkuner 5 y\u0131l i\u00e7inde benzer su\u00e7 i\u015flerse bu cezay\u0131 \u00f6demek zorunda kalacak.<\/p>\n<p style=\"text-align: justify;\"><a href=\"http:\/\/haber.gazetevatan.com\/basbakana-hakarete-1750-tl-para-cezasi\/390000\/1\/Gundem\" target=\"_blank\">Kaynak : VATAN Gazetesi<\/a><\/p>\n","protected":false},"excerpt":{"rendered":"<p style=\"text-align: center;\">\n<p style=\"text-align: justify;\">TRABZON\u2019da, Ba\u015fbakan Recep Tayyip Erdo\u011fan ve e\u015fi Emine Erdo\u011fan\u2019a hakaret etti\u011fi iddias\u0131yla yarg\u0131lanan Opr. Dr. Ethem Co\u015fkuner, 1750 lira para cezas\u0131na \u00e7arpt\u0131r\u0131ld\u0131.<\/p>\n<p style=\"text-align: justify;\">Trabzon Numune E\u011fitim ve Ara\u015ft\u0131rma Hastanesi\u2019nde g\u00f6rev yapan Opr. Dr. Ethem Co\u015fkuner, yakla\u015f\u0131k bir y\u0131l \u00f6nce hastane bah\u00e7esinde d\u00fczenleme yapan meh\u00fcndisle tart\u0131\u015fmas\u0131 s\u0131ras\u0131ndaki s\u00f6zlerinden yarg\u0131land\u0131. Opr.Dr. <\/p>\n","protected":false},"author":1,"featured_media":0,"comment_status":"open","ping_status":"open","sticky":false,"template":"","format":"standard","meta":{"footnotes":""},"categories":[105],"tags":[],"class_list":["post-37201","post","type-post","status-publish","format-standard","hentry","category-gundem","odd"],"_links":{"self":[{"href":"http:\/\/www.korhanyilmaz.com\/index.php?rest_route=\/wp\/v2\/posts\/37201","targetHints":{"allow":["GET"]}}],"collection":[{"href":"http:\/\/www.korhanyilmaz.com\/index.php?rest_route=\/wp\/v2\/posts"}],"about":[{"href":"http:\/\/www.korhanyilmaz.com\/index.php?rest_route=\/wp\/v2\/types\/post"}],"author":[{"embeddable":true,"href":"http:\/\/www.korhanyilmaz.com\/index.php?rest_route=\/wp\/v2\/users\/1"}],"replies":[{"embeddable":true,"href":"http:\/\/www.korhanyilmaz.com\/index.php?rest_route=%2Fwp%2Fv2%2Fcomments&post=37201"}],"version-history":[{"count":0,"href":"http:\/\/www.korhanyilmaz.com\/index.php?rest_route=\/wp\/v2\/posts\/37201\/revisions"}],"wp:attachment":[{"href":"http:\/\/www.korhanyilmaz.com\/index.php?rest_route=%2Fwp%2Fv2%2Fmedia&parent=37201"}],"wp:term":[{"taxonomy":"category","embeddable":true,"href":"http:\/\/www.korhanyilmaz.com\/index.php?rest_route=%2Fwp%2Fv2%2Fcategories&post=37201"},{"taxonomy":"post_tag","embeddable":true,"href":"http:\/\/www.korhanyilmaz.com\/index.php?rest_route=%2Fwp%2Fv2%2Ftags&post=37201"}],"curies":[{"name":"wp","href":"https:\/\/api.w.org\/{rel}","templated":true}]}}