{"id":37197,"date":"2011-07-22T16:16:26","date_gmt":"2011-07-22T13:16:26","guid":{"rendered":"http:\/\/www.korhanyilmaz.com\/?p=37197"},"modified":"2011-07-22T22:59:57","modified_gmt":"2011-07-22T19:59:57","slug":"akpde-istifa-catlagi","status":"publish","type":"post","link":"http:\/\/www.korhanyilmaz.com\/?p=37197","title":{"rendered":"AKP&#8217;de istifa \u00e7atla\u011f\u0131"},"content":{"rendered":"<p style=\"text-align: center;\"><a href=\"http:\/\/www.korhanyilmaz.com\/wp-content\/uploads\/2011\/07\/1708.jpg\"  class=\"lightview\"><img loading=\"lazy\" decoding=\"async\" class=\"aligncenter size-full wp-image-37198\" src=\"http:\/\/www.korhanyilmaz.com\/wp-content\/uploads\/2011\/07\/1708.jpg\" alt=\"\" width=\"307\" height=\"236\" \/><\/a><\/p>\n<p style=\"text-align: justify;\">AK Parti&#8217;li \u015eamil Tayyar, se\u00e7ildi\u011fi Meclis \u0130nsan Haklar\u0131 Komisyonu&#8217;ndan istifa ederek, AKP&#8217;deki team\u00fclleri y\u0131kt\u0131.<\/p>\n<p style=\"text-align: justify;\">Meclis g\u00f6revlendirmelerinde AK Parti Genel Merkezi\u2019nin listelerinin milletvekillerine dayat\u0131lmas\u0131 ba\u015fta Tayyar olmak \u00fczere bir\u00e7ok AK Partili milletvekilini rahats\u0131z etti. Bu durumun yaratt\u0131\u011f\u0131 son kriz de AKP&#8217;nin bas\u0131n k\u00f6kenli milletvekili \u015eamil Tayyar\u2019\u0131n parti teamm\u00fclerini y\u0131kan istifas\u0131 oldu. <!--more--><\/p>\n<p style=\"text-align: justify;\">Vatan gazetesinin haberine g\u00f6re Meclis Ba\u015fkan\u0131, divan \u00fcyelikleri gibi g\u00f6revlere getirilenlerin isimleri milletvekillerine dan\u0131\u015f\u0131lmadan Genel Merkez taraf\u0131ndan tayin edildi.<\/p>\n<p style=\"text-align: justify;\">Bu da bir\u00e7ok AKP\u2019li vekilin tepkisini \u00e7ekti.<\/p>\n<p style=\"text-align: justify;\">AK Parti \u0130stanbul Milletvekili, emekli Hava T\u00fcmgeneral \u015eirin \u00dcnal da, TBMM Milli Savunma Komisyonu Ba\u015fkanvekilli\u011fi g\u00f6revine se\u00e7ildi. Ancak bu g\u00f6revi kabul etmeyerek komisyon \u00fcyeli\u011finden istifa etti. \u00dcnal\u2019\u0131n, komisyon ba\u015fkanl\u0131\u011f\u0131 bekledi\u011fi iddia edildi. Milli Savumna Komisyonu \u00fcyesi Soner Aksoy da istifa eden bir ba\u015fka milletvekili oldu.<\/p>\n<p style=\"text-align: justify;\"><a href=\"http:\/\/www.cnnturk.com\/2011\/turkiye\/07\/22\/akpde.istifa.catlagi\/623727.0\/index.html\" target=\"_blank\">Kaynak : CNN T\u00dcRK<\/a><\/p>\n","protected":false},"excerpt":{"rendered":"<p style=\"text-align: center;\">\n<p style=\"text-align: justify;\">AK Parti&#8217;li \u015eamil Tayyar, se\u00e7ildi\u011fi Meclis \u0130nsan Haklar\u0131 Komisyonu&#8217;ndan istifa ederek, AKP&#8217;deki team\u00fclleri y\u0131kt\u0131.<\/p>\n<p style=\"text-align: justify;\">Meclis g\u00f6revlendirmelerinde AK Parti Genel Merkezi\u2019nin listelerinin milletvekillerine dayat\u0131lmas\u0131 ba\u015fta Tayyar olmak \u00fczere bir\u00e7ok AK Partili milletvekilini rahats\u0131z etti. Bu durumun yaratt\u0131\u011f\u0131 son kriz de AKP&#8217;nin bas\u0131n k\u00f6kenli milletvekili \u015eamil Tayyar\u2019\u0131n parti teamm\u00fclerini y\u0131kan <\/p>\n","protected":false},"author":1,"featured_media":0,"comment_status":"open","ping_status":"open","sticky":false,"template":"","format":"standard","meta":{"footnotes":""},"categories":[105],"tags":[],"class_list":["post-37197","post","type-post","status-publish","format-standard","hentry","category-gundem","odd"],"_links":{"self":[{"href":"http:\/\/www.korhanyilmaz.com\/index.php?rest_route=\/wp\/v2\/posts\/37197","targetHints":{"allow":["GET"]}}],"collection":[{"href":"http:\/\/www.korhanyilmaz.com\/index.php?rest_route=\/wp\/v2\/posts"}],"about":[{"href":"http:\/\/www.korhanyilmaz.com\/index.php?rest_route=\/wp\/v2\/types\/post"}],"author":[{"embeddable":true,"href":"http:\/\/www.korhanyilmaz.com\/index.php?rest_route=\/wp\/v2\/users\/1"}],"replies":[{"embeddable":true,"href":"http:\/\/www.korhanyilmaz.com\/index.php?rest_route=%2Fwp%2Fv2%2Fcomments&post=37197"}],"version-history":[{"count":0,"href":"http:\/\/www.korhanyilmaz.com\/index.php?rest_route=\/wp\/v2\/posts\/37197\/revisions"}],"wp:attachment":[{"href":"http:\/\/www.korhanyilmaz.com\/index.php?rest_route=%2Fwp%2Fv2%2Fmedia&parent=37197"}],"wp:term":[{"taxonomy":"category","embeddable":true,"href":"http:\/\/www.korhanyilmaz.com\/index.php?rest_route=%2Fwp%2Fv2%2Fcategories&post=37197"},{"taxonomy":"post_tag","embeddable":true,"href":"http:\/\/www.korhanyilmaz.com\/index.php?rest_route=%2Fwp%2Fv2%2Ftags&post=37197"}],"curies":[{"name":"wp","href":"https:\/\/api.w.org\/{rel}","templated":true}]}}