{"id":37194,"date":"2011-07-22T13:56:12","date_gmt":"2011-07-22T10:56:12","guid":{"rendered":"http:\/\/www.korhanyilmaz.com\/?p=37194"},"modified":"2011-07-22T14:59:28","modified_gmt":"2011-07-22T11:59:28","slug":"arinc-bdp-aklini-basina-toplamis","status":"publish","type":"post","link":"http:\/\/www.korhanyilmaz.com\/?p=37194","title":{"rendered":"Ar\u0131n\u00e7: BDP akl\u0131n\u0131 ba\u015f\u0131na toplam\u0131\u015f"},"content":{"rendered":"<p style=\"text-align: center;\"><a href=\"http:\/\/www.korhanyilmaz.com\/wp-content\/uploads\/2011\/07\/1707.jpeg\"  class=\"lightview\"><img loading=\"lazy\" decoding=\"async\" class=\"aligncenter size-full wp-image-37195\" src=\"http:\/\/www.korhanyilmaz.com\/wp-content\/uploads\/2011\/07\/1707.jpeg\" alt=\"\" width=\"320\" height=\"215\" \/><\/a><\/p>\n<p style=\"text-align: justify;\">Ba\u015fbakan Yard\u0131mc\u0131s\u0131 Ar\u0131n\u00e7, Aysel Tu\u011fluk&#8217;un &#8216;\u00f6zerklik&#8217; konusunda yapt\u0131\u011f\u0131 &#8216;Zamanlamas\u0131 yanl\u0131\u015f oldu&#8217; a\u00e7\u0131klamas\u0131n\u0131 de\u011ferlendirdi.<\/p>\n<p style=\"text-align: justify;\">BALIKES\u0130R &#8211; Ba\u015fbakan Yard\u0131mc\u0131s\u0131 ve H\u00fck\u00fcmet S\u00f6zc\u00fcs\u00fc B\u00fclent Ar\u0131n\u00e7 tatilini ge\u00e7irdi\u011fi Bal\u0131kesir&#8217;in Edremit \u0130l\u00e7esi G\u00fcre Beldesi&#8217;deki devre m\u00fclk tesisinden cuma namaz\u0131 i\u00e7in \u00e7\u0131kt\u0131.D\u00fcnyan\u0131n ikinci bir ekonomik krizi bekledi\u011fini kaydeden Ar\u0131n\u00e7, &#8220;Ancak T\u00fcrkiye\u2019nin bundan \u00e7ok zarar g\u00f6rmeden atlataca\u011f\u0131na inan\u0131yoruz&#8221; dedi. <!--more--><\/p>\n<p style=\"text-align: justify;\">Ar\u0131n\u00e7, \u0130srail ile ya\u015fanan Mavi Marmara olay\u0131 ile ilgili Tu\u011fluk: Ke\u015fke \u00f6zerkli\u011fi o g\u00fcn a\u00e7\u0131klamasayd\u0131k olarak da &#8220;Sorunun \u00e7\u00f6z\u00fcm\u00fc i\u00e7in \u0130srail devletinin \u00f6z\u00fcr dilemesini bekliyoruz. Bu gemide yap\u0131lan hasar ve i\u00e7indeki yolculara verilen zarar tazminat olarak kar\u015f\u0131lanmal\u0131d\u0131r. \u0130sraim H\u00fck\u00fcmeti\u2019nden bunu bekliyoruz&#8221; diye konu\u015ftu.<\/p>\n<p style=\"text-align: justify;\">Ar\u0131n\u00e7, Meclis\u2019teki g\u00f6r\u00fc\u015fmelerin televizyondan yay\u0131nlanmas\u0131na k\u0131s\u0131nt\u0131 getirilmesiyle ilgili de \u015f\u00f6yle dedi: &#8220;&#8221;Meclis \u00e7al\u0131\u015fma d\u00fczeni belirli bir plana ba\u011fl\u0131 de\u011fil. Bazen toplant\u0131lar 11.00\u2019de bazen 14.00\u2019de ba\u015fl\u0131yor. Bu sorunun giderilmesi i\u00e7in g\u00f6rev Meclis\u2019e d\u00fc\u015f\u00fcyor. Meclis bir hafta \u00f6ncesinden \u00e7al\u0131\u015fma d\u00fczeni belirlerse bunu da yay\u0131nlar\u0131z. Meclis Ba\u015fkan\u0131 onay verirse \u00f6zel televizyonlar da Meclis\u2019ten yay\u0131n yapabilir. Buna grup olarak destek veririz.&#8221;<\/p>\n<p style=\"text-align: justify;\"><strong>&#8220;AKILLARINI BA\u015eLARINA TOPLAMI\u015eLAR&#8221;<\/strong><\/p>\n<p style=\"text-align: justify;\">Ba\u011f\u0131ms\u0131z milletvekili Aysel Tu\u011fluk\u2019un, ilan edilen \u2019Demokratik \u00f6zerklik\u2019 konusundaki son a\u00e7\u0131klamalar\u0131yla ilgili de Ar\u0131n\u00e7, &#8220;Ak\u0131llar\u0131n\u0131 ba\u015flar\u0131na toplam\u0131\u015flar. Ancak onlar Meclis\u2019e gelip yemin etmeliler. Bir sorun varsa Meclis \u00e7at\u0131s\u0131 alt\u0131nda \u00e7\u00f6z\u00fcm aranmal\u0131&#8221; diye konu\u015ftu.<\/p>\n<p style=\"text-align: justify;\"><a href=\"http:\/\/www.radikal.com.tr\/Radikal.aspx?aType=RadikalDetayV3&amp;ArticleID=1057250&amp;Date=22.07.2011&amp;CategoryID=78\" target=\"_blank\">Kaynak : Radikal.com.tr<\/a><\/p>\n","protected":false},"excerpt":{"rendered":"<p style=\"text-align: center;\">\n<p style=\"text-align: justify;\">Ba\u015fbakan Yard\u0131mc\u0131s\u0131 Ar\u0131n\u00e7, Aysel Tu\u011fluk&#8217;un &#8216;\u00f6zerklik&#8217; konusunda yapt\u0131\u011f\u0131 &#8216;Zamanlamas\u0131 yanl\u0131\u015f oldu&#8217; a\u00e7\u0131klamas\u0131n\u0131 de\u011ferlendirdi.<\/p>\n<p style=\"text-align: justify;\">BALIKES\u0130R &#8211; Ba\u015fbakan Yard\u0131mc\u0131s\u0131 ve H\u00fck\u00fcmet S\u00f6zc\u00fcs\u00fc B\u00fclent Ar\u0131n\u00e7 tatilini ge\u00e7irdi\u011fi Bal\u0131kesir&#8217;in Edremit \u0130l\u00e7esi G\u00fcre Beldesi&#8217;deki devre m\u00fclk tesisinden cuma namaz\u0131 i\u00e7in \u00e7\u0131kt\u0131.D\u00fcnyan\u0131n ikinci bir ekonomik krizi bekledi\u011fini kaydeden Ar\u0131n\u00e7, &#8220;Ancak T\u00fcrkiye\u2019nin bundan \u00e7ok zarar <\/p>\n","protected":false},"author":1,"featured_media":0,"comment_status":"open","ping_status":"open","sticky":false,"template":"","format":"standard","meta":{"footnotes":""},"categories":[105],"tags":[],"class_list":["post-37194","post","type-post","status-publish","format-standard","hentry","category-gundem","odd"],"_links":{"self":[{"href":"http:\/\/www.korhanyilmaz.com\/index.php?rest_route=\/wp\/v2\/posts\/37194","targetHints":{"allow":["GET"]}}],"collection":[{"href":"http:\/\/www.korhanyilmaz.com\/index.php?rest_route=\/wp\/v2\/posts"}],"about":[{"href":"http:\/\/www.korhanyilmaz.com\/index.php?rest_route=\/wp\/v2\/types\/post"}],"author":[{"embeddable":true,"href":"http:\/\/www.korhanyilmaz.com\/index.php?rest_route=\/wp\/v2\/users\/1"}],"replies":[{"embeddable":true,"href":"http:\/\/www.korhanyilmaz.com\/index.php?rest_route=%2Fwp%2Fv2%2Fcomments&post=37194"}],"version-history":[{"count":0,"href":"http:\/\/www.korhanyilmaz.com\/index.php?rest_route=\/wp\/v2\/posts\/37194\/revisions"}],"wp:attachment":[{"href":"http:\/\/www.korhanyilmaz.com\/index.php?rest_route=%2Fwp%2Fv2%2Fmedia&parent=37194"}],"wp:term":[{"taxonomy":"category","embeddable":true,"href":"http:\/\/www.korhanyilmaz.com\/index.php?rest_route=%2Fwp%2Fv2%2Fcategories&post=37194"},{"taxonomy":"post_tag","embeddable":true,"href":"http:\/\/www.korhanyilmaz.com\/index.php?rest_route=%2Fwp%2Fv2%2Ftags&post=37194"}],"curies":[{"name":"wp","href":"https:\/\/api.w.org\/{rel}","templated":true}]}}