{"id":37184,"date":"2011-07-22T13:52:47","date_gmt":"2011-07-22T10:52:47","guid":{"rendered":"http:\/\/www.korhanyilmaz.com\/?p=37184"},"modified":"2011-07-22T14:30:19","modified_gmt":"2011-07-22T11:30:19","slug":"bdpde-konusma-yasagi-mi-var","status":"publish","type":"post","link":"http:\/\/www.korhanyilmaz.com\/?p=37184","title":{"rendered":"BDP&#8217;de konu\u015fma yasa\u011f\u0131 m\u0131 var?"},"content":{"rendered":"<p style=\"text-align: justify;\"><a href=\"http:\/\/www.korhanyilmaz.com\/wp-content\/uploads\/2011\/07\/1705.jpg\"  class=\"lightview\"><img loading=\"lazy\" decoding=\"async\" class=\"aligncenter size-full wp-image-37185\" src=\"http:\/\/www.korhanyilmaz.com\/wp-content\/uploads\/2011\/07\/1705.jpg\" alt=\"\" width=\"307\" height=\"236\" \/><\/a><\/p>\n<p style=\"text-align: justify;\">Ba\u011f\u0131ms\u0131z se\u00e7ildikten sonra BDP grubunu olu\u015fturan milletvekillerinin 5 g\u00fcn s\u00fcreli &#8216;yaz kamp\u0131\u2019 Van\u2019da ba\u015flad\u0131. Milletvekileri \u015eerafettin El\u00e7i, Levent T\u00fczel ile u\u00e7ak korkusu y\u00fcz\u00fcnden gelemeyen S\u0131rr\u0131 S\u00fcreyya \u00d6nder\u2019in d\u0131\u015f\u0131nda BDP grubu toplant\u0131ya ba\u015flad\u0131. <!--more--><\/p>\n<p style=\"text-align: justify;\">Toplant\u0131 \u00f6ncesi k\u0131sa bir a\u00e7\u0131klama yapan DTK Genel Ba\u015fkan\u0131 Ahmet T\u00fcrk, T\u00fcrkiye\u2019deki son geli\u015fmelerle ilgili detayl\u0131 bir \u00e7al\u0131\u015fma yapacaklar\u0131n\u0131 belirtirken, toplant\u0131 sonras\u0131 daha derli toplu bas\u0131n\u0131 bilgilendireceklerini s\u00f6yledi.<\/p>\n<p style=\"text-align: justify;\">BDP grubunu olu\u015fturan ve 5 g\u00fcn s\u00fcreyle \u2018Demokratik \u00d6zerlik\u2019 ile \u2018TBMM boykutunu masaya yat\u0131racak olan milletvekilleri, Van\u2019\u0131n Edremit \u0130l\u00e7esi\u2019nde bulunana Merit Otel\u2018de bir araya geldi. Toplant\u0131 \u00f6ncesi her hangi bir a\u00e7\u0131klama yap\u0131lmazken, gazetecilerin toplant\u0131 \u00f6ncesi g\u00f6r\u00fcnt\u00fc almalar\u0131na bile izin verilmedi.<\/p>\n<p style=\"text-align: justify;\">Toplant\u0131n\u0131n yap\u0131ld\u0131\u011f\u0131 salonun \u00f6n\u00fcnde k\u0131sa bir a\u00e7\u0131klama yapan BDP I\u011fd\u0131r Milletvekili Pervin Buldan gazetecilerin toplant\u0131n\u0131n yap\u0131ld\u0131\u011f\u0131 salonun \u00f6n\u00fcnde beklemelerini istemediklerini, bunun bir i\u00e7 toplant\u0131 oldu\u011funu ve bu durumun toplant\u0131 boyunca da s\u00fcrece\u011fini s\u00f6yledi. Bu arada, toplant\u0131n\u0131n yap\u0131ld\u0131\u011f\u0131 otelin zemin kat\u0131ndaki toplant\u0131 salonu da daha rahat ortam olmas\u0131 i\u00e7in yeri de\u011fi\u015ftirildi.<\/p>\n<p style=\"text-align: justify;\">U\u00e7akla bu g\u00fcn gelen DTK Genel Ba\u015fkan\u0131 Ahmet T\u00fcrk, toplant\u0131 salonuna ge\u00e7meden \u00f6nce gazetecilere yapt\u0131\u011f\u0131 k\u0131sa a\u00e7\u0131klamada T\u00fcrkiye\u2019deki olaylar\u0131 ve son geli\u015fmelerle ilgili detayl\u0131 bir \u00e7al\u0131\u015fma y\u00fcr\u00fcteceklerini s\u00f6yledi. T\u00fcrk, \u201cSe\u00e7imden sonra bir araya gelerek s\u00fcre\u00e7le ilgili geli\u015fmelerle ilgili tart\u0131\u015fmalar\u0131 y\u00fcr\u00fctmek \u00fczere bir araday\u0131z. Tart\u0131\u015fmalardan sonra daha derli toplu bas\u0131na bilgi verece\u011fiz. Konu\u015fma yasa\u011f\u0131 yok ancak s\u00fcre\u00e7 hassas. Olabildi\u011fince derli toplu a\u00e7\u0131klamalar yapmak daha do\u011fru olur. Tam kadroya yak\u0131n buraday\u0131z&#8221; dedi.<\/p>\n<p style=\"text-align: justify;\">Aysel Tu\u011fluk\u2019un \u201cDemokratik \u00f6zerkli\u011fi erken a\u00e7\u0131klad\u0131k a\u00e7\u0131klamas\u0131n\u0131 da de\u011ferlendiren T\u00fcrk, \u201cDemokratik \u00f6zerklik, kongrenin karar\u0131d\u0131r. Bunu tart\u0131\u015facak durumda de\u011filiz&#8221; dedi. Tu\u011fluk ise , a\u00e7\u0131klaman\u0131n kendisi taraf\u0131ndan yap\u0131ld\u0131\u011f\u0131n\u0131 belirtti.<\/p>\n<p style=\"text-align: justify;\">Bu arada, toplant\u0131 ile ilgili milletvekillerinin herhangi bir a\u00e7\u0131klama yapmamas\u0131, Demokratik \u00f6zerkli\u011fin ilan\u0131 ve bu ilan\u0131n erken a\u00e7\u0131klanmas\u0131 ile ilgili g\u00f6r\u00fc\u015f bildiren milletvekillerinin parti y\u00f6netiminde rahats\u0131zl\u0131k yaratt\u0131\u011f\u0131 d\u00fc\u015f\u00fcn\u00fcl\u00fcyor. Bunun \u00f6n\u00fc ge\u00e7mek i\u00e7in de milletvekillerine konu\u015fma yasa\u011f\u0131n\u0131n getirildi\u011fi belirtiliyor. A\u00e7\u0131klamalar\u0131n 5. g\u00fcn\u00fcn sonunda yap\u0131laca\u011f\u0131 ve bu a\u00e7\u0131klamalar i\u00e7in de 1 yada 2 ki\u015finin g\u00f6revlendirilece\u011fi belirtiliyor.<\/p>\n<p style=\"text-align: justify;\"><a href=\"http:\/\/www.cnnturk.com\/2011\/turkiye\/07\/22\/bdpde.konusma.yasagi.mi.var\/623711.0\/index.html\" target=\"_blank\">Kaynak : CNN T\u00dcRK<\/a><\/p>\n","protected":false},"excerpt":{"rendered":"<p style=\"text-align: justify;\">\n<p style=\"text-align: justify;\">Ba\u011f\u0131ms\u0131z se\u00e7ildikten sonra BDP grubunu olu\u015fturan milletvekillerinin 5 g\u00fcn s\u00fcreli &#8216;yaz kamp\u0131\u2019 Van\u2019da ba\u015flad\u0131. Milletvekileri \u015eerafettin El\u00e7i, Levent T\u00fczel ile u\u00e7ak korkusu y\u00fcz\u00fcnden gelemeyen S\u0131rr\u0131 S\u00fcreyya \u00d6nder\u2019in d\u0131\u015f\u0131nda BDP grubu toplant\u0131ya ba\u015flad\u0131. <\/p>\n","protected":false},"author":1,"featured_media":0,"comment_status":"open","ping_status":"open","sticky":false,"template":"","format":"standard","meta":{"footnotes":""},"categories":[105],"tags":[],"class_list":["post-37184","post","type-post","status-publish","format-standard","hentry","category-gundem","odd"],"_links":{"self":[{"href":"http:\/\/www.korhanyilmaz.com\/index.php?rest_route=\/wp\/v2\/posts\/37184","targetHints":{"allow":["GET"]}}],"collection":[{"href":"http:\/\/www.korhanyilmaz.com\/index.php?rest_route=\/wp\/v2\/posts"}],"about":[{"href":"http:\/\/www.korhanyilmaz.com\/index.php?rest_route=\/wp\/v2\/types\/post"}],"author":[{"embeddable":true,"href":"http:\/\/www.korhanyilmaz.com\/index.php?rest_route=\/wp\/v2\/users\/1"}],"replies":[{"embeddable":true,"href":"http:\/\/www.korhanyilmaz.com\/index.php?rest_route=%2Fwp%2Fv2%2Fcomments&post=37184"}],"version-history":[{"count":0,"href":"http:\/\/www.korhanyilmaz.com\/index.php?rest_route=\/wp\/v2\/posts\/37184\/revisions"}],"wp:attachment":[{"href":"http:\/\/www.korhanyilmaz.com\/index.php?rest_route=%2Fwp%2Fv2%2Fmedia&parent=37184"}],"wp:term":[{"taxonomy":"category","embeddable":true,"href":"http:\/\/www.korhanyilmaz.com\/index.php?rest_route=%2Fwp%2Fv2%2Fcategories&post=37184"},{"taxonomy":"post_tag","embeddable":true,"href":"http:\/\/www.korhanyilmaz.com\/index.php?rest_route=%2Fwp%2Fv2%2Ftags&post=37184"}],"curies":[{"name":"wp","href":"https:\/\/api.w.org\/{rel}","templated":true}]}}