{"id":37180,"date":"2011-07-22T13:40:53","date_gmt":"2011-07-22T10:40:53","guid":{"rendered":"http:\/\/www.korhanyilmaz.com\/?p=37180"},"modified":"2011-07-22T14:06:57","modified_gmt":"2011-07-22T11:06:57","slug":"kritik-davalarin-yeni-hakimleri-belli-oldu","status":"publish","type":"post","link":"http:\/\/www.korhanyilmaz.com\/?p=37180","title":{"rendered":"Kritik davalar\u0131n yeni hakimleri belli oldu!"},"content":{"rendered":"<p style=\"text-align: justify;\"><a href=\"http:\/\/www.korhanyilmaz.com\/wp-content\/uploads\/2011\/07\/1704.jpg\"  class=\"lightview\"><img loading=\"lazy\" decoding=\"async\" class=\"aligncenter size-full wp-image-37181\" src=\"http:\/\/www.korhanyilmaz.com\/wp-content\/uploads\/2011\/07\/1704.jpg\" alt=\"\" width=\"263\" height=\"250\" \/><\/a><\/p>\n<p style=\"text-align: justify;\">Yeni kurulan 3 \u0130stanbul A\u011f\u0131r Ceza Mahkemesi \u00c7a\u011flayan Adliyesi\u2019nde g\u00f6rev yapacak. \u0130\u015f yo\u011funlu\u011fu nedeniyle talep edilen yeni mahkemeler, Hakim ve Savc\u0131lar Y\u00fcksek Kurulu\u2019nun karar\u0131 ile kuruldu. Be\u015fikta\u015f\u2019taki \u0130stanbul Adliyesi\u2019ne bulunan \u0130stanbul 9-10-11-12-13-14. A\u011f\u0131r Ceza Mahkemeleri\u2019ne \u00fc\u00e7 mahkeme daha eklendi. <!--more--><\/p>\n<p style=\"text-align: justify;\">Yeni kurulan mahkemeler \u0130stanbul 15-16 ve 17. A\u011f\u0131r Ceza Mahkemesi olacak. Bu kararla birlikte \u00f6zel yetkili mahkemeler fiziki olarak iki ayr\u0131 yerde g\u00f6rev yapacak. Be\u015fikta\u015f\u2019taki \u0130stanbul Adliyesi\u2019nde halen g\u00f6rev yapan 6 mahkeme \u00c7a\u011flayan\u2019a ta\u015f\u0131nmayacak. Ancak yeni kurulan 3 mahkemeye Be\u015fikta\u015f\u2019taki adliye binas\u0131nda yer yok.<\/p>\n<p style=\"text-align: justify;\"><strong>\u00dc\u00e7 mahkeme \u00e7a\u011flayan\u2019da g\u00f6rev yapacak<\/strong><\/p>\n<p style=\"text-align: justify;\">Fiziki yetersizlik nedeniyle \u00fc\u00e7 mahkemenin \u00c7a\u011flayan\u2019da yap\u0131lan yeni adliye binas\u0131na kurulmas\u0131na karar verildi. \u00d6n\u00fcm\u00fczdeki y\u0131llarda ise \u00f6zel yetkili mahkemelerin bir araya toplanmas\u0131 i\u00e7in yeni bir binan\u0131n yap\u0131lmas\u0131 g\u00fcndemde.<\/p>\n<p style=\"text-align: justify;\"><strong>Ba\u015fkanlar belirlendi<\/strong><\/p>\n<p style=\"text-align: justify;\">HSYK kararnameyle \u0130stanbul 15. A\u011f\u0131r Ceza Mahkemesi Ba\u015fkanl\u0131\u011f\u0131\u2019na \u0130stanbul 10. A\u011f\u0131r Ceza Mahkemesi \u00fcyesi Ali Al\u00e7\u0131k\u2019\u0131, \u0130stanbul 16. A\u011f\u0131r Ceza Mahkemesi Ba\u015fkanl\u0131\u011f\u0131\u2019na \u0130stanbul 14. A\u011f\u0131r Ceza Mahkemesi \u00fcyesi Resul \u00c7ak\u0131r\u2019\u0131 ve \u0130stanbul 17. A\u011f\u0131r Ceza Mahkemesi Ba\u015fkanl\u0131\u011f\u0131\u2019na \u0130stanbul 13. A\u011f\u0131r Ceza Mahkemesi \u00fcyesi G\u00f6kmen Demircan\u2019\u0131 yetkilendirdi.<\/p>\n<p style=\"text-align: justify;\"><strong>\u00dcye hakimler de belirlendi<\/strong><\/p>\n<p style=\"text-align: justify;\">\u0130stanbul 15. A\u011f\u0131r Ceza Mahkemesi\u2019ne \u00fcye hakim olarak ise Kaz\u0131m Kahyao\u011flu ile Alpaslan Uz atand\u0131. \u0130stanbul 16. A\u011f\u0131r Ceza Mahkemesi\u2019ne \u00fcye hakim olarak Hikmet \u015een ve Seyfettin Mermerci g\u00f6revlendirildi. \u0130stanbul 17. A\u011f\u0131r Ceza Mahkemesi\u2019ne de Muzaffer \u0130ren ile Menek\u015fe Uyar \u00fcye hakim olarak atand\u0131.<\/p>\n<p style=\"text-align: justify;\"><strong>Balyoz ve Ergenekon\u2019a yeni hakim<\/strong><\/p>\n<p style=\"text-align: justify;\">Yeni mahkemelere atanan isimler ve baz\u0131 tayinler nedeniyle eski mahkemelerde olu\u015fan hakim eksikli\u011fi de HSYK kararnamesiyle giderildi. Balyoz davas\u0131n\u0131n g\u00f6r\u00fcld\u00fc\u011f\u00fc \u0130stanbul 10. A\u011f\u0131r Ceza Mahkemesi\u2019ne iki hakim atand\u0131. Hakimler Sava\u015f \u00c7elik ve Aytekin Ozanl\u0131 \u0130stanbul 10 A\u011f\u0131r Ceza Mahkemesi\u2019nde g\u00f6rev yapacak. Ge\u00e7ti\u011fimiz g\u00fcnlerde Ergenekon davas\u0131na bakan mahkemenin ba\u015fkan\u0131 K\u00f6ksal \u015eeng\u00fcn\u2019\u00fcn atanmas\u0131 ile de \u0130stanbul 13. A\u011f\u0131r Ceza Mahkemesi\u2019nde hakim eksikli\u011fi olu\u015fmu\u015ftu. HSYK kararnameyle \u0130stanbul 13. A\u011f\u0131r Ceza Mahkemesi\u2019ne Fatih Mehmet Uslu\u2019yu atad\u0131.<\/p>\n<p style=\"text-align: justify;\"><strong>Dink davas\u0131n\u0131n g\u00f6r\u00fcld\u00fc\u011f\u00fc mahkemeye yeni hakim<\/strong><\/p>\n<p style=\"text-align: justify;\">Poyrazk\u00f6y davas\u0131n\u0131n g\u00f6r\u00fcld\u00fc\u011f\u00fc \u0130stanbul 12. A\u011f\u0131r Ceza Mahkemesi\u2019ne ise hakim Vedat Dalda g\u00f6revlendirildi. Hrant Dink davas\u0131n\u0131n g\u00f6r\u00fcld\u00fc\u011f\u00fc \u0130stanbul 14. A\u011f\u0131r Ceza Mahkemesi\u2019ne ise Musat \u00d6zcan atand\u0131. Hakim Osman Kaya ise eski emniyet m\u00fcd\u00fcr\u00fc Hanefi Avc\u0131\u2019n\u0131n yarg\u0131land\u0131\u011f\u0131 \u0130stanbul 9. A\u011f\u0131r Ceza Mahkemesi\u2019nde g\u00f6rev yapacak.<\/p>\n<p style=\"text-align: justify;\"><a href=\"http:\/\/www.cnnturk.com\/2011\/turkiye\/07\/22\/kritik.davalarin.yeni.hakimleri.belli.oldu\/623715.0\/index.html\" target=\"_blank\">Kaynak : CNN T\u00dcRK<\/a><\/p>\n","protected":false},"excerpt":{"rendered":"<p style=\"text-align: justify;\">\n<p style=\"text-align: justify;\">Yeni kurulan 3 \u0130stanbul A\u011f\u0131r Ceza Mahkemesi \u00c7a\u011flayan Adliyesi\u2019nde g\u00f6rev yapacak. \u0130\u015f yo\u011funlu\u011fu nedeniyle talep edilen yeni mahkemeler, Hakim ve Savc\u0131lar Y\u00fcksek Kurulu\u2019nun karar\u0131 ile kuruldu. Be\u015fikta\u015f\u2019taki \u0130stanbul Adliyesi\u2019ne bulunan \u0130stanbul 9-10-11-12-13-14. A\u011f\u0131r Ceza Mahkemeleri\u2019ne \u00fc\u00e7 mahkeme daha eklendi. <\/p>\n","protected":false},"author":1,"featured_media":0,"comment_status":"open","ping_status":"open","sticky":false,"template":"","format":"standard","meta":{"footnotes":""},"categories":[105],"tags":[],"class_list":["post-37180","post","type-post","status-publish","format-standard","hentry","category-gundem","odd"],"_links":{"self":[{"href":"http:\/\/www.korhanyilmaz.com\/index.php?rest_route=\/wp\/v2\/posts\/37180","targetHints":{"allow":["GET"]}}],"collection":[{"href":"http:\/\/www.korhanyilmaz.com\/index.php?rest_route=\/wp\/v2\/posts"}],"about":[{"href":"http:\/\/www.korhanyilmaz.com\/index.php?rest_route=\/wp\/v2\/types\/post"}],"author":[{"embeddable":true,"href":"http:\/\/www.korhanyilmaz.com\/index.php?rest_route=\/wp\/v2\/users\/1"}],"replies":[{"embeddable":true,"href":"http:\/\/www.korhanyilmaz.com\/index.php?rest_route=%2Fwp%2Fv2%2Fcomments&post=37180"}],"version-history":[{"count":0,"href":"http:\/\/www.korhanyilmaz.com\/index.php?rest_route=\/wp\/v2\/posts\/37180\/revisions"}],"wp:attachment":[{"href":"http:\/\/www.korhanyilmaz.com\/index.php?rest_route=%2Fwp%2Fv2%2Fmedia&parent=37180"}],"wp:term":[{"taxonomy":"category","embeddable":true,"href":"http:\/\/www.korhanyilmaz.com\/index.php?rest_route=%2Fwp%2Fv2%2Fcategories&post=37180"},{"taxonomy":"post_tag","embeddable":true,"href":"http:\/\/www.korhanyilmaz.com\/index.php?rest_route=%2Fwp%2Fv2%2Ftags&post=37180"}],"curies":[{"name":"wp","href":"https:\/\/api.w.org\/{rel}","templated":true}]}}