{"id":37176,"date":"2011-07-22T08:57:12","date_gmt":"2011-07-22T05:57:12","guid":{"rendered":"http:\/\/www.korhanyilmaz.com\/?p=37176"},"modified":"2011-07-22T12:48:25","modified_gmt":"2011-07-22T09:48:25","slug":"tugluk-keske-o-aciklamayi-o-gun-yapmasaydik","status":"publish","type":"post","link":"http:\/\/www.korhanyilmaz.com\/?p=37176","title":{"rendered":"Tu\u011fluk: Ke\u015fke o a\u00e7\u0131klamay\u0131 o g\u00fcn yapmasayd\u0131k"},"content":{"rendered":"<p style=\"text-align: justify;\"><a href=\"http:\/\/www.korhanyilmaz.com\/wp-content\/uploads\/2011\/07\/1703.jpg\"  class=\"lightview\"><img loading=\"lazy\" decoding=\"async\" class=\"aligncenter size-full wp-image-37177\" src=\"http:\/\/www.korhanyilmaz.com\/wp-content\/uploads\/2011\/07\/1703.jpg\" alt=\"\" width=\"307\" height=\"236\" \/><\/a><\/p>\n<p style=\"text-align: justify;\">Vatan yazar\u0131 Murat \u00c7elik, Demokratik Toplum Kongresi e\u015fba\u015fkan\u0131 Aysel Tu\u011fluk&#8217;la telefonda yapt\u0131\u011f\u0131 r\u00f6portaj\u0131 k\u00f6\u015fesine ta\u015f\u0131d\u0131.<\/p>\n<p style=\"text-align: justify;\">\u201cMaalesef de\u011ferlendiremedik. Ele\u015ftirileri hakl\u0131 g\u00f6r\u00fcyorum. Ve \u00f6zele\u015ftiri yap\u0131yorum; evet yanl\u0131\u015f oldu. Ke\u015fke o a\u00e7\u0131klamay\u0131, o g\u00fcn yapmasayd\u0131k.\u201d<\/p>\n<p style=\"text-align: justify;\">Bu c\u00fcmlelerin sahibi Aysel Tu\u011fluk. DTK\u2019n\u0131n (Demokratik Toplum Kongresi) e\u015fba\u015fkan\u0131. Ge\u00e7en hafta (14 Temmuz 2011) demokratik \u00f6zerkli\u011fi ilan eden isim.<\/p>\n<p style=\"text-align: justify;\">*** <!--more--><\/p>\n<p style=\"text-align: justify;\">Tu\u011fluk; 12 Haziran se\u00e7iminde Van\u2019dan ba\u011f\u0131ms\u0131z milletvekili se\u00e7ildi, ge\u00e7mi\u015fte \u00d6calan\u2019\u0131n avukat\u0131yd\u0131, halen de \u0130mral\u0131\u2019ya do\u011frudan akredite.<\/p>\n<p style=\"text-align: justify;\">Kimine g\u00f6re \u2018g\u00fcvercin\u2018, kimine g\u00f6re \u2018\u015fahin\u2018. Bu iki ku\u015ftan hangisi Aysel Tu\u011fluk\u2019u daha iyi niteliyor bilemem. Beni Tu\u011fluk\u2019un; camias\u0131 i\u00e7inde s\u00f6z\u00fcn\u00fcn a\u011f\u0131rl\u0131\u011f\u0131 olan ve (buna kar\u015f\u0131l\u0131k\/ bununla beraber) pek fazla konu\u015fan bir politikac\u0131 olmamas\u0131 ilgilendiriyor.<\/p>\n<p style=\"text-align: justify;\">14 dakikal\u0131k bir telefon g\u00f6r\u00fc\u015fmesi yapt\u0131k Tu\u011fluk ile. Bir telefon r\u00f6portaj\u0131.<\/p>\n<p style=\"text-align: justify;\">***<\/p>\n<p style=\"text-align: justify;\">Bir haftad\u0131r bekliyorum. Bakt\u0131m, DTK\u2019n\u0131n ilan etti\u011fi demokratik \u00f6zerkli\u011fe ili\u015fkin a\u00e7\u0131klaman\u0131n 13 \u015fehidin verildi\u011fi g\u00fcn yap\u0131lmas\u0131n\u0131 ele\u015ftiren \u00e7ok ama \u2018neden\u2019ini, \u2018nas\u0131l\u2019\u0131n\u0131, do\u011frudan konunun muhatab\u0131na soran yok; o zaman ben soray\u0131m dedim:<\/p>\n<p style=\"text-align: justify;\">&#8211; O g\u00fcn k\u00fcrs\u00fcye \u00e7\u0131kt\u0131\u011f\u0131n\u0131zda, \u201813 \u015fehit\u2019ten haberdar m\u0131yd\u0131n\u0131z?<\/p>\n<p style=\"text-align: justify;\">&#8211; Salona bir \u00e7at\u0131\u015fma haberi geldi ama net bilgilere sahip de\u011fildik. Bas\u0131n da salona al\u0131nm\u0131\u015ft\u0131 ve a\u00e7\u0131klamay\u0131 yapt\u0131k.<\/p>\n<p style=\"text-align: justify;\">&#8211; Yani \u00e7at\u0131\u015fman\u0131n bilan\u00e7osunu bilmiyordunuz&#8230;<\/p>\n<p style=\"text-align: justify;\">&#8211; Evet \u00f6yle oldu. Ve do\u011frusu, yanl\u0131\u015f oldu. De\u011ferlendiremedik. Maalesef sonu\u00e7ta da o g\u00fcne denk geldi a\u00e7\u0131klamam\u0131z.<\/p>\n<p style=\"text-align: justify;\">&#8211; Bu bir pi\u015fmanl\u0131k ifadesi mi?<\/p>\n<p style=\"text-align: justify;\">&#8211; Asl\u0131nda, demokratik \u00f6zerklik ilan\u0131 ile can kay\u0131plar\u0131yla sonu\u00e7lanan o \u00e7at\u0131\u015fma, birbirinden ayr\u0131 konular ama alg\u0131lama tabii \u00e7ok farkl\u0131 oldu. Do\u011frusu, ke\u015fke o g\u00fcn olmasayd\u0131. O g\u00fcn yapmasayd\u0131k ke\u015fke o a\u00e7\u0131klamay\u0131.<\/p>\n<p style=\"text-align: justify;\">&#8211; Ama yap\u0131ld\u0131. Yapt\u0131n\u0131z o konu\u015fmay\u0131&#8230;<\/p>\n<p style=\"text-align: justify;\">&#8211; Evet, maalesef. Ke\u015fke o g\u00fcne denk gelmeseydi. Hata bizde. De\u011ferlendirebilirdik. Bir s\u00fcre erteleyebilirdik mesela. Ama dedi\u011fim gibi toplant\u0131n\u0131n i\u00e7 dinami\u011fi i\u00e7inde b\u00f6yle geli\u015fti. Ke\u015fke biz toplan\u0131p, son durumu \u00f6\u011frenip, bir de\u011ferlendirme yapsayd\u0131k.<\/p>\n<p style=\"text-align: justify;\">&#8211; A\u00e7\u0131klaman\u0131n i\u00e7eri\u011fine y\u00f6nelik ele\u015ftiriler ve tepkiler bir yana, zamanlamas\u0131 da \u00e7ok ele\u015ftirildi biliyorsunuz.<\/p>\n<p style=\"text-align: justify;\">&#8211; \u00d6yle&#8230; Do\u011frusu \u00f6ng\u00f6remedik. Bu bizim eksikli\u011fimiz. Kabul ediyorum. Ve ele\u015ftirileri hakl\u0131 g\u00f6r\u00fcyorum.<\/p>\n<p style=\"text-align: justify;\">***<\/p>\n<p style=\"text-align: justify;\">Tu\u011fluk\u2019un bu (kendi ifadesiyle) \u00f6zele\u015ftirisi i\u00e7in;<\/p>\n<p style=\"text-align: justify;\">\u201cAferin\u201d de diyebilirsiniz, \u201cBunlar\u0131, \u0130mral\u0131\u2019dan g\u00f6nderilen son mesajlar\u0131n ard\u0131ndan s\u00f6ylemesi tesad\u00fcf m\u00fc?\u201d diye sorabilirsiniz de, \u201cYanl\u0131\u015f\u0131n\u0131 g\u00f6rm\u00fc\u015f, pi\u015fman olmu\u015f\u201d da diyebilirsiniz, \u201cGelen tepkiler \u00fczerine, mecburen yap\u0131lm\u0131\u015f gayrisamimi bir a\u00e7\u0131klama\u201d yaftas\u0131n\u0131 da uygun g\u00f6rebilirsiniz, \u201c\u00d6zele\u015ftiri bir erdemdir\u201d de diyebilirsiniz, \u201c\u0130yi polis &#8211; k\u00f6t\u00fc polis oyununda kendisine bi\u00e7ilen rol\u00fcn gere\u011fi\u201d de.<\/p>\n<p style=\"text-align: justify;\">Onu siz bilirsiniz.<\/p>\n<p style=\"text-align: justify;\">Benim bildi\u011fim ise, daha do\u011frusu telefonda konu\u015ftu\u011fum siyaset\u00e7inin tavr\u0131ndan edindi\u011fim izlenim \u015fu: Aysel Tu\u011fluk, hedefledi\u011fi ve \u00e7ok \u00f6nemsedi\u011fi, kendince tarihi bir a\u00e7\u0131klaman\u0131n; b\u00fcy\u00fck bir zamanlama hatas\u0131 yani stratejik bir yanl\u0131\u015f nedeniyle, \u00f6z\u00fcnden uzakla\u015f\u0131p bamba\u015fka bir tart\u0131\u015fmaya malzeme olmas\u0131ndan rahats\u0131z.<\/p>\n<p style=\"text-align: justify;\">*****<\/p>\n<p style=\"text-align: justify;\">Yemin, \u00d6calan \u00e7at\u0131\u015fma ortam\u0131&#8230;<\/p>\n<p style=\"text-align: justify;\">Ekim ba\u015f\u0131nda, Meclis a\u00e7\u0131ld\u0131\u011f\u0131nda da bug\u00fcnk\u00fc durum de\u011fi\u015fmemi\u015f olursa (ki g\u00f6r\u00fcnen o) BDP destekli ba\u011f\u0131ms\u0131z milletvekilleri Ankara\u2019ya gidip yemin edecekler mi?<\/p>\n<p style=\"text-align: justify;\">Aysel Tu\u011fluk \u00f6nce kes(k)in ifadelerle yan\u0131t veriyor bu soruya:<\/p>\n<p style=\"text-align: justify;\">&#8211; Biz meseleyi sadece 5 &#8211; 6 vekil meselesi olarak g\u00f6rm\u00fcyoruz. Tepkimiz, iktidar\u0131n tutumuna. Bak\u0131n \u00d6calan ile yap\u0131lan g\u00f6r\u00fc\u015fmeler var. Bu g\u00f6r\u00fc\u015fmelerin, yap\u0131lan protokoller \u00e7er\u00e7evesinde s\u00fcrd\u00fc\u011f\u00fcn\u00fc kendileri a\u00e7\u0131kl\u0131yorlar. Ama kar\u015f\u0131m\u0131zda, 5 &#8211; 6 vekil meselesini bile \u00e7\u00f6zemeyen bir iktidar var. As\u0131l sorunun \u00e7\u00f6z\u00fcm\u00fc konusunda bir samimiyet, bir ciddiyet yok h\u00fck\u00fcmette.<\/p>\n<p style=\"text-align: justify;\">Sonra ise daha \u0131l\u0131man bir ton hakim oluyor sesine:<\/p>\n<p style=\"text-align: justify;\">&#8211; Tabii ki orada olmak istiyoruz ama biz CHP de\u011filiz, ilkesel bir tutumumuz var. Elbette, biz de geli\u015fmeleri de\u011ferlendirece\u011fiz. S\u00fcrecin bize y\u00fckleyece\u011fi sorumlulu\u011fa da bakaca\u011f\u0131z.<\/p>\n<p style=\"text-align: justify;\">&#8211; \u00d6calan konusuna gelelim son olarak&#8230;<\/p>\n<p style=\"text-align: justify;\">&#8211; \u0130mral\u0131\u2019da bar\u0131\u015f\u00e7\u0131l \u00e7\u00f6z\u00fcm iradesi oldu\u011funu g\u00f6rmek laz\u0131m.<\/p>\n<p style=\"text-align: justify;\">&#8211; Daha bir hafta \u00f6nce 13 \u015fehidin verildi\u011fi bir \u00fclkede bu tespitiniz biraz havada kalm\u0131yor mu?<\/p>\n<p style=\"text-align: justify;\">&#8211; \u0130\u015fte bu maalesef do\u011fru. \u00c7at\u0131\u015fma ortam\u0131nda, \u2018\u00d6calan\u2019\u0131n bar\u0131\u015f\u00e7\u0131l \u00e7\u00f6z\u00fcm iradesi\u2019nin alt\u0131n\u0131 doldurmak m\u00fcmk\u00fcn olmuyor i\u015fte.<\/p>\n<p style=\"text-align: justify;\">&#8211; Silvan Dolapdere\u2019de kurulan, s\u00fcrece de mi y\u00f6nelik bir \u2018pusu\u2019ydu?<\/p>\n<p style=\"text-align: justify;\">&#8211; Bunu hep beraber \u00f6nleyebilirdik. Bu durum, uzun s\u00fcredir \u201cGeliyorum\u201d diyordu. Biz bunu s\u00f6yleyince, \u201cBak\u0131n i\u015fte yine tehdit ediyorlar\u201d diyorlard\u0131 ama g\u00f6z g\u00f6re g\u00f6re geldi i\u015fte. \u00d6nleyemedik. Hep beraber \u00f6nleyebilirdik. Gelinen noktada, hepimizin sorumlulu\u011fu var.<\/p>\n<p style=\"text-align: justify;\"><a href=\"http:\/\/www.cnnturk.com\/2011\/yazarlar\/07\/22\/tugluk.keske.o.aciklamayi.o.gun.yapmasaydik\/623671.0\/index.html\" target=\"_blank\">Kaynak : CNN T\u00dcRK<\/a><\/p>\n","protected":false},"excerpt":{"rendered":"<p style=\"text-align: justify;\">\n<p style=\"text-align: justify;\">Vatan yazar\u0131 Murat \u00c7elik, Demokratik Toplum Kongresi e\u015fba\u015fkan\u0131 Aysel Tu\u011fluk&#8217;la telefonda yapt\u0131\u011f\u0131 r\u00f6portaj\u0131 k\u00f6\u015fesine ta\u015f\u0131d\u0131.<\/p>\n<p style=\"text-align: justify;\">\u201cMaalesef de\u011ferlendiremedik. Ele\u015ftirileri hakl\u0131 g\u00f6r\u00fcyorum. Ve \u00f6zele\u015ftiri yap\u0131yorum; evet yanl\u0131\u015f oldu. Ke\u015fke o a\u00e7\u0131klamay\u0131, o g\u00fcn yapmasayd\u0131k.\u201d<\/p>\n<p style=\"text-align: justify;\">Bu c\u00fcmlelerin sahibi Aysel Tu\u011fluk. DTK\u2019n\u0131n (Demokratik Toplum Kongresi) e\u015fba\u015fkan\u0131. Ge\u00e7en hafta (14 Temmuz <\/p>\n","protected":false},"author":1,"featured_media":0,"comment_status":"open","ping_status":"open","sticky":false,"template":"","format":"standard","meta":{"footnotes":""},"categories":[105],"tags":[],"class_list":["post-37176","post","type-post","status-publish","format-standard","hentry","category-gundem","odd"],"_links":{"self":[{"href":"http:\/\/www.korhanyilmaz.com\/index.php?rest_route=\/wp\/v2\/posts\/37176","targetHints":{"allow":["GET"]}}],"collection":[{"href":"http:\/\/www.korhanyilmaz.com\/index.php?rest_route=\/wp\/v2\/posts"}],"about":[{"href":"http:\/\/www.korhanyilmaz.com\/index.php?rest_route=\/wp\/v2\/types\/post"}],"author":[{"embeddable":true,"href":"http:\/\/www.korhanyilmaz.com\/index.php?rest_route=\/wp\/v2\/users\/1"}],"replies":[{"embeddable":true,"href":"http:\/\/www.korhanyilmaz.com\/index.php?rest_route=%2Fwp%2Fv2%2Fcomments&post=37176"}],"version-history":[{"count":0,"href":"http:\/\/www.korhanyilmaz.com\/index.php?rest_route=\/wp\/v2\/posts\/37176\/revisions"}],"wp:attachment":[{"href":"http:\/\/www.korhanyilmaz.com\/index.php?rest_route=%2Fwp%2Fv2%2Fmedia&parent=37176"}],"wp:term":[{"taxonomy":"category","embeddable":true,"href":"http:\/\/www.korhanyilmaz.com\/index.php?rest_route=%2Fwp%2Fv2%2Fcategories&post=37176"},{"taxonomy":"post_tag","embeddable":true,"href":"http:\/\/www.korhanyilmaz.com\/index.php?rest_route=%2Fwp%2Fv2%2Ftags&post=37176"}],"curies":[{"name":"wp","href":"https:\/\/api.w.org\/{rel}","templated":true}]}}