{"id":37172,"date":"2011-07-22T12:34:41","date_gmt":"2011-07-22T09:34:41","guid":{"rendered":"http:\/\/www.korhanyilmaz.com\/?p=37172"},"modified":"2011-07-22T12:34:41","modified_gmt":"2011-07-22T09:34:41","slug":"terorle-mucadelede-polis-reformu","status":"publish","type":"post","link":"http:\/\/www.korhanyilmaz.com\/?p=37172","title":{"rendered":"Ter\u00f6rle m\u00fccadelede polis reformu"},"content":{"rendered":"<p style=\"text-align: center;\"><a href=\"http:\/\/www.korhanyilmaz.com\/wp-content\/uploads\/2011\/07\/1702.jpg\"  class=\"lightview\"><img loading=\"lazy\" decoding=\"async\" class=\"aligncenter size-full wp-image-37173\" src=\"http:\/\/www.korhanyilmaz.com\/wp-content\/uploads\/2011\/07\/1702.jpg\" alt=\"\" width=\"346\" height=\"266\" \/><\/a><\/p>\n<p style=\"text-align: justify;\">S\u0131n\u0131r birliklerine b\u00fcy\u00fck \u00f6nem verdi\u011fini belirten Ba\u015fbakan Recep Tayyip Erdo\u011fan, i\u00e7 g\u00fcvenlik harek\u00e2t\u0131nda asker yerine polisin kullan\u0131lmas\u0131 \u00e7al\u0131\u015fmalar\u0131n\u0131n s\u00fcrd\u00fc\u011f\u00fcn\u00fc vurgulad\u0131.<\/p>\n<p style=\"text-align: justify;\">Ba\u015fbakan Tayyip Erdo\u011fan, Silvan&#8217;daki PKK eylemi i\u00e7in &#8220;K\u0131r\u0131lma oldu&#8221; mesaj\u0131n\u0131 verdi, &#8220;Farkl\u0131 d\u00fc\u015f\u00fcnmek zorunday\u0131z. K\u00f6t\u00fc niyetlilere kar\u015f\u0131 iyi niyet ta\u015f\u0131yamay\u0131z&#8221; dedi. <!--more--><\/p>\n<p style=\"text-align: justify;\">Erdo\u011fan, i\u00e7 g\u00fcvenlik harek\u00e2t\u0131nda asker yerine polisin kullan\u0131lmas\u0131 \u00e7al\u0131\u015fmalar\u0131n\u0131n s\u00fcrd\u00fc\u011f\u00fcn\u00fc vurgulad\u0131, &#8220;Da\u011fda da \u00e7ift ba\u015fl\u0131l\u0131k var&#8221; diye konu\u015ftu. Erdo\u011fan&#8217;\u0131n Lefko\u015fa d\u00f6n\u00fc\u015f yolunda gazetecilerin sorular\u0131 \u00fczerine yapt\u0131\u011f\u0131 a\u00e7\u0131klamalar \u015f\u00f6yle:<\/p>\n<p style=\"text-align: justify;\"><strong>Ter\u00f6re kar\u015f\u0131 polis<\/strong><\/p>\n<p style=\"text-align: justify;\"><strong>Silvan olay\u0131 bak\u0131\u015f\u0131n\u0131zda k\u0131r\u0131lma yaratt\u0131 denilebilir mi?<\/strong><\/p>\n<p style=\"text-align: justify;\">Farkl\u0131 d\u00fc\u015f\u00fcnmek zorunday\u0131z. K\u00f6t\u00fc niyetlilere kar\u015f\u0131 iyi niyet ta\u015f\u0131yamay\u0131z. Ba\u011f\u0131ms\u0131zlar geldi, arkada\u015flar\u0131m\u0131z da g\u00f6r\u00fc\u015ft\u00fc. Ama sak\u0131z \u00e7i\u011fner gibi s\u00fcrekli d\u0131\u015fland\u0131klar\u0131n\u0131 s\u00f6yl\u00fcyorlar. CHP&#8217;yi nas\u0131l Meclis&#8217;e kat\u0131lmaya \u00e7a\u011f\u0131rd\u0131ksa, onlar\u0131 da \u00e7a\u011f\u0131rd\u0131k. Neden d\u0131\u015flayal\u0131m. Tabii, CHP&#8217;ye de, onlara da &#8216;Gelmeseniz de Meclis \u00e7al\u0131\u015fmalar\u0131na devam eder&#8217; dedik.<\/p>\n<p style=\"text-align: justify;\"><strong>\u0130\u00e7 g\u00fcvenlik harek\u00e2tlar\u0131nda asker yerine polis kullan\u0131lmal\u0131 m\u0131?<\/strong><\/p>\n<p style=\"text-align: justify;\">Ter\u00f6rle m\u00fccadele \u00e7er\u00e7evesinde i\u00e7 g\u00fcvenlikte polisin kullan\u0131lmas\u0131yla ilgili bir \u00e7al\u0131\u015fma yap\u0131yoruz. B\u00f6lgelerin hassasiyetine g\u00f6re bu konuda ad\u0131m at\u0131lacak.<\/p>\n<p style=\"text-align: justify;\"><strong>S\u00fcrece dinamit \u00fcz\u00fcc\u00fc<\/strong><\/p>\n<p style=\"text-align: justify;\"><strong>Milli Birlik projesinde devam i\u00e7in takviminizvar m\u0131?<\/strong><\/p>\n<p style=\"text-align: justify;\">Milli Birlik ve Karde\u015flik Projesi&#8217;ni her \u015feye ra\u011fmen devam ettirece\u011fiz. Dolmabah\u00e7e&#8217;de yapt\u0131\u011f\u0131m\u0131za benzer, belki daha dar kapsaml\u0131 toplant\u0131lar yapabiliriz. Maalesef o toplant\u0131lar\u0131m\u0131za kat\u0131lm\u0131\u015f baz\u0131 isimlerin, daha sonra s\u00fcreci dinamitleme rol\u00fcne soyunmas\u0131 da \u00fcz\u00fcc\u00fc.<\/p>\n<p style=\"text-align: justify;\"><strong>\u0130mral\u0131&#8217;dan uzla\u015fma mesaj\u0131na ra\u011fmen Silvan ya\u015fand\u0131. \u0130mral\u0131&#8217;n\u0131n \u00f6rg\u00fcte etkisi var m\u0131, yok mu? Bu durumda \u0130mral\u0131 ile g\u00f6r\u00fc\u015fmek anlams\u0131zla\u015f\u0131yor mu?<\/strong><\/p>\n<p style=\"text-align: justify;\">\u0130\u015flerine geldi\u011finde \u0130mral\u0131 ile uyumlu davran\u0131yorlar, i\u015flerine gelmedi\u011finde uyumsuz oluyorlar. Da\u011fdakilerin isimlerini anmak istemiyorum, ama \u00e7ift ba\u015fl\u0131l\u0131k ortada. Da\u011fda da \u00e7ift ba\u015fl\u0131l\u0131k var. B\u00f6ylece s\u00fcreci haince i\u015fletiyorlar. Devlet, keyfi operasyon yapmaz. \u0130stihbarat al\u0131rsa yapar. B\u00f6l\u00fcc\u00fc ter\u00f6r \u00f6rg\u00fct\u00fc silah\u0131 b\u0131raksa, ter\u00f6r minimize olur. Bir istihbarat gelmedik\u00e7e de g\u00fcvenlik g\u00fc\u00e7leri operasyon yapmaz. Ama g\u00fcvenlik g\u00fc\u00e7lerinin silah b\u0131rakmas\u0131 istenebilir mi? Bu zaten onlar\u0131n birinci g\u00f6revi, varl\u0131k sebebi.<\/p>\n<p style=\"text-align: justify;\"><strong>Y\u00fcksek Askeri \u015e\u00fbra&#8217;da G\u00fcneydo\u011fu&#8217;daki generallere ili\u015fkin \u00f6zel bir uygulama olacak m\u0131?<\/strong><\/p>\n<p style=\"text-align: justify;\">Bu y\u0131lki Y\u00fcksek Askeri \u015e\u00fbra&#8217;da general say\u0131s\u0131n\u0131 azaltmaya y\u00f6nelik yap\u0131lm\u0131\u015f bir \u00e7al\u0131\u015fmay\u0131 yok. YA\u015e \u00f6ncesi \u00e7al\u0131\u015fmalar\u0131 Genelkurmay yap\u0131yor. \u00dcst d\u00fczey terfi ve tayinleri biz yapt\u0131ktan sonra k\u0131sa s\u00fcre i\u00e7inde komutanlar da di\u011fer atamalar\u0131 yap\u0131yor. \u00dczerinde en \u00e7ok durdu\u011fumuz konu, hudut birlikleri konusu. \u0130lk etapta 5 bin ki\u015filik bir yap\u0131 olu\u015fturulacak. Bunun ilan\u0131 da \u00e7\u0131kt\u0131.<\/p>\n<p style=\"text-align: justify;\"><strong>AB bizi aldatt\u0131<\/strong><\/p>\n<p style=\"text-align: justify;\"><strong>K\u0131br\u0131s \u00e7\u0131k\u0131\u015f\u0131n\u0131z\u0131 nas\u0131l yorumlamak gerekiyor?<\/strong><\/p>\n<p style=\"text-align: justify;\">K\u0131br\u0131s&#8217;la ilgili \u00e7\u0131k\u0131\u015f\u0131m\u0131z, tamamen bizim belirledi\u011fimiz bir politika. \u00d6nceki d\u00f6nemlerle veya ba\u015fka isimlerin politikalar\u0131yla kar\u015f\u0131la\u015ft\u0131rmas\u0131 bizi \u00fczer. Rumlar\u0131n AB d\u00f6nem ba\u015fkanl\u0131\u011f\u0131na tepki de bizim politikam\u0131z. Zaten Rumlar\u0131n ilk kez d\u00f6nem ba\u015fkanl\u0131klar\u0131 g\u00fcndeme geliyor. Avrupa Birli\u011fi, K\u0131br\u0131sl\u0131 T\u00fcrklere haks\u0131zl\u0131k yapt\u0131; T\u00fcrkiye&#8217;yi ise a\u00e7\u0131k\u00e7a aldatt\u0131, bize d\u00fcr\u00fcst davranmad\u0131lar. Annan Plan\u0131 referandumunda T\u00fcrkler y\u00fczde 65 evet, Rumlar y\u00fczde 75 hay\u0131r demesine ra\u011fmen T\u00fcrk taraf\u0131n\u0131 cezaland\u0131rd\u0131lar. Bu referandum s\u00fcreciyle ilgili Annan&#8217;\u0131n yazd\u0131\u011f\u0131 raporun, BM G\u00fcvenlik Konseyi&#8217;nde h\u00e2l\u00e2 s\u00fcmen alt\u0131nda bekletiliyor olmas\u0131 d\u00fc\u015f\u00fcnd\u00fcr\u00fcc\u00fc. Hristofyas, yeniden Annan Plan\u0131&#8217;n\u0131n pe\u015finde mi, yoksa ba\u015fka bir plan m\u0131 istiyor? Genel Sekreter Ban Ki-mun&#8217;un yeni bir plan\u0131 yok. K\u0131br\u0131sl\u0131 T\u00fcrklerden ve T\u00fcrkiye&#8217;den ba\u015fka bir \u00f6neri sunan da yok. Garant\u00f6r \u00fclke Yunanistan ortada g\u00f6r\u00fcnm\u00fcyor. \u0130ngiltere ise biz bir \u015fey g\u00fcndeme getirirsek, pozisyonunu a\u00e7\u0131kl\u0131yor. Bu \u015fartlarda, BM g\u00f6zetiminde yap\u0131lmas\u0131 planlanan 19 toplant\u0131 yap\u0131labilecek mi merak ediyorum. G\u00fcney K\u0131br\u0131s&#8217;taki siyasi k\u00f6rd\u00fc\u011f\u00fcm nas\u0131l \u00e7\u00f6z\u00fclecek bilmiyorum. Biz, Cumhurba\u015fkan\u0131 Dervi\u015f Ero\u011flu&#8217;na \u00e7\u00f6z\u00fcm yolundaki g\u00f6r\u00fc\u015fmeler i\u00e7in her t\u00fcrl\u00fc deste\u011fi verece\u011fiz. Olursa olur, olmazsa olmaz.<\/p>\n<p style=\"text-align: justify;\"><strong>G\u00fczelyurt g\u00fczel yurtmu\u015f<\/strong><\/p>\n<p style=\"text-align: justify;\"><strong>Annan Plan\u0131&#8217;nda verilecek olan G\u00fczelyurt&#8217;u art\u0131k vermeyiz dediniz. Annan Plan\u0131, T\u00fcrkiye i\u00e7in de bitti mi?<\/strong><\/p>\n<p style=\"text-align: justify;\">Rumlar, &#8216;Annan Plan\u0131&#8217;n\u0131 \u00e7\u00f6pe att\u0131k&#8217; diyor. \u00c7\u00f6pe att\u0131klar\u0131 plan\u0131 niye bir daha masaya koyal\u0131m. Bakan arkada\u015flar\u0131mla helikopterle G\u00fczelyurt&#8217;u havadan g\u00f6rd\u00fck. Ger\u00e7ekten g\u00fczel yurtmu\u015f. KKTC ekonomisinin geli\u015fmesi i\u00e7in markalar\u0131 bir araya getiren al\u0131\u015fveri\u015f merkezleri a\u00e7\u0131labilir. Bu hem g\u00fcneye y\u00f6nelimi azalt\u0131r, hem de turistlere hitap eder. Baf&#8217;a havaalan\u0131 d\u00fc\u015f\u00fcn\u00fclebilir. Bu havaalan\u0131 Ercan&#8217;a alternatif olaca\u011f\u0131 gibi, Dipkarpaz&#8217;a h\u0131zl\u0131 ula\u015f\u0131m\u0131 sa\u011flar. \u015eu an Ercan-Dipkarpaz aras\u0131 karadan 2-2.5 saat s\u00fcr\u00fcyor.<\/p>\n<p style=\"text-align: justify;\"><strong>K\u0131br\u0131s&#8217;taki konu\u015fmalar\u0131n\u0131zda adadaki \u00e7eteler ve mafya ile m\u00fccadeleden bahsettiniz. Bu konuda ne yap\u0131lacak?<\/strong><\/p>\n<p style=\"text-align: justify;\">Kumar mafyas\u0131 orada. A\u00e7, sefil oraya gidenler bu t\u00fcr \u00e7etele\u015fmelere zemin haz\u0131rl\u0131yor. Buna kar\u015f\u0131 KKTC&#8217;nin etkin ve farkl\u0131 tedbirler almas\u0131 gerekir. K\u0131br\u0131s&#8217;\u0131n huzur b\u00f6lgesi olmaya devam etmesi buna ba\u011fl\u0131.<\/p>\n<p style=\"text-align: justify;\"><strong>2012&#8217;ye rahat gireriz<\/strong><\/p>\n<p style=\"text-align: justify;\"><strong>Avrupa Birli\u011fi&#8217;nde kriz zirvesi topland\u0131, T\u00fcrkiye nas\u0131l etkilenir?<\/strong><\/p>\n<p style=\"text-align: justify;\">Muhtemel ekonomik s\u0131k\u0131nt\u0131 senaryolar\u0131na kar\u015f\u0131 \u00f6nceki krizin ba\u015flad\u0131\u011f\u0131 g\u00fcne g\u00f6re daha sa\u011flam yere bas\u0131yoruz. B\u00fcy\u00fcme \u00e7ift haneye ula\u015farak rekor k\u0131rd\u0131, i\u015fsizlik ise tek haneli seviyeye geriledi. \u0130\u015fsizlik oran\u0131, mevsimin yard\u0131m\u0131yla iki-\u00fc\u00e7 ay daha da d\u00fc\u015fecektir. \u0130\u015fsizli\u011fi, 2-3 puan daha d\u00fc\u015f\u00fcr\u00fcrsek, 2012&#8217;ye daha iyi girmi\u015f oluruz. \u0130stihdamla ilgili bir\u00e7ok kurumla birlikte att\u0131\u011f\u0131m\u0131z ad\u0131mlar, sonu\u00e7lar\u0131n\u0131 veriyor.<\/p>\n<p style=\"text-align: justify;\"><strong>K\u0130T&#8217;lerdeki s\u00f6zle\u015fmelilerin sorunu ne olacak?<\/strong><\/p>\n<p style=\"text-align: justify;\">K\u0130T&#8217;lerdeki s\u00f6zle\u015fmelilerin sorununu \u00e7\u00f6zmek i\u00e7in \u00e7al\u0131\u015fma yap\u0131l\u0131yor. \u00dccret a\u00e7\u0131s\u0131ndan adil olmayan baz\u0131 uygulamalar var. Gerekli yasal de\u011fi\u015fiklikler i\u00e7in \u00e7al\u0131\u015f\u0131l\u0131yor. Belediyelerin, kendilerine i\u015f yapan ta\u015feronlar\u0131n elemanlar\u0131na verdi\u011fi \u00fccretleri \u015fartnameye koyup denetleme imk\u00e2n\u0131 var ve bunu yap\u0131yor olmal\u0131lar. Ancak bazen i\u015fe giri\u015fte kabul edilen \u00fccrete zamanla itiraz ediliyor. T\u00fcrkiye&#8217;nin bug\u00fcnk\u00fc \u015fartlar\u0131n\u0131 ve istihdam zorluklar\u0131n\u0131 da unutmamak gerekir.<\/p>\n<p style=\"text-align: justify;\"><strong>Silvan incelemesi 1 haftada tamamlan\u0131r<\/strong><\/p>\n<p style=\"text-align: justify;\">Gazetecilerin sorular\u0131n\u0131 yan\u0131tlayan \u0130\u00e7i\u015fleri Bakan\u0131 \u0130dris Naim \u015eahin, Silvan&#8217;daki ter\u00f6r sald\u0131r\u0131s\u0131n\u0131n ard\u0131ndan \u0130\u00e7i\u015fleri Bakanl\u0131\u011f\u0131 m\u00fcfetti\u015flerince yap\u0131lan incelemenin bir hafta i\u00e7inde sonu\u00e7lanabilece\u011fini bildirdi.<\/p>\n<p style=\"text-align: justify;\"><strong>Erdo\u011fan&#8217;\u0131n o a\u00e7\u0131klamas\u0131 soruldu<\/strong><\/p>\n<p style=\"text-align: justify;\">\u0130\u00e7i\u015fleri Bakan\u0131 \u0130dris Naim \u015eahin, polislerin i\u00e7 g\u00fcvenlikte g\u00f6revlendirilmesi konusunda, &#8220;\u0130\u00e7 g\u00fcvenlikte geli\u015fen ter\u00f6r olaylar\u0131na kar\u015f\u0131 polisimizin daha etkin rol almas\u0131, yerine g\u00f6re \u00f6zel operasyonlar yapmas\u0131 konusunda Say\u0131n Ba\u015fbakan\u0131m\u0131z\u0131n a\u00e7\u0131klamalar\u0131 olmu\u015ftur. Bu da bakanl\u0131\u011f\u0131m\u0131z\u0131n yapt\u0131\u011f\u0131 planlama, haz\u0131rl\u0131klar do\u011frultusunda ifade edilmi\u015f bir a\u00e7\u0131klamad\u0131r. Takvim diye bir \u015fey yok. Polisimiz, jandarmam\u0131z ve di\u011fer i\u00e7 g\u00fcvenlik birimlerimiz her zaman operasyon yapmaya haz\u0131rd\u0131r. Yeri ve zaman\u0131 kendi mecras\u0131nda belirlenir&#8221;<\/p>\n<p style=\"text-align: justify;\"><a href=\"http:\/\/www.cnnturk.com\/2011\/turkiye\/07\/22\/terorle.mucadelede.polis.reformu\/623674.0\/index.html\" target=\"_blank\">Kaynak : CNN T\u00dcRK<\/a><\/p>\n","protected":false},"excerpt":{"rendered":"<p style=\"text-align: center;\">\n<p style=\"text-align: justify;\">S\u0131n\u0131r birliklerine b\u00fcy\u00fck \u00f6nem verdi\u011fini belirten Ba\u015fbakan Recep Tayyip Erdo\u011fan, i\u00e7 g\u00fcvenlik harek\u00e2t\u0131nda asker yerine polisin kullan\u0131lmas\u0131 \u00e7al\u0131\u015fmalar\u0131n\u0131n s\u00fcrd\u00fc\u011f\u00fcn\u00fc vurgulad\u0131.<\/p>\n<p style=\"text-align: justify;\">Ba\u015fbakan Tayyip Erdo\u011fan, Silvan&#8217;daki PKK eylemi i\u00e7in &#8220;K\u0131r\u0131lma oldu&#8221; mesaj\u0131n\u0131 verdi, &#8220;Farkl\u0131 d\u00fc\u015f\u00fcnmek zorunday\u0131z. K\u00f6t\u00fc niyetlilere kar\u015f\u0131 iyi niyet ta\u015f\u0131yamay\u0131z&#8221; dedi. <\/p>\n","protected":false},"author":1,"featured_media":0,"comment_status":"open","ping_status":"open","sticky":false,"template":"","format":"standard","meta":{"footnotes":""},"categories":[105],"tags":[],"class_list":["post-37172","post","type-post","status-publish","format-standard","hentry","category-gundem","odd"],"_links":{"self":[{"href":"http:\/\/www.korhanyilmaz.com\/index.php?rest_route=\/wp\/v2\/posts\/37172","targetHints":{"allow":["GET"]}}],"collection":[{"href":"http:\/\/www.korhanyilmaz.com\/index.php?rest_route=\/wp\/v2\/posts"}],"about":[{"href":"http:\/\/www.korhanyilmaz.com\/index.php?rest_route=\/wp\/v2\/types\/post"}],"author":[{"embeddable":true,"href":"http:\/\/www.korhanyilmaz.com\/index.php?rest_route=\/wp\/v2\/users\/1"}],"replies":[{"embeddable":true,"href":"http:\/\/www.korhanyilmaz.com\/index.php?rest_route=%2Fwp%2Fv2%2Fcomments&post=37172"}],"version-history":[{"count":0,"href":"http:\/\/www.korhanyilmaz.com\/index.php?rest_route=\/wp\/v2\/posts\/37172\/revisions"}],"wp:attachment":[{"href":"http:\/\/www.korhanyilmaz.com\/index.php?rest_route=%2Fwp%2Fv2%2Fmedia&parent=37172"}],"wp:term":[{"taxonomy":"category","embeddable":true,"href":"http:\/\/www.korhanyilmaz.com\/index.php?rest_route=%2Fwp%2Fv2%2Fcategories&post=37172"},{"taxonomy":"post_tag","embeddable":true,"href":"http:\/\/www.korhanyilmaz.com\/index.php?rest_route=%2Fwp%2Fv2%2Ftags&post=37172"}],"curies":[{"name":"wp","href":"https:\/\/api.w.org\/{rel}","templated":true}]}}