{"id":37168,"date":"2011-07-21T12:36:15","date_gmt":"2011-07-21T09:36:15","guid":{"rendered":"http:\/\/www.korhanyilmaz.com\/?p=37168"},"modified":"2011-07-22T03:37:26","modified_gmt":"2011-07-22T00:37:26","slug":"buyukanit-semdinli-davasinda-yargilanacak","status":"publish","type":"post","link":"http:\/\/www.korhanyilmaz.com\/?p=37168","title":{"rendered":"B\u00fcy\u00fckan\u0131t, \u015eemdinli davas\u0131nda yarg\u0131lanacak"},"content":{"rendered":"<p style=\"text-align: center;\"><a href=\"http:\/\/www.korhanyilmaz.com\/wp-content\/uploads\/2011\/07\/1701.jpeg\"  class=\"lightview\"><img loading=\"lazy\" decoding=\"async\" class=\"aligncenter size-full wp-image-37169\" src=\"http:\/\/www.korhanyilmaz.com\/wp-content\/uploads\/2011\/07\/1701.jpeg\" alt=\"\" width=\"384\" height=\"254\" \/><\/a><\/p>\n<p style=\"text-align: justify;\">Van 3. A\u011f\u0131r Ceza Mahkemesi, m\u00fcdahil avukatlar\u0131n\u0131n eski Genelkurmay Ba\u015fkan\u0131 Ya\u015far B\u00fcy\u00fckan\u0131t ve 3 komutan hakk\u0131nda, Van Cumhuriyet Ba\u015fsavc\u0131 Vekilli\u011fince soru\u015fturma ba\u015flatmas\u0131 talebini kabul etti.<\/p>\n<p style=\"text-align: justify;\">VAN &#8211; Hakkari\u2019nin \u015eemdinli \u0130l\u00e7esi\u2019nde eski PKK h\u00fck\u00fcml\u00fcs\u00fc Seferi Y\u0131lmaz\u2019a ait Umut kitapevinin 9 Kas\u0131m 2005\u2019de bombalanmas\u0131 olay\u0131 ile ilgili tutuklu astsubaylar Ali Kaya ve \u00d6zcan \u0130ldeniz ile PKK itiraf\u00e7\u0131s\u0131 Veysel Ate\u015f\u2019in yarg\u0131land\u0131\u011f\u0131 davada, eski Genelkurmay Ba\u015fkan\u0131 Emekli Orgeneral Ya\u015far B\u00fcy\u00fckan\u0131t ve baz\u0131 komutanlar hakk\u0131nda yap\u0131lan su\u00e7 duyurusu kabul edildi. <!--more--><\/p>\n<p style=\"text-align: justify;\">\u015eemdinli davas\u0131n\u0131n g\u00f6r\u00fclmesine Van 3\u2019\u00fcnc\u00fc A\u011f\u0131r Ceza Mahkemesi\u2019nde bug\u00fcn yeniden ba\u015fland\u0131. Duru\u015fmada haz\u0131r bulunan m\u00fcdahil avukatlar, ba\u015fta d\u00f6nemin Kara Kuvvetleri Komutan\u0131 Komutan\u0131 Orgeneral Ya\u015far B\u00fcy\u00fckan\u0131t olmak \u00fczere o d\u00f6nemde g\u00f6rev yapanlar Genelkurmay Plan ve Harekat Daire Ba\u015fkan\u0131 Korgeneral Erdal \u00d6zt\u00fcrk, Jandarma Asayi\u015f Kolordu Komutan\u0131 Korgeneral Selahattin U\u011furlu, Hakkari \u0130l Jardarma Komutan\u0131 Albay Erhan Kubat hakk\u0131nda mahkemenin Van Cumhuriyet Ba\u015fsavc\u0131l\u0131\u011f\u0131\u2019na su\u00e7 duyurusunda bulunmas\u0131n\u0131 talep etti. Mahkeme m\u00fcdahil avukatlar\u0131n talebini kabul etti ve B\u00fcy\u00fckan\u0131t ile ad\u0131 ge\u00e7en komutanlar hakk\u0131nda Van Cumhuriyet Ba\u015fsavc\u0131l\u0131\u011f\u0131\u2019na su\u00e7 duyurusunda bulunulmas\u0131 karar\u0131n\u0131 verdi.<\/p>\n<p style=\"text-align: justify;\">Eski Genelkurmay Ba\u015fkan\u0131 Emekli Orgeneral Ya\u015far B\u00fcy\u00fckan\u0131t, 9 Kas\u0131m 2005\u2019te bombalama olay\u0131n\u0131n ard\u0131ndan san\u0131klar\u0131ndan Astsubay Ali Kaya\u2019y\u0131 tan\u0131d\u0131\u011f\u0131n\u0131 s\u00f6ylemi\u015f ve &#8220;\u0130yi \u00e7ocuktur&#8221; demi\u015fti. B\u00fcy\u00fckan\u0131t\u2019\u0131n bu s\u00f6zleri ele\u015ftiri konusu olmu\u015ftu. Duru\u015fma ekim ay\u0131na ertelendi.<\/p>\n<p style=\"text-align: justify;\"><strong>\u015eEMD\u0130NL\u0130 OLAYI VE DAVA S\u00dcREC\u0130<\/strong><\/p>\n<p style=\"text-align: justify;\">Hakk\u00e2ri\u2019nin \u015eemdinli il\u00e7esinde bulunan Umut Kitapevi, 9 Kas\u0131m 2005 tarihinde bombal\u0131 sald\u0131r\u0131ya u\u011frad\u0131. Ali Y\u0131lmaz ve Mehmet Zahir Korkmaz&#8217;\u0131n ya\u015fam\u0131n\u0131 yitirdi\u011fi sald\u0131r\u0131y\u0131 ger\u00e7ekle\u015ftirdi\u011fi iddia edilen Astsubaylar Ali Kaya ve \u00d6zcan \u0130ldeniz ile PKK itiraf\u00e7\u0131s\u0131 Veysel Ate\u015f vatanda\u015flar taraf\u0131ndan su\u00e7\u00fcst\u00fc yakaland\u0131.<\/p>\n<p style=\"text-align: justify;\">J\u0130TEM elemanlar\u0131na ait ara\u00e7ta, infaz edilecek ki\u015filerin ev ve i\u015fyeri adresleri ile telefon numaralar\u0131n\u0131n bulundu\u011fu ajanda, krokiler ile bir\u00e7ok yaz\u0131l\u0131 belge bulundu.<\/p>\n<p style=\"text-align: justify;\">\u015eemdinli olay\u0131na ili\u015fkin 22 Kas\u0131m 2005 tarihinde Van&#8217;da soru\u015fturma ba\u015flat\u0131ld\u0131. Bombalama olay\u0131na kar\u0131\u015ft\u0131klar\u0131 gerek\u00e7esiyle Astsubaylar Kaya ile \u00d6zcan \u0130ldeniz 28 Kas\u0131m&#8217;da Van&#8217;da tutuklanarak Askeri Cezaevi&#8217;ne konuldu.<\/p>\n<p style=\"text-align: justify;\">Van 3. A\u011f\u0131r Ceza Mahkemesi&#8217;nde 19 Haziran 2006 tarihinde yap\u0131lan yarg\u0131lamada Kaya ve \u0130ldeniz&#8217;e &#8220;Adam \u00f6ld\u00fcrmek, \u00e7ete kurmak ve adam \u00f6ld\u00fcrmeye te\u015febb\u00fcs etmek&#8221; su\u00e7lar\u0131ndan 39 y\u0131l 10 ay 27&#8217;\u015fer g\u00fcn hapis cezas\u0131 verildi. Cezadan sonra dosyan\u0131n gitti\u011fi Askeri Mahkeme&#8217;de san\u0131klar ilk duru\u015fmada tahliye edildi.<\/p>\n<p style=\"text-align: justify;\">12 Eyl\u00fcl Anayasa de\u011fi\u015fikli\u011finin ard\u0131ndan Askeri Yarg\u0131tay Ba\u015fsavc\u0131l\u0131\u011f\u0131&#8217;n\u0131n, &#8220;\u015eemdinli davas\u0131nda askeri mahkemenin g\u00f6revsiz, Hakk\u00e2ri A\u011f\u0131r Ceza Mahkemesi&#8217;nin g\u00f6revli&#8221; oldu\u011fu y\u00f6n\u00fcnde g\u00f6r\u00fc\u015f\u00fcnden sonra Askeri Yarg\u0131tay da davan\u0131n sivil mahkemede g\u00f6r\u00fclmesine h\u00fckmetmi\u015fti.<\/p>\n<p style=\"text-align: justify;\">Karar\u0131n gitti\u011fi Uyu\u015fmas\u0131zl\u0131k Mahkemesi ise karara imza atarak, dosyan\u0131n \u00d6zel Yetkili A\u011f\u0131r Ceza Mahkemesi&#8217;ne gitmesine karar vermesi \u00fczerine 4 y\u0131l aradan sonra dosyan\u0131n tekrar geri geldi\u011fi Van 3. A\u011f\u0131r Ceza Mahkemesi san\u0131klar hakk\u0131nda tutuklama karar\u0131 verilmi\u015fti. Karar \u00fczerine san\u0131klar 8 Haziran&#8217;da tutuklanarak Van&#8217;da cezaevine konulmu\u015ftu.<\/p>\n<p style=\"text-align: justify;\"><strong>&#8216;TANIRIM, \u0130Y\u0130 \u00c7OCUKTUR&#8217;<\/strong><\/p>\n<p style=\"text-align: justify;\">4 y\u0131l sonra gelen tutuklamadan sonra san\u0131klar hakk\u0131nda tekrar ba\u015flayacak yarg\u0131laman\u0131n ilk duru\u015fmas\u0131 yar\u0131n g\u00f6r\u00fclecek. D\u00f6nemin Genelkurmay Ba\u015fkan\u0131 Ya\u015far B\u00fcy\u00fckan\u0131t, san\u0131klardan Ali Kaya i\u00e7in &#8220;Tan\u0131r\u0131m, iyi \u00e7ocuktur&#8221; demi\u015fti.<\/p>\n<p style=\"text-align: justify;\"><a href=\"http:\/\/www.radikal.com.tr\/Radikal.aspx?aType=RadikalDetayV3&amp;ArticleID=1057114&amp;Date=22.07.2011&amp;CategoryID=77\" target=\"_blank\">Kaynak : Radikal.com.tr<\/a><\/p>\n","protected":false},"excerpt":{"rendered":"<p style=\"text-align: center;\">\n<p style=\"text-align: justify;\">Van 3. A\u011f\u0131r Ceza Mahkemesi, m\u00fcdahil avukatlar\u0131n\u0131n eski Genelkurmay Ba\u015fkan\u0131 Ya\u015far B\u00fcy\u00fckan\u0131t ve 3 komutan hakk\u0131nda, Van Cumhuriyet Ba\u015fsavc\u0131 Vekilli\u011fince soru\u015fturma ba\u015flatmas\u0131 talebini kabul etti.<\/p>\n<p style=\"text-align: justify;\">VAN &#8211; Hakkari\u2019nin \u015eemdinli \u0130l\u00e7esi\u2019nde eski PKK h\u00fck\u00fcml\u00fcs\u00fc Seferi Y\u0131lmaz\u2019a ait Umut kitapevinin 9 Kas\u0131m 2005\u2019de bombalanmas\u0131 olay\u0131 ile ilgili tutuklu astsubaylar Ali <\/p>\n","protected":false},"author":1,"featured_media":0,"comment_status":"open","ping_status":"open","sticky":false,"template":"","format":"standard","meta":{"footnotes":""},"categories":[105],"tags":[],"class_list":["post-37168","post","type-post","status-publish","format-standard","hentry","category-gundem","odd"],"_links":{"self":[{"href":"http:\/\/www.korhanyilmaz.com\/index.php?rest_route=\/wp\/v2\/posts\/37168","targetHints":{"allow":["GET"]}}],"collection":[{"href":"http:\/\/www.korhanyilmaz.com\/index.php?rest_route=\/wp\/v2\/posts"}],"about":[{"href":"http:\/\/www.korhanyilmaz.com\/index.php?rest_route=\/wp\/v2\/types\/post"}],"author":[{"embeddable":true,"href":"http:\/\/www.korhanyilmaz.com\/index.php?rest_route=\/wp\/v2\/users\/1"}],"replies":[{"embeddable":true,"href":"http:\/\/www.korhanyilmaz.com\/index.php?rest_route=%2Fwp%2Fv2%2Fcomments&post=37168"}],"version-history":[{"count":0,"href":"http:\/\/www.korhanyilmaz.com\/index.php?rest_route=\/wp\/v2\/posts\/37168\/revisions"}],"wp:attachment":[{"href":"http:\/\/www.korhanyilmaz.com\/index.php?rest_route=%2Fwp%2Fv2%2Fmedia&parent=37168"}],"wp:term":[{"taxonomy":"category","embeddable":true,"href":"http:\/\/www.korhanyilmaz.com\/index.php?rest_route=%2Fwp%2Fv2%2Fcategories&post=37168"},{"taxonomy":"post_tag","embeddable":true,"href":"http:\/\/www.korhanyilmaz.com\/index.php?rest_route=%2Fwp%2Fv2%2Ftags&post=37168"}],"curies":[{"name":"wp","href":"https:\/\/api.w.org\/{rel}","templated":true}]}}