{"id":37156,"date":"2011-07-21T17:09:00","date_gmt":"2011-07-21T14:09:00","guid":{"rendered":"http:\/\/www.korhanyilmaz.com\/?p=37156"},"modified":"2011-07-21T22:49:15","modified_gmt":"2011-07-21T19:49:15","slug":"mhpli-sandir-etnik-isyanla-karsi-karsiyayiz","status":"publish","type":"post","link":"http:\/\/www.korhanyilmaz.com\/?p=37156","title":{"rendered":"MHP&#8217;li \u015eand\u0131r: Etnik isyanla kar\u015f\u0131 kar\u015f\u0131yay\u0131z"},"content":{"rendered":"<p style=\"text-align: center;\"><a href=\"http:\/\/www.korhanyilmaz.com\/wp-content\/uploads\/2011\/07\/1698.jpeg\"  class=\"lightview\"><img loading=\"lazy\" decoding=\"async\" class=\"aligncenter size-full wp-image-37157\" src=\"http:\/\/www.korhanyilmaz.com\/wp-content\/uploads\/2011\/07\/1698.jpeg\" alt=\"\" width=\"360\" height=\"240\" \/><\/a><\/p>\n<p style=\"text-align: justify;\">MHP Grup Ba\u015fkanvekili Mehmet \u015eand\u0131r: Etnik bir isyanla kar\u015f\u0131 kar\u015f\u0131yay\u0131z. Ba\u015fbakan&#8217;\u0131 g\u00f6reve davet ediyoruz. T\u00fcrk milleti hen\u00fcz daha son s\u00f6z\u00fcn\u00fc s\u00f6ylemedi.<\/p>\n<p style=\"text-align: justify;\">MERS\u0130N \u2013 Tarsus\u2019ta \u015eand\u0131r\u2019\u0131n partililerle bulu\u015ftu\u011fu toplant\u0131ya, Tarsus Belediye Ba\u015fkan\u0131 MHP\u2019li Burhanettin Kocamaz, \u0130l\u00e7e Ba\u015fkan\u0131 Hakan \u00d6zbelli, Kad\u0131n Kollar\u0131 Ba\u015fkan\u0131 Y\u00fcksel \u00c7imen, \u0130l Genel ve Belediye Meclis \u00fcyeleri de kat\u0131ld\u0131. Se\u00e7imin geride kald\u0131\u011f\u0131n\u0131 hat\u0131rlatan \u015eand\u0131r, &#8220;\u015eimdi T\u00fcrkiye h\u0131zla ger\u00e7ek g\u00fcndeme d\u00f6nmelidir. Herkes bu iradeye sayg\u0131 g\u00f6stermek zorundad\u0131r. Bu g\u00fcn \u00fclkemiz siyasi ve silahl\u0131 bir sald\u0131r\u0131n\u0131n tehdidi alt\u0131nda kan kaybetmektedir. <!--more--><\/p>\n<p style=\"text-align: justify;\">Devletimizin kurulu\u015f hukukunu de\u011fi\u015ftirmeyi ama\u00e7layan \u00e7al\u0131\u015fmalar, d\u00fcn b\u00f6l\u00fcc\u00fc ter\u00f6r sald\u0131r\u0131lar\u0131yla hayata ge\u00e7irilmeye \u00e7al\u0131\u015f\u0131l\u0131yordu, bug\u00fcn buna siyasi bir tak\u0131m programlarla da h\u0131z verilmeye \u00e7al\u0131\u015f\u0131lmaktad\u0131r. A\u00e7\u0131klanan demokratik \u00f6zerklik T\u00fcrkiye Cumhuriyeti devleti hudutlar\u0131 i\u00e7erisinde bir ayr\u0131 hukuk, bir ayr\u0131 y\u00f6netim kurma iradesidir. B\u00f6l\u00fcc\u00fc ter\u00f6r\u00fcn kan ak\u0131tarak \u015fiddeti bir siyasi arac\u0131 olarak kullan\u0131p, \u00fclkeyi b\u00f6lmek i\u00e7in T\u00fcrkiye\u2019ye sald\u0131rmas\u0131n\u0131n \u00e7ok daha tehlikeli a\u015famas\u0131na gelmi\u015f bulunmaktad\u0131r&#8221; dedi.<\/p>\n<p style=\"text-align: justify;\"><strong>BA\u015eBAKAN G\u00d6REV\u0130N\u0130 YAPSIN<\/strong><\/p>\n<p style=\"text-align: justify;\">\u015eiddet kullan\u0131larak siyasi iktidar\u0131n da a\u00e7\u0131l\u0131m politikalar\u0131ndan da cesaret al\u0131narak bug\u00fcn b\u00f6l\u00fcc\u00fcl\u00fc\u011f\u00fcn siyasi bir noktaya ta\u015f\u0131nd\u0131\u011f\u0131n\u0131 ve T\u00fcrkiye Cumhuriyeti Devletini tan\u0131mayan, T\u00fcrkiye Cumhuriyeti devletinin hukukunu yok sayan yeni bir yap\u0131lanma iddias\u0131n\u0131n ortaya koyuldu\u011funu da vurgulayan \u015eand\u0131r, &#8220;\u0130\u015fte bu noktada Milliyet\u00e7i Hareket Partisi olarak T\u00fcrkiye\u2019yi T\u00fcrk Milleti ad\u0131na y\u00f6neten siyasi iktidar\u0131 g\u00f6reve davet ediyoruz. Bu milletin kimli\u011fine, bu milletin birli\u011fine, bedelini kanla \u00f6deyerek kurdu\u011fumuz bu devletin ba\u011f\u0131ms\u0131zl\u0131\u011f\u0131na d\u00f6n\u00fck y\u00f6nelmi\u015f bu sald\u0131r\u0131y\u0131 durdurmak sorumlusu siyasi iktidard\u0131r. Se\u00e7im bitmi\u015ftir, milletimiz karar\u0131n\u0131 AKP\u2019den yana vermi\u015ftir. Ve bu g\u00f6rev siyasi iktidar olarak AKP\u2019nin ve say\u0131n Ba\u015fbakan\u0131nd\u0131r. Demokratik \u00d6zerklik a\u00e7\u0131klamalar\u0131 yap\u0131l\u0131yor, ayn\u0131 andan 13 askerimiz \u015fehit eden bir silahl\u0131 sald\u0131r\u0131 ya\u015fan\u0131yor, askerlerimiz ve insanlar\u0131m\u0131z b\u00f6l\u00fcc\u00fc ter\u00f6r taraf\u0131ndan ka\u00e7\u0131r\u0131l\u0131yor ama AKP iktidar\u0131n\u0131n parma\u011f\u0131 bile k\u0131m\u0131ldam\u0131yor. Anayasay\u0131 de\u011fi\u015ftirmek, demokratik a\u00e7\u0131l\u0131m\u0131 devam ettirmek iddialar\u0131yla b\u00f6l\u00fcc\u00fc ter\u00f6re cesaret veren AKP iktidar\u0131n\u0131 ve say\u0131n Ba\u015fbakan\u0131 millete sayg\u0131l\u0131 olmaya, g\u00f6revini yapmaya, sorumlulukla davranmaya davet ediyoruz. Aksi takdirde bu \u00fclkenin b\u00f6l\u00fcn\u00fcp par\u00e7alanmas\u0131 arzular\u0131n\u0131n destek\u00e7isi olmakla, ona i\u015fbirli\u011fi yapmakla tarih ve millet \u00f6n\u00fcnde sorumlu ve su\u00e7lu duruma d\u00fc\u015fecektir&#8221; diye konu\u015ftu.<\/p>\n<p style=\"text-align: justify;\"><strong>T\u00dcRK M\u0130LLET\u0130 SON S\u00d6Z\u00dcN\u00dc S\u00d6YLEMED\u0130<\/strong><\/p>\n<p style=\"text-align: justify;\">Ba\u015fbakan\u0131 g\u00f6reve davet eden \u015eand\u0131r daha sonra \u015fu g\u00f6r\u00fc\u015flere yer verdi: &#8220;Biz MHP olarak tekrar ifade ediyoruz. Se\u00e7imler yap\u0131lm\u0131\u015ft\u0131r, millet iradesini koymu\u015ftur. Milletin iradesiyle bu \u00fclkenin birli\u011fini savunmak, bu \u00fclkenin gelece\u011fini savunmak siyasi iktidar\u0131n ve say\u0131n ba\u015fbakan\u0131n g\u00f6revidir ve sorumlulu\u011fundad\u0131r. Halbuki bug\u00fcn \u00fclkemiz d\u00fcnden \u00e7ok daha farkl\u0131 bir \u015fekilde silahl\u0131 ter\u00f6r\u00fcn korumas\u0131 alt\u0131nda, deste\u011fi alt\u0131nda siyasi b\u00f6l\u00fcnmenin deklarasyonlar\u0131n\u0131n, bildirilerin yay\u0131ld\u0131\u011f\u0131 bir s\u00fcrece sokulmu\u015ftur. Bunu kabul edemeyiz. MHP olarak ifade ediyoruz, herkese b\u00f6l\u00fcc\u00fclere, b\u00f6l\u00fcc\u00fcleri desteklere, Kandil da\u011f\u0131nda b\u00f6l\u00fcc\u00fclerin mesaj\u0131n\u0131 getiren ayd\u0131nlara burada tekrar ifade ediyorum. T\u00fcrk milleti hen\u00fcz daha son s\u00f6z\u00fcn\u00fc s\u00f6ylememi\u015ftir, T\u00fcrk milliyet\u00e7ileri daha son s\u00f6z\u00fcn\u00fc s\u00f6ylememi\u015ftir. MHP olarak, milletimiz ad\u0131na herkese sesleniyoruz, ne bir tek insan\u0131m\u0131zdan, ne bir tek \u00e7ak\u0131l ta\u015f\u0131m\u0131zdan vazge\u00e7meyiz, bu \u00fclkeyi milletiyle \u00fclkesiyle b\u00f6l\u00fcnmesine hi\u00e7 kimsenin g\u00fcc\u00fc yetmeyecektir. Bu b\u00f6yle bilinmelidir ve herkes akl\u0131n\u0131 ba\u015f\u0131na toplamal\u0131d\u0131r. Kafam\u0131z\u0131 kuma sokmayal\u0131m, bir isyanla, bir etnik isyanla kar\u015f\u0131 kar\u015f\u0131yay\u0131z. Millet ad\u0131na bu \u00fclkeyi y\u00f6netmekle sorumlu olan AKP iktidar\u0131n\u0131 ve say\u0131n Ba\u015fbakan\u0131 g\u00f6reve davet ediyoruz.&#8221;<\/p>\n<p style=\"text-align: justify;\"><a href=\"http:\/\/www.radikal.com.tr\/Radikal.aspx?aType=RadikalDetayV3&amp;ArticleID=1057140&amp;Date=21.07.2011&amp;CategoryID=78\" target=\"_blank\">Kaynak : Radikal.com.tr<\/a><\/p>\n","protected":false},"excerpt":{"rendered":"<p style=\"text-align: center;\">\n<p style=\"text-align: justify;\">MHP Grup Ba\u015fkanvekili Mehmet \u015eand\u0131r: Etnik bir isyanla kar\u015f\u0131 kar\u015f\u0131yay\u0131z. Ba\u015fbakan&#8217;\u0131 g\u00f6reve davet ediyoruz. T\u00fcrk milleti hen\u00fcz daha son s\u00f6z\u00fcn\u00fc s\u00f6ylemedi.<\/p>\n<p style=\"text-align: justify;\">MERS\u0130N \u2013 Tarsus\u2019ta \u015eand\u0131r\u2019\u0131n partililerle bulu\u015ftu\u011fu toplant\u0131ya, Tarsus Belediye Ba\u015fkan\u0131 MHP\u2019li Burhanettin Kocamaz, \u0130l\u00e7e Ba\u015fkan\u0131 Hakan \u00d6zbelli, Kad\u0131n Kollar\u0131 Ba\u015fkan\u0131 Y\u00fcksel \u00c7imen, \u0130l Genel ve Belediye Meclis <\/p>\n","protected":false},"author":1,"featured_media":0,"comment_status":"open","ping_status":"open","sticky":false,"template":"","format":"standard","meta":{"footnotes":""},"categories":[105],"tags":[],"class_list":["post-37156","post","type-post","status-publish","format-standard","hentry","category-gundem","odd"],"_links":{"self":[{"href":"http:\/\/www.korhanyilmaz.com\/index.php?rest_route=\/wp\/v2\/posts\/37156","targetHints":{"allow":["GET"]}}],"collection":[{"href":"http:\/\/www.korhanyilmaz.com\/index.php?rest_route=\/wp\/v2\/posts"}],"about":[{"href":"http:\/\/www.korhanyilmaz.com\/index.php?rest_route=\/wp\/v2\/types\/post"}],"author":[{"embeddable":true,"href":"http:\/\/www.korhanyilmaz.com\/index.php?rest_route=\/wp\/v2\/users\/1"}],"replies":[{"embeddable":true,"href":"http:\/\/www.korhanyilmaz.com\/index.php?rest_route=%2Fwp%2Fv2%2Fcomments&post=37156"}],"version-history":[{"count":0,"href":"http:\/\/www.korhanyilmaz.com\/index.php?rest_route=\/wp\/v2\/posts\/37156\/revisions"}],"wp:attachment":[{"href":"http:\/\/www.korhanyilmaz.com\/index.php?rest_route=%2Fwp%2Fv2%2Fmedia&parent=37156"}],"wp:term":[{"taxonomy":"category","embeddable":true,"href":"http:\/\/www.korhanyilmaz.com\/index.php?rest_route=%2Fwp%2Fv2%2Fcategories&post=37156"},{"taxonomy":"post_tag","embeddable":true,"href":"http:\/\/www.korhanyilmaz.com\/index.php?rest_route=%2Fwp%2Fv2%2Ftags&post=37156"}],"curies":[{"name":"wp","href":"https:\/\/api.w.org\/{rel}","templated":true}]}}