{"id":37152,"date":"2011-07-21T16:15:23","date_gmt":"2011-07-21T13:15:23","guid":{"rendered":"http:\/\/www.korhanyilmaz.com\/?p=37152"},"modified":"2011-07-21T22:40:08","modified_gmt":"2011-07-21T19:40:08","slug":"ozunde-ozerklik-savunulacak-bir-modeldir","status":"publish","type":"post","link":"http:\/\/www.korhanyilmaz.com\/?p=37152","title":{"rendered":"&#8216;\u00d6z\u00fcnde \u00f6zerklik savunulacak bir modeldir&#8217;"},"content":{"rendered":"<p style=\"text-align: justify;\"><a href=\"http:\/\/www.korhanyilmaz.com\/wp-content\/uploads\/2011\/07\/1695.jpeg\"  class=\"lightview\"><img loading=\"lazy\" decoding=\"async\" class=\"aligncenter size-full wp-image-37153\" src=\"http:\/\/www.korhanyilmaz.com\/wp-content\/uploads\/2011\/07\/1695.jpeg\" alt=\"\" width=\"384\" height=\"254\" \/><\/a><\/p>\n<p style=\"text-align: justify;\">Diyarbak\u0131r Milletvekili \u015eerafettin El\u00e7i, bas\u0131nda \u00e7\u0131kan haberlerde g\u00f6r\u00fc\u015flerinin sapt\u0131r\u0131ld\u0131\u011f\u0131n\u0131 s\u00f6yledi. Blok ile birlikte hareket etmeye devam edece\u011fini belirten El\u00e7i, Van kamp\u0131na sa\u011fl\u0131k problemlerinden dolay\u0131 kat\u0131lamad\u0131\u011f\u0131n\u0131 belirtti.<\/p>\n<p style=\"text-align: justify;\">Emek, Demokrasi ve \u00d6zg\u00fcrl\u00fck Blo\u011fu Diyarbak\u0131r Milletvekili \u015eerafettin El\u00e7i, kendisi ile ilgili &#8220;BDP&#8217;de \u00f6zerklik \u00e7atla\u011f\u0131&#8221; ve &#8220;\u015eerafettin El\u00e7i BDP&#8217;den kopuyor mu?&#8221; \u015feklinde \u00e7\u0131kan haber ve de\u011ferlendirmelerde g\u00f6r\u00fc\u015flerinin sapt\u0131r\u0131ld\u0131\u011f\u0131n\u0131 s\u00f6yledi. <!--more--><\/p>\n<p style=\"text-align: justify;\"><strong>\u2018\u00d6Z\u00dcNDE \u00d6ZERKL\u0130K SAVUNULACAK B\u0130R MODELD\u0130R\u2019<\/strong><\/p>\n<p style=\"text-align: justify;\">El\u00e7i, &#8220;Ben de\u011ferlendirme yapt\u0131m. \u00d6z\u00fcnde \u00f6zerklik savunulacak bir modeldir. Yad\u0131rganacak bir \u015fey yok&#8221; diyen El\u00e7i, sadece zamanlama konusunda ele\u015ftirilerinin oldu\u011funu s\u00f6yledi. Ele\u015ftirinin &#8220;\u00e7atlak&#8221; olarak de\u011ferlendirilmesini anlayamad\u0131\u011f\u0131n\u0131 ifade eden El\u00e7i, &#8220;Bunu a\u00e7\u0131k ve net s\u00f6yleyeyim, ben blokla hareket edece\u011fim. Blo\u011fun dayan\u0131\u015fmas\u0131na, birlikteli\u011fine ve korunmas\u0131na \u00f6nem veririm. Olup bitenler blokla ilgili bir \u015fey de\u011fildir&#8221; dedi.<\/p>\n<p style=\"text-align: justify;\"><strong>&#8216;HALK SE\u00c7\u0130MDE BU PROGRAMA DESTEK VERD\u0130&#8217;<\/strong><\/p>\n<p style=\"text-align: justify;\">Emek, Demokrasi ve \u00d6zg\u00fcrl\u00fck Blo\u011fu \u0130stanbul Milletvekili Levent T\u00fczel de, baz\u0131 bas\u0131n yay\u0131n organlar\u0131nda kendisinin Demokratik \u00d6zerkli\u011fi benimsemedi\u011fi haberlerini yalanlad\u0131. Kendisine sorulmadan yap\u0131lan haberlerin ger\u00e7ekli\u011finin bulunmad\u0131\u011f\u0131n\u0131 belirten T\u00fczel, \u201cDemokratik \u00d6zerklik, kendi gelece\u011fi hakk\u0131nda karar\u0131n\u0131 bu y\u00f6nde belirlemi\u015f K\u00fcrt halk\u0131n\u0131n siyasi stat\u00fc talebidir\u201d dedi.<\/p>\n<p style=\"text-align: justify;\">Emek, Demokrasi ve \u00d6zg\u00fcrl\u00fck Blo\u011fu olarak se\u00e7im d\u00f6neminde y\u00fcr\u00fctm\u00fc\u015f olduklar\u0131 \u00e7al\u0131\u015fmalarda, T\u00fcrkiye&#8217;nin demokrasi sorunlar\u0131n\u0131n \u00e7\u00f6z\u00fcm\u00fcnde demokratik \u00f6zerkli\u011fin de dile getirildi\u011fini hat\u0131rlatan T\u00fczel, halk\u0131n se\u00e7ilen milletvekillerine bu program ve anlay\u0131\u015f \u00e7er\u00e7evesinde destek ve \u00e7\u00f6z\u00fcm iradesi sundu\u011funu kaydetti.<\/p>\n<p style=\"text-align: justify;\"><a href=\"http:\/\/www.radikal.com.tr\/Radikal.aspx?aType=RadikalDetayV3&amp;ArticleID=1057132&amp;Date=21.07.2011&amp;CategoryID=78\" target=\"_blank\">Kaynak : Radikal.com.tr<\/a><\/p>\n","protected":false},"excerpt":{"rendered":"<p style=\"text-align: justify;\">\n<p style=\"text-align: justify;\">Diyarbak\u0131r Milletvekili \u015eerafettin El\u00e7i, bas\u0131nda \u00e7\u0131kan haberlerde g\u00f6r\u00fc\u015flerinin sapt\u0131r\u0131ld\u0131\u011f\u0131n\u0131 s\u00f6yledi. Blok ile birlikte hareket etmeye devam edece\u011fini belirten El\u00e7i, Van kamp\u0131na sa\u011fl\u0131k problemlerinden dolay\u0131 kat\u0131lamad\u0131\u011f\u0131n\u0131 belirtti.<\/p>\n<p style=\"text-align: justify;\">Emek, Demokrasi ve \u00d6zg\u00fcrl\u00fck Blo\u011fu Diyarbak\u0131r Milletvekili \u015eerafettin El\u00e7i, kendisi ile ilgili &#8220;BDP&#8217;de \u00f6zerklik \u00e7atla\u011f\u0131&#8221; ve &#8220;\u015eerafettin El\u00e7i BDP&#8217;den kopuyor mu?&#8221; \u015feklinde <\/p>\n","protected":false},"author":1,"featured_media":0,"comment_status":"open","ping_status":"open","sticky":false,"template":"","format":"standard","meta":{"footnotes":""},"categories":[105],"tags":[],"class_list":["post-37152","post","type-post","status-publish","format-standard","hentry","category-gundem","odd"],"_links":{"self":[{"href":"http:\/\/www.korhanyilmaz.com\/index.php?rest_route=\/wp\/v2\/posts\/37152","targetHints":{"allow":["GET"]}}],"collection":[{"href":"http:\/\/www.korhanyilmaz.com\/index.php?rest_route=\/wp\/v2\/posts"}],"about":[{"href":"http:\/\/www.korhanyilmaz.com\/index.php?rest_route=\/wp\/v2\/types\/post"}],"author":[{"embeddable":true,"href":"http:\/\/www.korhanyilmaz.com\/index.php?rest_route=\/wp\/v2\/users\/1"}],"replies":[{"embeddable":true,"href":"http:\/\/www.korhanyilmaz.com\/index.php?rest_route=%2Fwp%2Fv2%2Fcomments&post=37152"}],"version-history":[{"count":0,"href":"http:\/\/www.korhanyilmaz.com\/index.php?rest_route=\/wp\/v2\/posts\/37152\/revisions"}],"wp:attachment":[{"href":"http:\/\/www.korhanyilmaz.com\/index.php?rest_route=%2Fwp%2Fv2%2Fmedia&parent=37152"}],"wp:term":[{"taxonomy":"category","embeddable":true,"href":"http:\/\/www.korhanyilmaz.com\/index.php?rest_route=%2Fwp%2Fv2%2Fcategories&post=37152"},{"taxonomy":"post_tag","embeddable":true,"href":"http:\/\/www.korhanyilmaz.com\/index.php?rest_route=%2Fwp%2Fv2%2Ftags&post=37152"}],"curies":[{"name":"wp","href":"https:\/\/api.w.org\/{rel}","templated":true}]}}