{"id":37145,"date":"2011-07-21T20:06:31","date_gmt":"2011-07-21T17:06:31","guid":{"rendered":"http:\/\/www.korhanyilmaz.com\/?p=37145"},"modified":"2011-07-21T22:29:06","modified_gmt":"2011-07-21T19:29:06","slug":"bakkaldan-dijital-veresiye-sistemi","status":"publish","type":"post","link":"http:\/\/www.korhanyilmaz.com\/?p=37145","title":{"rendered":"Bakkaldan dijital veresiye sistemi"},"content":{"rendered":"<p style=\"text-align: center;\"><a href=\"http:\/\/www.korhanyilmaz.com\/wp-content\/uploads\/2011\/07\/1693.jpeg\"  class=\"lightview\"><img loading=\"lazy\" decoding=\"async\" class=\"aligncenter size-full wp-image-37146\" src=\"http:\/\/www.korhanyilmaz.com\/wp-content\/uploads\/2011\/07\/1693.jpeg\" alt=\"\" width=\"384\" height=\"254\" \/><\/a><\/p>\n<p style=\"text-align: justify;\">Manisa kent merkezinde bakkal d\u00fckkan\u0131 i\u015fleten 31 ya\u015f\u0131ndaki Ahmet Ungan, veresiye defterini dijital ortama ta\u015f\u0131yarak kartl\u0131 sisteme ge\u00e7ti. Ungan, hem kendisinin hem de m\u00fc\u015fterilerinin sistemden memnun oldu\u011funu s\u00f6yledi.<\/p>\n<p style=\"text-align: justify;\">\u0130shak \u00c7elebi Mahallesi Ulutepe Caddesi\u2019nde 12 y\u0131ld\u0131r bakkal d\u00fckkan\u0131 i\u015fleten Ahmet Ungan, bir y\u0131l \u00f6nce ba\u015flad\u0131\u011f\u0131 kartl\u0131 veresiye sistemiyle yeni bir d\u00f6nem ba\u015flatt\u0131. Ungan, 1 y\u0131l \u00f6nce 2 bin 500 TL\u2019ye yapt\u0131rd\u0131\u011f\u0131 sistemle veresiye defterini kald\u0131r\u0131p m\u00fc\u015fterilerine sa\u011flad\u0131\u011f\u0131 kartla veresiye mal vermeye ba\u015flad\u0131. \u2019Veresiye Kart\u2019 ad\u0131n\u0131 verdi\u011fi sistemden \u00e7ok memnun oldu\u011funu s\u00f6yleyen Ungan, her m\u00fc\u015fterinin kendisinin belirledi\u011fi limit dahilinde al\u0131\u015fveri\u015f yapabildi\u011fini belirtti. <!--more--><\/p>\n<p style=\"text-align: justify;\">Ungan, &#8220;Veresiye defterlerindeki hesaplara zaman zaman \u2019Ben bunu almad\u0131m, bu hesap nereden \u00e7\u0131kt\u0131\u2019 gibi itirazlar oluyordu. Bu kar\u0131\u015f\u0131kl\u0131klar\u0131n \u00f6n\u00fcne ge\u00e7mek i\u00e7in dijital bir sistem kurduk. \u015eimdi itiraz eden olmuyor. Veresiye kart ile al\u0131\u015fveri\u015f yapana \u00fczerinde isminin de yazd\u0131\u011f\u0131 al\u0131\u015fveri\u015f fi\u015fini veriyoruz. Tan\u0131d\u0131klar\u0131m\u0131z 500 TL ile 1000 TL aras\u0131ndaki miktarlarda, yeni al\u0131\u015fveri\u015fe ba\u015flayan m\u00fc\u015fterilerimiz ise 200 TL bakiye ile bu sisteme dahil oluyor. Bu sistemde \u015fu an 120 m\u00fc\u015fterim var. Ald\u0131\u011f\u0131 mal, karta kaydediliyor&#8221; diye konu\u015ftu.<\/p>\n<p style=\"text-align: justify;\">Ungan, veresiye defteri demode olsa da veresiye al\u0131\u015fveri\u015f yapma y\u00f6nteminin hi\u00e7 bitmeyece\u011fini belirtti. Ungan, &#8220;E\u011fer veresiye imkan\u0131 tan\u0131mazsak, bizden temel ihtiya\u00e7lar\u0131n\u0131 kar\u015f\u0131layan vatanda\u015flar\u0131m\u0131z s\u0131k\u0131nt\u0131 ya\u015far. Cebinde paras\u0131 olmayan, kredi kart\u0131 bulunmayan ki\u015finin ba\u015fka bir yerden al\u0131\u015fveri\u015f yapma \u015fans\u0131 yok&#8221; dedi. Ungan ayr\u0131ca, veresiye kart sisteminde borcunu \u00f6deme g\u00fcn\u00fc gelen m\u00fc\u015fterisine bir g\u00fcn \u00f6ncesinde cep telefonuna uyar\u0131 mesaj\u0131 da g\u00f6nderildi\u011fi kaydedip, b\u00f6ylece veresiyelerin g\u00fcn\u00fcnde topland\u0131\u011f\u0131n\u0131 ifade etti.<\/p>\n<p style=\"text-align: justify;\"><strong>UNGAN: HEDEF\u0130M\u0130Z T\u00dcM BAKKALLARA YAYGINLA\u015eTIRMAK<\/strong><\/p>\n<p style=\"text-align: justify;\">Manisa Bakkallar Esnaf Odas\u0131 Ba\u015fkan\u0131 Mehmet \u00dcnl\u00fcba\u015f da Ungan\u2019\u0131n uygulad\u0131\u011f\u0131 veresiye kart sistemini kentte yayg\u0131nla\u015ft\u0131rmay\u0131 ama\u00e7lad\u0131klar\u0131n\u0131 belirterek, &#8220;Ge\u00e7ti\u011fimiz haftalar i\u00e7erisinde bu konuda bir bas\u0131n a\u00e7\u0131klamas\u0131 yaparak t\u00fcm bakkallar\u0131m\u0131za konu duyurulmu\u015ftur. Ayr\u0131ca sistemi bakkall\u0131m\u0131za daha ucuza mal etmek amac\u0131yla bir firmayla anla\u015fma sa\u011flad\u0131k. Bu sistem sayesinde bakkal\u0131m\u0131z daha d\u00fczenli bir veresiye tutmu\u015f olacak, itirazlar\u0131n \u00f6n\u00fcne ge\u00e7ilecek. Ayr\u0131ca bakkal\u0131m\u0131z mal\u0131n\u0131n giri\u015f ve \u00e7\u0131k\u0131\u015f\u0131n\u0131 daha disiplinli bir \u015fekilde kontrol etmi\u015f olacak&#8221; dedi. \u00dcnl\u00fcba\u015f, odalar\u0131na \u00fcye bine yak\u0131n bakkal\u0131n bulundu\u011funu s\u00f6yledi.<\/p>\n<p style=\"text-align: justify;\"><a href=\"http:\/\/www.radikal.com.tr\/Radikal.aspx?aType=RadikalDetayV3&amp;ArticleID=1057160&amp;Date=21.07.2011&amp;CategoryID=77\" target=\"_blank\">Kaynak : Radikal.com.tr<\/a><\/p>\n","protected":false},"excerpt":{"rendered":"<p style=\"text-align: center;\">\n<p style=\"text-align: justify;\">Manisa kent merkezinde bakkal d\u00fckkan\u0131 i\u015fleten 31 ya\u015f\u0131ndaki Ahmet Ungan, veresiye defterini dijital ortama ta\u015f\u0131yarak kartl\u0131 sisteme ge\u00e7ti. Ungan, hem kendisinin hem de m\u00fc\u015fterilerinin sistemden memnun oldu\u011funu s\u00f6yledi.<\/p>\n<p style=\"text-align: justify;\">\u0130shak \u00c7elebi Mahallesi Ulutepe Caddesi\u2019nde 12 y\u0131ld\u0131r bakkal d\u00fckkan\u0131 i\u015fleten Ahmet Ungan, bir y\u0131l \u00f6nce ba\u015flad\u0131\u011f\u0131 kartl\u0131 veresiye sistemiyle yeni <\/p>\n","protected":false},"author":1,"featured_media":0,"comment_status":"open","ping_status":"open","sticky":false,"template":"","format":"standard","meta":{"footnotes":""},"categories":[105],"tags":[],"class_list":["post-37145","post","type-post","status-publish","format-standard","hentry","category-gundem","odd"],"_links":{"self":[{"href":"http:\/\/www.korhanyilmaz.com\/index.php?rest_route=\/wp\/v2\/posts\/37145","targetHints":{"allow":["GET"]}}],"collection":[{"href":"http:\/\/www.korhanyilmaz.com\/index.php?rest_route=\/wp\/v2\/posts"}],"about":[{"href":"http:\/\/www.korhanyilmaz.com\/index.php?rest_route=\/wp\/v2\/types\/post"}],"author":[{"embeddable":true,"href":"http:\/\/www.korhanyilmaz.com\/index.php?rest_route=\/wp\/v2\/users\/1"}],"replies":[{"embeddable":true,"href":"http:\/\/www.korhanyilmaz.com\/index.php?rest_route=%2Fwp%2Fv2%2Fcomments&post=37145"}],"version-history":[{"count":0,"href":"http:\/\/www.korhanyilmaz.com\/index.php?rest_route=\/wp\/v2\/posts\/37145\/revisions"}],"wp:attachment":[{"href":"http:\/\/www.korhanyilmaz.com\/index.php?rest_route=%2Fwp%2Fv2%2Fmedia&parent=37145"}],"wp:term":[{"taxonomy":"category","embeddable":true,"href":"http:\/\/www.korhanyilmaz.com\/index.php?rest_route=%2Fwp%2Fv2%2Fcategories&post=37145"},{"taxonomy":"post_tag","embeddable":true,"href":"http:\/\/www.korhanyilmaz.com\/index.php?rest_route=%2Fwp%2Fv2%2Ftags&post=37145"}],"curies":[{"name":"wp","href":"https:\/\/api.w.org\/{rel}","templated":true}]}}