{"id":37139,"date":"2011-07-21T20:34:53","date_gmt":"2011-07-21T17:34:53","guid":{"rendered":"http:\/\/www.korhanyilmaz.com\/?p=37139"},"modified":"2011-07-21T22:17:59","modified_gmt":"2011-07-21T19:17:59","slug":"internet-andici-iddianamesi-hakimin-onunde","status":"publish","type":"post","link":"http:\/\/www.korhanyilmaz.com\/?p=37139","title":{"rendered":"&#8216;\u0130nternet And\u0131c\u0131&#8217; iddianamesi hakimin \u00f6n\u00fcnde"},"content":{"rendered":"<p style=\"text-align: center;\"><a href=\"http:\/\/www.korhanyilmaz.com\/wp-content\/uploads\/2011\/07\/1691.jpeg\"  class=\"lightview\"><img loading=\"lazy\" decoding=\"async\" class=\"aligncenter size-full wp-image-37140\" src=\"http:\/\/www.korhanyilmaz.com\/wp-content\/uploads\/2011\/07\/1691.jpeg\" alt=\"\" width=\"384\" height=\"254\" \/><\/a><\/p>\n<p style=\"text-align: justify;\">&#8216;\u0130nternet And\u0131c\u0131&#8217; soru\u015fturmas\u0131nda haz\u0131rlanan iddianame, &#8216;\u0130rtica ile M\u00fccadele Eylem Plan\u0131&#8217; davas\u0131 ile birle\u015ftirilme talepli olarak \u0130stanbul 13. A\u011f\u0131r Ceza Mahkemesi&#8217;ne g\u00f6nderildi.<\/p>\n<p style=\"text-align: justify;\">H\u00fck\u00fcmet aleyhinde kara propaganda yapmak amac\u0131yla Genelkurmay taraf\u0131ndan kuruldu\u011fu iddia edilen internet siteleriyle ilgili y\u00fcr\u00fct\u00fclen &amp;lsquo;internet and\u0131c\u0131\u2019 soru\u015fturmas\u0131 tamamland\u0131. <!--more--><\/p>\n<p style=\"text-align: justify;\">Savc\u0131 Cihan Kans\u0131z taraf\u0131ndan y\u00fcr\u00fct\u00fclen soru\u015fturma kapsam\u0131nda haz\u0131rlanan iddianamenin &amp;lsquo;\u0130rtica ile m\u00fccadele eylem plan\u0131\u2019 davas\u0131 ile birle\u015ftirme talepli olarak \u0130stanbul 13. A\u011f\u0131r Ceza Mahkemesi\u2019ne g\u00f6nderildi\u011fi ifade edildi. Soru\u015fturma kapsam\u0131nda ifadesi al\u0131nan emekli ve muvazzaf generallerinde \u015f\u00fcpheli s\u0131fat\u0131yla iddianamede yer ald\u0131\u011f\u0131 ve \u015f\u00fcphelilerin &amp;lsquo;h\u00fck\u00fcmeti y\u0131kmaya te\u015febb\u00fcs\u2019 ile su\u00e7land\u0131\u011f\u0131 \u00f6\u011frenildi. \u00d6te yandan &amp;lsquo;\u0130rtica ile m\u00fccadele eylem plan\u0131 davas\u0131n\u0131n tutuklu san\u0131\u011f\u0131 Albay Dursun \u00c7i\u00e7ek\u2019in bu iddianame de \u015f\u00fcpheli olarak yer almad\u0131\u011f\u0131 iddia edildi.<\/p>\n<p style=\"text-align: justify;\"><a href=\"http:\/\/www.radikal.com.tr\/Radikal.aspx?aType=RadikalDetayV3&amp;ArticleID=1057164&amp;Date=21.07.2011&amp;CategoryID=77\" target=\"_blank\">Kaynak : Radikal.com.tr<\/a><\/p>\n","protected":false},"excerpt":{"rendered":"<p style=\"text-align: center;\">\n<p style=\"text-align: justify;\">&#8216;\u0130nternet And\u0131c\u0131&#8217; soru\u015fturmas\u0131nda haz\u0131rlanan iddianame, &#8216;\u0130rtica ile M\u00fccadele Eylem Plan\u0131&#8217; davas\u0131 ile birle\u015ftirilme talepli olarak \u0130stanbul 13. A\u011f\u0131r Ceza Mahkemesi&#8217;ne g\u00f6nderildi.<\/p>\n<p style=\"text-align: justify;\">H\u00fck\u00fcmet aleyhinde kara propaganda yapmak amac\u0131yla Genelkurmay taraf\u0131ndan kuruldu\u011fu iddia edilen internet siteleriyle ilgili y\u00fcr\u00fct\u00fclen &amp;lsquo;internet and\u0131c\u0131\u2019 soru\u015fturmas\u0131 tamamland\u0131. <\/p>\n","protected":false},"author":1,"featured_media":0,"comment_status":"open","ping_status":"open","sticky":false,"template":"","format":"standard","meta":{"footnotes":""},"categories":[105],"tags":[],"class_list":["post-37139","post","type-post","status-publish","format-standard","hentry","category-gundem","odd"],"_links":{"self":[{"href":"http:\/\/www.korhanyilmaz.com\/index.php?rest_route=\/wp\/v2\/posts\/37139","targetHints":{"allow":["GET"]}}],"collection":[{"href":"http:\/\/www.korhanyilmaz.com\/index.php?rest_route=\/wp\/v2\/posts"}],"about":[{"href":"http:\/\/www.korhanyilmaz.com\/index.php?rest_route=\/wp\/v2\/types\/post"}],"author":[{"embeddable":true,"href":"http:\/\/www.korhanyilmaz.com\/index.php?rest_route=\/wp\/v2\/users\/1"}],"replies":[{"embeddable":true,"href":"http:\/\/www.korhanyilmaz.com\/index.php?rest_route=%2Fwp%2Fv2%2Fcomments&post=37139"}],"version-history":[{"count":0,"href":"http:\/\/www.korhanyilmaz.com\/index.php?rest_route=\/wp\/v2\/posts\/37139\/revisions"}],"wp:attachment":[{"href":"http:\/\/www.korhanyilmaz.com\/index.php?rest_route=%2Fwp%2Fv2%2Fmedia&parent=37139"}],"wp:term":[{"taxonomy":"category","embeddable":true,"href":"http:\/\/www.korhanyilmaz.com\/index.php?rest_route=%2Fwp%2Fv2%2Fcategories&post=37139"},{"taxonomy":"post_tag","embeddable":true,"href":"http:\/\/www.korhanyilmaz.com\/index.php?rest_route=%2Fwp%2Fv2%2Ftags&post=37139"}],"curies":[{"name":"wp","href":"https:\/\/api.w.org\/{rel}","templated":true}]}}