{"id":37136,"date":"2011-07-21T20:21:31","date_gmt":"2011-07-21T17:21:31","guid":{"rendered":"http:\/\/www.korhanyilmaz.com\/?p=37136"},"modified":"2011-07-21T22:13:47","modified_gmt":"2011-07-21T19:13:47","slug":"harp-akademilerinde-komutansiz-mezuniyet-toreni","status":"publish","type":"post","link":"http:\/\/www.korhanyilmaz.com\/?p=37136","title":{"rendered":"Harp Akademileri&#8217;nde komutans\u0131z mezuniyet t\u00f6reni"},"content":{"rendered":"<p style=\"text-align: center;\"><a href=\"http:\/\/www.korhanyilmaz.com\/wp-content\/uploads\/2011\/07\/1690.jpeg\"  class=\"lightview\"><img loading=\"lazy\" decoding=\"async\" class=\"aligncenter size-full wp-image-37137\" src=\"http:\/\/www.korhanyilmaz.com\/wp-content\/uploads\/2011\/07\/1690.jpeg\" alt=\"\" width=\"384\" height=\"254\" \/><\/a><\/p>\n<p style=\"text-align: justify;\">Harp Akademileri Komutanl\u0131\u011f\u0131 2010-2011 e\u011fitim ve \u00f6\u011fretim y\u0131l\u0131 mezunlar\u0131, Cumhurba\u015fkan\u0131 Abdullah G\u00fcl, TBMM Ba\u015fkan\u0131 Cemil \u00c7i\u00e7ek ve Ba\u015fbakan Recep Tayyip Erdo\u011fan&#8217;\u0131n da kat\u0131ld\u0131\u011f\u0131 t\u00f6renle diplomalar\u0131n\u0131 ald\u0131.<\/p>\n<p style=\"text-align: justify;\">Harp Akademileri Komutanl\u0131\u011f\u0131 Atat\u00fcrk Harp Oyunu ve K\u00fclt\u00fcr Merkezi&#8217;nde d\u00fczenlenen mezuniyet t\u00f6reninde konu\u015fan Harp Akademileri Komutan\u0131 Vekili Hava Korgeneral Nejat Bilgin, T\u00fcrkiye&#8217;nin tarihin ilk \u00e7a\u011flar\u0131ndan itibaren medeniyetlere be\u015fiklik eden, b\u00fcy\u00fck g\u00fc\u00e7lerin \u00e7at\u0131\u015fma alan\u0131 olan, devletlerin ve imparatorluklar\u0131n kurulup y\u0131k\u0131ld\u0131\u011f\u0131, \u00f6nemli politik, sosyal, ekonomik, k\u00fclt\u00fcrel ve askeri geli\u015fmelerin ya\u015fand\u0131\u011f\u0131, b\u00fcy\u00fck olaylar\u0131n cereyan etti\u011fi ve g\u00fcn\u00fcm\u00fczde ise enerji nakil hatlar\u0131n\u0131n ge\u00e7i\u015f g\u00fczergah\u0131 olarak \u00f6zel \u00f6nem ve \u00f6ncelik kazand\u0131\u011f\u0131 \u00e7ok kritik bir co\u011frafyada bulundu\u011funu s\u00f6yledi. <!--more--><\/p>\n<p style=\"text-align: justify;\">Bilgin, T\u00fcrkiye Cumhuriyeti ve onun g\u00fcven kayna\u011f\u0131 T\u00fcrk Silahl\u0131 Kuvvetleri olarak, \u201csahip olunan binlerce y\u0131ll\u0131k devlet gelenek ve tecr\u00fcbesi, askeri birikimler bu kritik co\u011frafyada devletin bekas\u0131n\u0131 sa\u011flamak, milletin refah seviyesini y\u00fckseltmek, b\u00f6lgede bar\u0131\u015f ve istikran\u0131n temel unsuru olmak ve &#8216;yurtta sulh, cihanda sulh&#8217; ana hedefi do\u011frultusunda d\u00fcnya bar\u0131\u015f\u0131na azami katk\u0131da bulunma\u201d y\u00f6n\u00fcndeki, yo\u011fun gayretlerini azim ve kararl\u0131l\u0131kla s\u00fcrd\u00fcreceklerini vurgulayarak, \u015funlar\u0131 kaydetti:<\/p>\n<p style=\"text-align: justify;\">\u201c\u0130\u00e7inde bulundu\u011fumuz d\u00f6nemde, \u00e7evremizde, b\u00f6lgemizde ve d\u00fcnyada \u00fclkemizi de yak\u0131ndan ilgilendiren, \u00f6nemli derecede etkileyen geli\u015fmelerin, s\u00fcrekli ve s\u00fcratli bi\u00e7imde ger\u00e7ekle\u015fti\u011fi, tarihin ak\u0131\u015f\u0131n\u0131n h\u0131zland\u0131\u011f\u0131 g\u00fcnler ya\u015famaktay\u0131z. Belirsizliklerin hakim oldu\u011fu bu ortamda, asimetrik tehditlerin, g\u00fcvenlik risklerinin, k\u00fcresel ve b\u00f6lgesel sorunlar\u0131n a\u011f\u0131rl\u0131k kazand\u0131\u011f\u0131, yeni dengelerin kuruldu\u011fu bir s\u00fcre\u00e7ten ge\u00e7mekte oldu\u011fumuz ger\u00e7e\u011fi, dikkate almam\u0131z gereken di\u011fer \u00f6nemli olgular olarak kar\u015f\u0131m\u0131za \u00e7\u0131kmaktad\u0131r. Tarihi tecr\u00fcbemiz bize, bu co\u011frafyada \u00fclkemizin b\u00fct\u00fcnl\u00fc\u011f\u00fc ve milletimizin birli\u011fini muhafaza ederek, devletimizin \u00e7at\u0131s\u0131 alt\u0131nda, bayra\u011f\u0131m\u0131z\u0131n g\u00f6lgesinde h\u00fcr ve ba\u011f\u0131ms\u0131z ya\u015faman\u0131n temel \u015fart\u0131n\u0131n g\u00fc\u00e7l\u00fc olmak ile sa\u011flanabilece\u011fini g\u00f6sterdi.\u201d<\/p>\n<p style=\"text-align: justify;\"><strong>E\u011e\u0130T\u0130ME VER\u0130LEN \u00d6NEM\u0130N ALTINI \u00c7\u0130ZD\u0130<\/strong><\/p>\n<p style=\"text-align: justify;\">D\u00fcnyan\u0131n bu b\u00f6lgesinde g\u00fc\u00e7l\u00fc devletin en etkili ve cayd\u0131r\u0131c\u0131l\u0131k y\u00f6n\u00fcnden en \u00f6nemli unsurunun di\u011fer milli g\u00fc\u00e7 unsurlar\u0131 ile desteklenen g\u00fc\u00e7l\u00fc bir silahl\u0131 kuvvetler oldu\u011funun da kan\u0131tlanm\u0131\u015f, tarihi bir ger\u00e7ek oldu\u011funu ifade eden Bilgin, \u201cBu sorumlulu\u011fu yerine getirme yetene\u011fine sahip oldu\u011funu Cumhuriyet tarihi boyunca, ortaya \u00e7\u0131kan her durum ve \u015fartta ispat eden T\u00fcrk Silahl\u0131 Kuvvetlerinin, g\u00fcc\u00fcn\u00fc olu\u015fturan unsurlar\u0131n en \u00f6nemlisi, y\u00fcrekleri vatan sevgisi ve hizmet a\u015fk\u0131 ile dolu olan \u00fcst\u00fcn nitelik ve yetenekleriyle y\u00fcksek disipline sahip personelidir\u201d diye konu\u015ftu.<\/p>\n<p style=\"text-align: justify;\">Nejat Bilgin, T\u00fcrk Silahl\u0131 Kuvvetlerinde komutan ve subaylar\u0131n e\u011fitimine verilen \u00f6neme de\u011finerek, \u201cHarp Akademilerimiz, ba\u015far\u0131l\u0131 ge\u00e7mi\u015finden ve zengin birikiminden ald\u0131\u011f\u0131 g\u00fc\u00e7, Genelkurmay Ba\u015fkanl\u0131\u011f\u0131m\u0131z\u0131n direktifleri ve sa\u011flad\u0131\u011f\u0131 imkanlar, kuvvet komutanlar\u0131m\u0131z\u0131n yak\u0131n ilgi ve destekleriyle, \u00e7a\u011f\u0131m\u0131zda her alanda ya\u015fanan s\u00fcrekli geli\u015fim ve de\u011fi\u015fimi yak\u0131ndan izleyerek, \u00e7a\u011fda\u015f e\u011fitim ve \u00f6\u011fretim metotlar\u0131ndan ve teknolojinin sa\u011flad\u0131\u011f\u0131 en modern vas\u0131talardan istifade ederek, asker ve sivil \u00f6\u011frencilerini, kursiyerlerini, \u00e7a\u011f\u0131m\u0131z\u0131n gereklerine, devletimizin ve milletimizin ger\u00e7eklerine, silahl\u0131 kuvvetlerimizin ve ilgili devlet kurulu\u015flar\u0131m\u0131z\u0131n ihtiya\u00e7lar\u0131na uyun olarak, yeti\u015ftirmek ve kurumun s\u00fcrekli geli\u015fme ve y\u00fckselme \u00e7izgisini ayn\u0131 do\u011frultuda devam ettirmek azim ve kararl\u0131l\u0131\u011f\u0131ndad\u0131r\u201d \u015feklinde konu\u015ftu.<\/p>\n<p style=\"text-align: justify;\">Korgenel Nejat Bilgin, 2010-2011 e\u011fitim ve \u00f6\u011fretim y\u0131l\u0131 faaliyetlerine 22 \u00fclkeden 69 subay\u0131n i\u015ftirak etmi\u015f olmas\u0131ndan duyduklar\u0131 memnuniyeti dile getirdi. Bilgin, Harp Akademileri Komutanl\u0131\u011f\u0131n\u0131n, kanun ile tayin edilmi\u015f olan g\u00f6revinin, Atat\u00fcrk\u00e7\u00fc d\u00fc\u015f\u00fcnce sistemini tam olarak benimseyen, \u00f6zellikle askeri faaliyet alanlar\u0131nda uygun hareket tarz\u0131 bulma, do\u011fru karara ula\u015fma ve verilen karar\u0131 en etkin \u015fekilde uygulama yetene\u011fi olan, \u00e7al\u0131\u015fkanl\u0131k ve karargah subayl\u0131\u011f\u0131 tekniklerine sahip, muhakeme ve planlama becerisi geli\u015fmi\u015f, lisans \u00fcst\u00fc seviyede e\u011fitim ve \u00f6\u011fretim alan subaylar yeti\u015ftirmek oldu\u011funu aktard\u0131.<\/p>\n<p style=\"text-align: justify;\"><strong>YA\u015e K\u00dcT\u00dc\u011e\u00dcNE PLAKET \u00c7AKILDI<\/strong><\/p>\n<p style=\"text-align: justify;\">Bu niteliklere sahip olan ve Harp Akademilerindeki e\u011fitim ve \u00f6\u011fretimlerini ba\u015far\u0131yla tamamlayan Kara, Deniz, Hava Kuvvetleri, Jandarma Genel Komutanl\u0131\u011f\u0131 ve Sahil G\u00fcvenlik Komutanl\u0131\u011f\u0131na mensup 170 subay ile 29 misafir askeri personelin diplomalar\u0131n\u0131 alaca\u011f\u0131n\u0131 kaydeden Bilgin, \u015funlar\u0131 s\u00f6yledi. \u201cKurmay subay olarak mezun olan subaylar\u0131m\u0131z, ayn\u0131 zamanda ulusal ve uluslararas\u0131 g\u00fcvenlik stratejileri y\u00f6netimi ve liderlik konusunda da y\u00fcksek lisans diplomalar\u0131n\u0131 almay\u0131 hak etmi\u015flerdir. Bug\u00fcnden itibaren, T\u00fcrk Silahl\u0131 Kuvvetlerinin gen\u00e7 kurmay subaylar\u0131 olarak atand\u0131klar\u0131, k\u0131ta, karargah ve kurumlardaki yeni g\u00f6revlerinde Harp Akademilerinde edindikleri bilgi yetenek ve tecr\u00fcbelerinin yan\u0131 s\u0131ra sahip olduklar\u0131 vatan ve millet a\u015fk\u0131yla, \u00fclkeleri i\u00e7in yapacaklar\u0131 hizmeti canlar\u0131 pahas\u0131na teredd\u00fcts\u00fcz yerine getirecekler.<\/p>\n<p style=\"text-align: justify;\">Gen\u00e7 kurmaylar\u0131m\u0131z\u0131 g\u00fcn\u00fcm\u00fcz\u00fcn ihtiya\u00e7lar\u0131 ve gelece\u011fe y\u00f6nelik \u00f6n g\u00f6r\u00fcleri dikkate alarak, belirledi\u011fimiz ana hedefler do\u011frultusunda, do\u011fru ve s\u00fcratli kavrama, yarat\u0131c\u0131 d\u00fc\u015f\u00fcnceyi kullanarak detayl\u0131 analiz, sentez edebilme, ifade edebilme yetene\u011fi geli\u015fmi\u015f, ger\u00e7ek\u00e7i de\u011ferlendirmeler yapabilen uygulanabilir kararlar verebilen, de\u011fi\u015fen durumlar kar\u015f\u0131s\u0131nda inisiyatifini kullanabilen, liderlerlik niteliklerine ve temsil \u00f6zelliklerine sahip askeri ve insani vas\u0131flar\u0131 ta\u015f\u0131yan komutan ve karargah subaylar\u0131 olarak yeti\u015ftirdik.\u201d<\/p>\n<p style=\"text-align: justify;\">\u00d6\u011frenciler ad\u0131na yap\u0131lan konu\u015fmalar\u0131n ard\u0131ndan Cumhurba\u015fkan\u0131 Abdullah G\u00fcl, TBMM Ba\u015fkan\u0131 Cemil \u00c7i\u00e7ek ve Ba\u015fbakan Recep Tayyip Erdo\u011fan, Milli Savunma Bakan\u0131 \u0130smet Y\u0131lmaz, Genelkurmay Ba\u015fkan\u0131 Orgeneral I\u015f\u0131k Ko\u015faner taraf\u0131ndan derece ile mezun olan subaylara diplomalar\u0131 verildi. Ayr\u0131ca mezunlar ya\u015f k\u00fct\u00fc\u011f\u00fcne d\u00f6nem plaketlerini \u00e7akt\u0131lar.<\/p>\n<p style=\"text-align: justify;\"><a href=\"http:\/\/www.radikal.com.tr\/Radikal.aspx?aType=RadikalDetayV3&amp;ArticleID=1057162&amp;Date=21.07.2011&amp;CategoryID=77\" target=\"_blank\">Kaynak : Radikal.com.tr<\/a><\/p>\n","protected":false},"excerpt":{"rendered":"<p style=\"text-align: center;\">\n<p style=\"text-align: justify;\">Harp Akademileri Komutanl\u0131\u011f\u0131 2010-2011 e\u011fitim ve \u00f6\u011fretim y\u0131l\u0131 mezunlar\u0131, Cumhurba\u015fkan\u0131 Abdullah G\u00fcl, TBMM Ba\u015fkan\u0131 Cemil \u00c7i\u00e7ek ve Ba\u015fbakan Recep Tayyip Erdo\u011fan&#8217;\u0131n da kat\u0131ld\u0131\u011f\u0131 t\u00f6renle diplomalar\u0131n\u0131 ald\u0131.<\/p>\n<p style=\"text-align: justify;\">Harp Akademileri Komutanl\u0131\u011f\u0131 Atat\u00fcrk Harp Oyunu ve K\u00fclt\u00fcr Merkezi&#8217;nde d\u00fczenlenen mezuniyet t\u00f6reninde konu\u015fan Harp Akademileri Komutan\u0131 Vekili Hava Korgeneral Nejat Bilgin, T\u00fcrkiye&#8217;nin <\/p>\n","protected":false},"author":1,"featured_media":0,"comment_status":"open","ping_status":"open","sticky":false,"template":"","format":"standard","meta":{"footnotes":""},"categories":[105],"tags":[],"class_list":["post-37136","post","type-post","status-publish","format-standard","hentry","category-gundem","odd"],"_links":{"self":[{"href":"http:\/\/www.korhanyilmaz.com\/index.php?rest_route=\/wp\/v2\/posts\/37136","targetHints":{"allow":["GET"]}}],"collection":[{"href":"http:\/\/www.korhanyilmaz.com\/index.php?rest_route=\/wp\/v2\/posts"}],"about":[{"href":"http:\/\/www.korhanyilmaz.com\/index.php?rest_route=\/wp\/v2\/types\/post"}],"author":[{"embeddable":true,"href":"http:\/\/www.korhanyilmaz.com\/index.php?rest_route=\/wp\/v2\/users\/1"}],"replies":[{"embeddable":true,"href":"http:\/\/www.korhanyilmaz.com\/index.php?rest_route=%2Fwp%2Fv2%2Fcomments&post=37136"}],"version-history":[{"count":0,"href":"http:\/\/www.korhanyilmaz.com\/index.php?rest_route=\/wp\/v2\/posts\/37136\/revisions"}],"wp:attachment":[{"href":"http:\/\/www.korhanyilmaz.com\/index.php?rest_route=%2Fwp%2Fv2%2Fmedia&parent=37136"}],"wp:term":[{"taxonomy":"category","embeddable":true,"href":"http:\/\/www.korhanyilmaz.com\/index.php?rest_route=%2Fwp%2Fv2%2Fcategories&post=37136"},{"taxonomy":"post_tag","embeddable":true,"href":"http:\/\/www.korhanyilmaz.com\/index.php?rest_route=%2Fwp%2Fv2%2Ftags&post=37136"}],"curies":[{"name":"wp","href":"https:\/\/api.w.org\/{rel}","templated":true}]}}