{"id":37132,"date":"2011-07-21T20:51:49","date_gmt":"2011-07-21T17:51:49","guid":{"rendered":"http:\/\/www.korhanyilmaz.com\/?p=37132"},"modified":"2011-07-22T03:26:03","modified_gmt":"2011-07-22T00:26:03","slug":"sahinden-gecikmis-yurek-yakan-itiraf","status":"publish","type":"post","link":"http:\/\/www.korhanyilmaz.com\/?p=37132","title":{"rendered":"\u015eahin&#8217;den gecikmi\u015f y\u00fcrek yakan itiraf"},"content":{"rendered":"<p style=\"text-align: center;\"><a href=\"http:\/\/www.korhanyilmaz.com\/wp-content\/uploads\/2011\/07\/1699.jpg\"  class=\"lightview\"><img loading=\"lazy\" decoding=\"async\" class=\"aligncenter size-full wp-image-37161\" src=\"http:\/\/www.korhanyilmaz.com\/wp-content\/uploads\/2011\/07\/1699.jpg\" alt=\"\" width=\"346\" height=\"266\" \/><\/a><\/p>\n<p style=\"text-align: justify;\">Eski TBMM Ba\u015fkan\u0131 ve AK Parti Karab\u00fck Milletvekili Mehmet Ali \u015eahin, &#8220;Ter\u00f6r \u00f6rg\u00fct\u00fc elemanlar\u0131 kendilerini da\u011f \u015fartlar\u0131nda daha da iyi yeti\u015ftiriyorlar, bunlarla m\u00fccadele edecek askerlerimizin onlardan \u00e7ok daha iyi e\u011fitilmi\u015f olmas\u0131 gerekir, bu konuda bir eksikli\u011fimiz oldu\u011funu d\u00fc\u015f\u00fcn\u00fcyorum&#8221; dedi. <!--more--><\/p>\n<p style=\"text-align: justify;\"><img loading=\"lazy\" decoding=\"async\" class=\"alignleft size-full wp-image-37133\" style=\"margin-left: 10px; margin-right: 10px;\" src=\"http:\/\/www.korhanyilmaz.com\/wp-content\/uploads\/2011\/07\/1689.jpg\" alt=\"\" width=\"175\" height=\"167\" \/>\u015eahin, Karab\u00fck \u0130l Koordinasyon Kurulu ve \u0130l \u00d6zel \u0130daresi Toplant\u0131lar\u0131 i\u00e7in geldi\u011fi Karab\u00fck&#8217;te Vali \u0130zzettin K\u00fc\u00e7\u00fck&#8217;\u00fc makam\u0131nda ziyaret etti.<\/p>\n<p style=\"text-align: justify;\">\u015eahin, daha sonra Dr. Necmettin \u015eeyho\u011flu Stad\u0131&#8217;ndaki tadilat \u00e7al\u0131\u015fmalar\u0131 ve olimpik y\u00fczme havuzu in\u015faat\u0131nda incelemelerde bulundu.<\/p>\n<p style=\"text-align: justify;\">\u015eahin, incelemelerinin ard\u0131ndan gazetecilerin, &#8220;Genelkurmay Ba\u015fkanl\u0131\u011f\u0131n\u0131n s\u00f6zle\u015fmeli er al\u0131mlar\u0131na ba\u015flamas\u0131&#8221; ile ilgili sorusunu \u015f\u00f6yle yan\u0131tlad\u0131: &#8220;Ter\u00f6r \u00f6rg\u00fct\u00fc elemanlar\u0131 kendilerini da\u011f \u015fartlar\u0131nda daha da iyi yeti\u015ftiriyorlar, bunlarla m\u00fccadele edecek askerlerimizin onlardan \u00e7ok daha iyi e\u011fitilmi\u015f olmas\u0131 gerekir, bu konuda bir eksikli\u011fimiz oldu\u011funu d\u00fc\u015f\u00fcn\u00fcyorum. Ve nitekim Genelkurmay Ba\u015fkanl\u0131\u011f\u0131m\u0131z\u0131n da b\u00f6yle bir karar almas\u0131n\u0131n arkas\u0131ndaki neden bu eksikli\u011fini g\u00f6rmesidir. Ben, &#8216;Ke\u015fke daha \u00f6nceden bu ad\u0131m\u0131 atm\u0131\u015f olsayd\u0131k, bir an \u00f6nce profesyonel uygulamaya ge\u00e7mi\u015f olsayd\u0131k&#8217; diye d\u00fc\u015f\u00fcn\u00fcyorum. Ama ge\u00e7 de olsa bu ad\u0131m\u0131n at\u0131lmas\u0131nda yarar oldu\u011fu kanaatindeyim. Ter\u00f6ristlere \u00fclkemizin bir kar\u0131\u015f topra\u011f\u0131n\u0131 teslim edemeyiz. Onlar\u0131n hakimiyet alan\u0131 i\u00e7erisinde b\u0131rakamay\u0131z.&#8221;<\/p>\n<p style=\"text-align: justify;\"><a href=\"http:\/\/www.cnnturk.com\/2011\/turkiye\/07\/21\/sahinden.gecikmis.yurek.yakan.itiraf\/623652.0\/index.html\" target=\"_blank\">Kaynak : CNN T\u00dcRK<\/a><\/p>\n","protected":false},"excerpt":{"rendered":"<p style=\"text-align: center;\">\n<p style=\"text-align: justify;\">Eski TBMM Ba\u015fkan\u0131 ve AK Parti Karab\u00fck Milletvekili Mehmet Ali \u015eahin, &#8220;Ter\u00f6r \u00f6rg\u00fct\u00fc elemanlar\u0131 kendilerini da\u011f \u015fartlar\u0131nda daha da iyi yeti\u015ftiriyorlar, bunlarla m\u00fccadele edecek askerlerimizin onlardan \u00e7ok daha iyi e\u011fitilmi\u015f olmas\u0131 gerekir, bu konuda bir eksikli\u011fimiz oldu\u011funu d\u00fc\u015f\u00fcn\u00fcyorum&#8221; dedi. <\/p>\n","protected":false},"author":1,"featured_media":0,"comment_status":"open","ping_status":"open","sticky":false,"template":"","format":"standard","meta":{"footnotes":""},"categories":[105],"tags":[],"class_list":["post-37132","post","type-post","status-publish","format-standard","hentry","category-gundem","odd"],"_links":{"self":[{"href":"http:\/\/www.korhanyilmaz.com\/index.php?rest_route=\/wp\/v2\/posts\/37132","targetHints":{"allow":["GET"]}}],"collection":[{"href":"http:\/\/www.korhanyilmaz.com\/index.php?rest_route=\/wp\/v2\/posts"}],"about":[{"href":"http:\/\/www.korhanyilmaz.com\/index.php?rest_route=\/wp\/v2\/types\/post"}],"author":[{"embeddable":true,"href":"http:\/\/www.korhanyilmaz.com\/index.php?rest_route=\/wp\/v2\/users\/1"}],"replies":[{"embeddable":true,"href":"http:\/\/www.korhanyilmaz.com\/index.php?rest_route=%2Fwp%2Fv2%2Fcomments&post=37132"}],"version-history":[{"count":0,"href":"http:\/\/www.korhanyilmaz.com\/index.php?rest_route=\/wp\/v2\/posts\/37132\/revisions"}],"wp:attachment":[{"href":"http:\/\/www.korhanyilmaz.com\/index.php?rest_route=%2Fwp%2Fv2%2Fmedia&parent=37132"}],"wp:term":[{"taxonomy":"category","embeddable":true,"href":"http:\/\/www.korhanyilmaz.com\/index.php?rest_route=%2Fwp%2Fv2%2Fcategories&post=37132"},{"taxonomy":"post_tag","embeddable":true,"href":"http:\/\/www.korhanyilmaz.com\/index.php?rest_route=%2Fwp%2Fv2%2Ftags&post=37132"}],"curies":[{"name":"wp","href":"https:\/\/api.w.org\/{rel}","templated":true}]}}