{"id":37128,"date":"2011-07-21T18:21:01","date_gmt":"2011-07-21T15:21:01","guid":{"rendered":"http:\/\/www.korhanyilmaz.com\/?p=37128"},"modified":"2011-07-21T18:21:01","modified_gmt":"2011-07-21T15:21:01","slug":"bagistan-abye-kibris-uyarisi-muz-kabuguna-basmayin","status":"publish","type":"post","link":"http:\/\/www.korhanyilmaz.com\/?p=37128","title":{"rendered":"Ba\u011f\u0131\u015f&#8217;tan AB&#8217;ye K\u0131br\u0131s uyar\u0131s\u0131: Muz kabu\u011funa basmay\u0131n"},"content":{"rendered":"<p style=\"text-align: justify;\"><a href=\"http:\/\/www.korhanyilmaz.com\/wp-content\/uploads\/2011\/07\/1688.jpg\"  class=\"lightview\"><img loading=\"lazy\" decoding=\"async\" class=\"aligncenter size-full wp-image-37129\" title=\"\" src=\"http:\/\/www.korhanyilmaz.com\/wp-content\/uploads\/2011\/07\/1688.jpg\" alt=\"\" width=\"350\" height=\"217\" \/><\/a><\/p>\n<p style=\"text-align: justify;\">K\u0131br\u0131s konusunda AB&#8217;yi uyaran Avrupa Birli\u011fi Bakan\u0131 Egemen Ba\u011f\u0131\u015f,&#8221;K\u0131br\u0131s meselesi, AB\u2019nin yoluna konulmu\u015f muz kabu\u011fudur&#8221; dedi.<\/p>\n<p style=\"text-align: justify;\">Alanya&#8217;da Muz \u00dcreticileri Birli\u011fi\u2019nin &#8216;Avrupa T\u00fcrkiye Muz Ba\u011flant\u0131s\u0131 Projesi&#8217; tan\u0131t\u0131m toplant\u0131s\u0131nda konu\u015fan Avrupa Birli\u011fi Bakan\u0131 Egemen Ba\u011f\u0131\u015f, \u201cK\u0131br\u0131s meselesi, AB\u2019nin yoluna konulmu\u015f muz kabu\u011fudur. K\u0131br\u0131s Rum Y\u00f6netimi\u2019nin AB \u00fcyesi bir \u00fclke s\u0131fat\u0131yla d\u00f6nem ba\u015fkan\u0131 oldu\u011fu g\u00fcn, o muz kabu\u011funa AB Kurumu\u2019nun basaca\u011f\u0131 g\u00fcnd\u00fcr. Biz onlar\u0131 uyar\u0131yoruz. \u2018Orada muz kabu\u011fu var, basmay\u0131n\u2019 diyoruz. Yanl\u0131\u015f yapars\u0131n\u0131z&#8221; dedi. <!--more--><\/p>\n<p style=\"text-align: justify;\">Avrupa Birli\u011fi Bakan\u0131 ve Ba\u015fm\u00fczakereci Egemen Ba\u011f\u0131\u015f ile Avrupa Konseyi Parlamenter Meclisi (AKPM) Ba\u015fkan\u0131 ve Ak Parti Antalya Milletvekili Mevl\u00fct \u00c7avu\u015fo\u011flu, Alanya Muz \u00dcreticileri Birli\u011fi taraf\u0131ndan d\u00fczenlenen &#8216;Avrupa T\u00fcrkiye Muz Ba\u011flant\u0131s\u0131 Projesi&#8217; Tan\u0131t\u0131m Toplant\u0131s\u0131\u2019na kat\u0131ld\u0131. Alanya Ticaret ve Sanayi Odas\u0131\u2019nda ger\u00e7ekle\u015ftirilen toplant\u0131da Bakan Ba\u011f\u0131\u015f ve \u00c7avu\u015fo\u011flu\u2019na, muz ile muzlu dondurma ikram edildi.<\/p>\n<p style=\"text-align: justify;\"><strong>Verilen s\u00f6zler tutulsun<\/strong><\/p>\n<p style=\"text-align: justify;\">Konu\u015fmas\u0131na &#8220;Alanya\u2019n\u0131n s\u0131ca\u011f\u0131 ile e\u015f s\u0131cakl\u0131kta kar\u015f\u0131land\u0131k&#8221; diye ba\u015flayan Bakan Ba\u011f\u0131\u015f ise \u015f\u00f6yle dedi:<\/p>\n<p style=\"text-align: justify;\">\u201cK\u0131br\u0131s\u2019ta milli gururu say\u0131n ba\u015fbakan\u0131m\u0131z sayesinde bir kez daha ya\u015fad\u0131k. Say\u0131n ba\u015fbakan\u0131m\u0131z\u0131n d\u00fcnya kamuoyuna ve \u00f6zellikle art\u0131k Avrupa\u2019n\u0131n \u015f\u0131mar\u0131k \u00e7ocu\u011fu konumuna ge\u00e7mi\u015f olan K\u0131br\u0131sl\u0131 Rumlara verdi\u011fi net mesajlar, K\u0131br\u0131s konusunda yeni bir d\u00f6nemin ba\u015flang\u0131c\u0131n\u0131 m\u00fcjdelemi\u015ftir. Biz K\u0131br\u0131s konusunda verilen s\u00f6zlerin tutulmas\u0131n\u0131 bekliyoruz. \u2018\u00c7\u00f6z\u00fcms\u00fczl\u00fck \u00e7\u00f6z\u00fcmd\u00fcr\u2019 diyenlere kat\u0131lmad\u0131\u011f\u0131m\u0131z\u0131 2002 y\u0131l\u0131ndan bu yana vurgulad\u0131k.&#8221;<\/p>\n<p style=\"text-align: justify;\"><strong>Art\u0131k bal\u0131k tutmay\u0131 \u00f6\u011frendik<\/strong><\/p>\n<p style=\"text-align: justify;\">T\u00fcrkiye\u2019nin art\u0131k AB\u2019nin kap\u0131s\u0131nda el pen\u00e7e divan duracak bir \u00fclke olmad\u0131\u011f\u0131n\u0131 vurgulayan Bakan Ba\u011f\u0131\u015f, \u015funlar\u0131 kaydetti:<\/p>\n<p style=\"text-align: justify;\">\u201cBana baz\u0131 gazeteci arkada\u015flar, \u2018Say\u0131n Ba\u015fbakan\u0131n K\u0131br\u0131s\u2019taki a\u00e7\u0131klamalar\u0131 sizin i\u015finizi zora sokmaz m\u0131?\u2019 diye soruyor. Ben AB\u2019nin bakan\u0131 de\u011filim. Ben T\u00fcrkiye Cumhuriyeti\u2019nin bir h\u00fck\u00fcmet \u00fcyesiyim ve T\u00fcrkiye Cumhuriyeti\u2019nin AB\u2019den sorumlu bakan\u0131y\u0131m. T\u00fcrkiye\u2019nin \u00e7\u0131karlar\u0131n\u0131 uygulamak benim g\u00f6revimdir. Tabi\u00ee ki \u00fclkemizin \u00e7\u0131karlar\u0131n\u0131 savunaca\u011f\u0131m. Biz gerekirse \u2018Kopenhag Siyasi Kriterleri\u2019nin ad\u0131n\u0131 Ankara Siyasi Kriterleri olarak koyar\u0131z ve ayn\u0131 kalk\u0131nma hamlelerini ger\u00e7ekle\u015ftiririz. Biz art\u0131k bal\u0131k tutmay\u0131 \u00f6\u011frendik.&#8221;<\/p>\n<p style=\"text-align: justify;\"><strong>Muz kabu\u011funa basmay\u0131n<\/strong><\/p>\n<p style=\"text-align: justify;\">Bakan Ba\u011f\u0131\u015f, Ba\u015fbakan Erdo\u011fan&#8217;\u0131n uyar\u0131s\u0131yla, AB&#8217;nin yanl\u0131\u015ftan d\u00f6nmesi i\u00e7in b\u00fcy\u00fck bir f\u0131rsat oldu\u011funun alt\u0131n\u0131 \u00e7izerek, \u015f\u00f6yle dedi;<\/p>\n<p style=\"text-align: justify;\">&#8220;K\u0131br\u0131s meselesi, bu kadar muz \u00e7ift\u00e7isinin aras\u0131ndayken \u00f6zellikle vurgulamak istiyorum, AB\u2019nin yoluna konulmu\u015f muz kabu\u011fudur. K\u0131br\u0131s Rum Y\u00f6netimi\u2019nin AB \u00fcyesi bir \u00fclke s\u0131fat\u0131yla d\u00f6nem ba\u015fkan\u0131 oldu\u011fu g\u00fcn, o muz kabu\u011funa AB Kurumu\u2019nun basaca\u011f\u0131 g\u00fcnd\u00fcr. Biz onlar\u0131 uyar\u0131yoruz. \u2018Orada muz kabu\u011fu var, basmay\u0131n\u2019 diyoruz. Yanl\u0131\u015f yapars\u0131n\u0131z. \u00c7\u00fcnk\u00fc AB\u2019nin ger\u00e7ekten bir bar\u0131\u015f projesi olmas\u0131n\u0131 istiyorsak, 2012 \u00f6ncesi adada, iki kesimli, siyasi e\u015fitli\u011fe dayal\u0131 iki kurucu devletin kuraca\u011f\u0131 bir federasyonun olu\u015fmas\u0131, herkesin huzuru a\u00e7\u0131s\u0131ndan \u00f6nemlidir. KKTC asla kendi kaderine terk edilen bir \u00fclke de\u011fildir. T\u00fcrkiye hi\u00e7bir zaman oradaki karde\u015flerimizi yaln\u0131z b\u0131rakmam\u0131\u015ft\u0131r. Hi\u00e7bir zaman da ba\u015f\u0131bo\u015f b\u0131rakmaz.&#8221;<\/p>\n<p style=\"text-align: justify;\"><strong>Rumlar\u0131n \u00e7ileden \u00e7\u0131kt\u0131\u011f\u0131na \u015fahit olduk<\/strong><\/p>\n<p style=\"text-align: justify;\">K\u0131br\u0131s\u2019a Ba\u015fbakan Erdo\u011fan ile yapt\u0131klar\u0131 ziyareti anlatan Ba\u011f\u0131\u015f, \u201cSay\u0131n Ba\u015fbakan\u0131m\u0131z ger\u00e7ekleri hayk\u0131r\u0131nca, Rumlar\u0131n nas\u0131l \u00e7ileden \u00e7\u0131kt\u0131klar\u0131na hep beraber \u015fahitlik yapt\u0131k. Ba\u015fbakan\u0131m\u0131z\u0131n dile getirdiklerini \u2018\u00fcltimatom\u2019 diye alg\u0131layan liderlerin de asl\u0131nda b\u00fcy\u00fck bir yan\u0131lg\u0131 ve hezeyan i\u00e7inde olduklar\u0131n\u0131 b\u00fct\u00fcn d\u00fcnya g\u00f6rmeye ba\u015flad\u0131&#8221; derken, &#8220;T\u00fcrkiye\u2019nin kaderi ile KKTC\u2019nin kaderi birdir&#8221; dedi.<\/p>\n<p style=\"text-align: justify;\"><strong>Papaza k\u0131z\u0131p oru\u00e7 bozmay\u0131z<\/strong><\/p>\n<p style=\"text-align: justify;\">AB \u00fcyesi \u00fclkelerin makul hakkaniyet i\u00e7erisinde ad\u0131m atmalar\u0131 halinde T\u00fcrkiye&#8217;nin varaca\u011f\u0131 noktan\u0131n &#8216;tam \u00fcyelik&#8217; oldu\u011funa i\u015faret eden Bakan Ba\u011f\u0131\u015f, &#8220;Biz ba\u015fka bir \u015fey de kabul etmeyiz. Onlar istese de istemese de biz o standartlar\u0131 yakalayaca\u011f\u0131z. Anadolu da sevdi\u011fim g\u00fczel bir s\u00f6z var, papaza k\u0131z\u0131p oru\u00e7 bozacak halimiz yok. Bizim demokratikle\u015fme, \u015feffafla\u015fma konusunda att\u0131\u011f\u0131m\u0131z ad\u0131mlar, art\u0131k geri d\u00f6n\u00fclmeyecek ad\u0131mlard\u0131r&#8221; diye konu\u015ftu.<\/p>\n<p style=\"text-align: justify;\">Konu\u015fmas\u0131 s\u0131ras\u0131nda k\u0131sa s\u00fcreli\u011fine elektri\u011fin kesilmesi \u00fczerine Ba\u011f\u0131\u015f, \u201cElektriklerin kesilmi\u015f olmas\u0131 bizi susturamaz. Biz konu\u015fmaya devam edece\u011fiz&#8221; yorumunu yapt\u0131. Ba\u011f\u0131\u015f yakla\u015f\u0131k yar\u0131m saatlik konu\u015fmas\u0131n\u0131n ard\u0131ndan Ak Parti \u0130l\u00e7e Ba\u015fkanl\u0131\u011f\u0131n\u0131 ziyaret etti.<\/p>\n<p style=\"text-align: justify;\"><a href=\"http:\/\/www.cnnturk.com\/2011\/turkiye\/07\/21\/bagistan.abye.kibris.uyarisi.muz.kabuguna.basmayin\/623646.0\/index.html\" target=\"_blank\">Kaynak : CNN T\u00dcRK<\/a><\/p>\n","protected":false},"excerpt":{"rendered":"<p style=\"text-align: justify;\">\n<p style=\"text-align: justify;\">K\u0131br\u0131s konusunda AB&#8217;yi uyaran Avrupa Birli\u011fi Bakan\u0131 Egemen Ba\u011f\u0131\u015f,&#8221;K\u0131br\u0131s meselesi, AB\u2019nin yoluna konulmu\u015f muz kabu\u011fudur&#8221; dedi.<\/p>\n<p style=\"text-align: justify;\">Alanya&#8217;da Muz \u00dcreticileri Birli\u011fi\u2019nin &#8216;Avrupa T\u00fcrkiye Muz Ba\u011flant\u0131s\u0131 Projesi&#8217; tan\u0131t\u0131m toplant\u0131s\u0131nda konu\u015fan Avrupa Birli\u011fi Bakan\u0131 Egemen Ba\u011f\u0131\u015f, \u201cK\u0131br\u0131s meselesi, AB\u2019nin yoluna konulmu\u015f muz kabu\u011fudur. K\u0131br\u0131s Rum Y\u00f6netimi\u2019nin AB \u00fcyesi bir \u00fclke s\u0131fat\u0131yla <\/p>\n","protected":false},"author":1,"featured_media":0,"comment_status":"open","ping_status":"open","sticky":false,"template":"","format":"standard","meta":{"footnotes":""},"categories":[105],"tags":[],"class_list":["post-37128","post","type-post","status-publish","format-standard","hentry","category-gundem","odd"],"_links":{"self":[{"href":"http:\/\/www.korhanyilmaz.com\/index.php?rest_route=\/wp\/v2\/posts\/37128","targetHints":{"allow":["GET"]}}],"collection":[{"href":"http:\/\/www.korhanyilmaz.com\/index.php?rest_route=\/wp\/v2\/posts"}],"about":[{"href":"http:\/\/www.korhanyilmaz.com\/index.php?rest_route=\/wp\/v2\/types\/post"}],"author":[{"embeddable":true,"href":"http:\/\/www.korhanyilmaz.com\/index.php?rest_route=\/wp\/v2\/users\/1"}],"replies":[{"embeddable":true,"href":"http:\/\/www.korhanyilmaz.com\/index.php?rest_route=%2Fwp%2Fv2%2Fcomments&post=37128"}],"version-history":[{"count":0,"href":"http:\/\/www.korhanyilmaz.com\/index.php?rest_route=\/wp\/v2\/posts\/37128\/revisions"}],"wp:attachment":[{"href":"http:\/\/www.korhanyilmaz.com\/index.php?rest_route=%2Fwp%2Fv2%2Fmedia&parent=37128"}],"wp:term":[{"taxonomy":"category","embeddable":true,"href":"http:\/\/www.korhanyilmaz.com\/index.php?rest_route=%2Fwp%2Fv2%2Fcategories&post=37128"},{"taxonomy":"post_tag","embeddable":true,"href":"http:\/\/www.korhanyilmaz.com\/index.php?rest_route=%2Fwp%2Fv2%2Ftags&post=37128"}],"curies":[{"name":"wp","href":"https:\/\/api.w.org\/{rel}","templated":true}]}}