{"id":37122,"date":"2011-07-21T15:38:33","date_gmt":"2011-07-21T12:38:33","guid":{"rendered":"http:\/\/www.korhanyilmaz.com\/?p=37122"},"modified":"2011-07-21T18:02:37","modified_gmt":"2011-07-21T15:02:37","slug":"rumlar-erdogani-bmye-sikayet-etti","status":"publish","type":"post","link":"http:\/\/www.korhanyilmaz.com\/?p=37122","title":{"rendered":"Rumlar Erdo\u011fan&#8217;\u0131 BM&#8217;ye \u015fikayet etti"},"content":{"rendered":"<p style=\"text-align: center;\"><a href=\"http:\/\/www.korhanyilmaz.com\/wp-content\/uploads\/2011\/07\/1687.jpg\"  class=\"lightview\"><img loading=\"lazy\" decoding=\"async\" class=\"aligncenter size-full wp-image-37126\" src=\"http:\/\/www.korhanyilmaz.com\/wp-content\/uploads\/2011\/07\/1687.jpg\" alt=\"\" width=\"307\" height=\"236\" \/><\/a><\/p>\n<p style=\"text-align: justify;\">K\u0131br\u0131s Rum y\u00f6netimi, Ba\u015fbakan Erdo\u011fan&#8217;\u0131n KKTC&#8217;yi ziyareti s\u0131ras\u0131nda yapt\u0131\u011f\u0131 a\u00e7\u0131klamalar nedeniyle , BM&#8217;deki daimi temsilcisi kanal\u0131yla BM&#8217;ye \u015fikayette bulundu.<\/p>\n<p style=\"text-align: justify;\">Rum bas\u0131n\u0131na g\u00f6re, BM&#8217;deki Rum Daimi Temsilci Minas Hacimihail, BM Sekreterli\u011fi \u00fcst d\u00fczey yetkilileri nezdinde giri\u015fimde bulundu. <!--more--><\/p>\n<p style=\"text-align: justify;\">Hacimihail, &#8220;Erdo\u011fan&#8217;\u0131n s\u00f6zleri ile uzla\u015f\u0131lm\u0131\u015f m\u00fczakere zemininin alabora oldu\u011funu ve bunun BM Genel Sekreteri&#8217;nin Cenevre&#8217;deki a\u00e7\u0131klamalar\u0131na uygun olmad\u0131\u011f\u0131n\u0131&#8221; \u00f6ne s\u00fcrerek, BM&#8217;den, Erdo\u011fan&#8217;\u0131n s\u00f6zlerinin, Genel Sekreter&#8217;in, \u00f6n\u00fcm\u00fczdeki hafta G\u00fcvenlik Konseyi&#8217;ne sunulacak iyi niyet misyonu raporuna al\u0131nmas\u0131 talebinde bulundu.<\/p>\n<p style=\"text-align: justify;\">Fileleftheros gazetesi, Ba\u015fbakan Erdo\u011fan&#8217;\u0131n s\u00f6zleriyle, &#8220;K\u0131br\u0131s T\u00fcrk taraf\u0131n\u0131n K\u0131br\u0131s sorunundaki hareket \u00e7er\u00e7evesini teyit ederek \u00e7\u00f6z\u00fcm perspektifleri konusunda kepenkleri indirdi\u011fi&#8221; iddias\u0131nda bulundu.<\/p>\n<p style=\"text-align: justify;\"><strong>Siyasilerin tepkisi<\/strong><\/p>\n<p style=\"text-align: justify;\">K\u0131br\u0131s Rum kesiminde bulunan Yunanistan Savunma Bakan\u0131 Panos Beglitis ise Rum Ortodoks Kilisesi Ba\u015fpiskoposu 2. Hrisostomos&#8217;la g\u00f6r\u00fc\u015fmesinin ard\u0131ndan yapt\u0131\u011f\u0131 a\u00e7\u0131klamada, Erdo\u011fan&#8217;\u0131n s\u00f6zlerini &#8220;kabul edilemez&#8221; olarak niteledi.<\/p>\n<p style=\"text-align: justify;\">T\u00fcrk askerinin adadan \u00e7ekilmesi konusunu yeniden g\u00fcndeme getirmeleri gerekti\u011fini s\u00f6yleyen Beglitis, Ba\u015fbakan Erdo\u011fan&#8217;\u0131n KKTC&#8217;deki s\u00f6zleriyle &#8220;samimi olmad\u0131\u011f\u0131n\u0131 bir kez daha teyit etti\u011fini&#8221; iddia etti.<\/p>\n<p style=\"text-align: justify;\">Rum y\u00f6netimi S\u00f6zc\u00fc Stefanos Stefanu, KKTC&#8217;de s\u00f6ylenenlerin, &#8220;T\u00fcrkiye&#8217;nin ger\u00e7ek niyetini g\u00f6sterdi\u011fi&#8221; yorumunu yapt\u0131.<\/p>\n<p style=\"text-align: justify;\">Rum Meclis Ba\u015fkan\u0131 Yannakis Omiru, Erdo\u011fan&#8217;\u0131n s\u00f6zlerini, &#8220;kabul edilemez&#8221; olarak niteledi ve &#8220;Sorumluluklar\u0131m\u0131z\u0131 almam\u0131z\u0131n, stratejimizi de\u011fi\u015ftirmemizin, T\u00fcrk davran\u0131\u015flar\u0131n\u0131 BM&#8217;ye \u015fikayet etmemizin zaman\u0131 gelmi\u015ftir&#8221; dedi.<\/p>\n<p style=\"text-align: justify;\">AKEL Genel Sekreteri Andros Kiprianu da &#8220;Bu t\u00fcr yakla\u015f\u0131mlarla K\u0131br\u0131s sorununa \u00e7\u00f6z\u00fcm bulunamayaca\u011f\u0131 g\u00f6r\u00fc\u015f\u00fc tamamen hakl\u0131d\u0131r. Biz \u00e7\u00f6z\u00fcm \u00e7abalar\u0131m\u0131za devam etmek, de\u011ferlendirmek ve m\u00fcmk\u00fcn olmazsa, en az\u0131ndan uluslararas\u0131 camiaya K\u0131br\u0131s sorununun \u00e7\u00f6z\u00fcms\u00fczl\u00fc\u011f\u00fcnden kimin sorumlu oldu\u011funu g\u00f6stermek zorunday\u0131z&#8221; iddias\u0131nda bulundu.<\/p>\n<p style=\"text-align: justify;\"><a href=\"http:\/\/www.cnnturk.com\/2011\/dunya\/07\/21\/rumlar.erdogani.bmye.sikayet.etti\/623615.0\/index.html\" target=\"_blank\">Kaynak : CNN T\u00dcRK<\/a><\/p>\n","protected":false},"excerpt":{"rendered":"<p style=\"text-align: center;\">\n<p style=\"text-align: justify;\">K\u0131br\u0131s Rum y\u00f6netimi, Ba\u015fbakan Erdo\u011fan&#8217;\u0131n KKTC&#8217;yi ziyareti s\u0131ras\u0131nda yapt\u0131\u011f\u0131 a\u00e7\u0131klamalar nedeniyle , BM&#8217;deki daimi temsilcisi kanal\u0131yla BM&#8217;ye \u015fikayette bulundu.<\/p>\n<p style=\"text-align: justify;\">Rum bas\u0131n\u0131na g\u00f6re, BM&#8217;deki Rum Daimi Temsilci Minas Hacimihail, BM Sekreterli\u011fi \u00fcst d\u00fczey yetkilileri nezdinde giri\u015fimde bulundu. <\/p>\n","protected":false},"author":1,"featured_media":0,"comment_status":"open","ping_status":"open","sticky":false,"template":"","format":"standard","meta":{"footnotes":""},"categories":[105],"tags":[],"class_list":["post-37122","post","type-post","status-publish","format-standard","hentry","category-gundem","odd"],"_links":{"self":[{"href":"http:\/\/www.korhanyilmaz.com\/index.php?rest_route=\/wp\/v2\/posts\/37122","targetHints":{"allow":["GET"]}}],"collection":[{"href":"http:\/\/www.korhanyilmaz.com\/index.php?rest_route=\/wp\/v2\/posts"}],"about":[{"href":"http:\/\/www.korhanyilmaz.com\/index.php?rest_route=\/wp\/v2\/types\/post"}],"author":[{"embeddable":true,"href":"http:\/\/www.korhanyilmaz.com\/index.php?rest_route=\/wp\/v2\/users\/1"}],"replies":[{"embeddable":true,"href":"http:\/\/www.korhanyilmaz.com\/index.php?rest_route=%2Fwp%2Fv2%2Fcomments&post=37122"}],"version-history":[{"count":0,"href":"http:\/\/www.korhanyilmaz.com\/index.php?rest_route=\/wp\/v2\/posts\/37122\/revisions"}],"wp:attachment":[{"href":"http:\/\/www.korhanyilmaz.com\/index.php?rest_route=%2Fwp%2Fv2%2Fmedia&parent=37122"}],"wp:term":[{"taxonomy":"category","embeddable":true,"href":"http:\/\/www.korhanyilmaz.com\/index.php?rest_route=%2Fwp%2Fv2%2Fcategories&post=37122"},{"taxonomy":"post_tag","embeddable":true,"href":"http:\/\/www.korhanyilmaz.com\/index.php?rest_route=%2Fwp%2Fv2%2Ftags&post=37122"}],"curies":[{"name":"wp","href":"https:\/\/api.w.org\/{rel}","templated":true}]}}