{"id":3711,"date":"2009-02-26T18:51:45","date_gmt":"2009-02-26T16:51:45","guid":{"rendered":"http:\/\/www.korhanyilmaz.com\/?p=3711"},"modified":"2009-02-26T18:51:45","modified_gmt":"2009-02-26T16:51:45","slug":"3-pilot-motoru-durdurdu","status":"publish","type":"post","link":"http:\/\/www.korhanyilmaz.com\/?p=3711","title":{"rendered":"3. pilot motoru durdurdu!"},"content":{"rendered":"<p><img loading=\"lazy\" decoding=\"async\" class=\"aligncenter size-full wp-image-3712\" title=\"3. pilot motoru durdurdu! \" src=\"http:\/\/www.korhanyilmaz.com\/wp-content\/uploads\/2009\/02\/260220091900397289332.jpg\" alt=\"3. pilot motoru durdurdu! \" width=\"320\" height=\"100\" \/><\/p>\n<p style=\"text-align: justify;\"><strong>Der Spiegel&#8217;den \u015foke eden iddia<\/strong><\/p>\n<p style=\"text-align: justify;\">Alman Der Spiegel dergisinin internet sitesinde Amsterdam&#8217;da inerken yere \u00e7ak\u0131lan THY u\u00e7a\u011f\u0131yla ilgili \u015fa\u015f\u0131rt\u0131c\u0131 bir iddia yay\u0131mland\u0131.<\/p>\n<p style=\"text-align: justify;\">Site havac\u0131l\u0131k uzmanlar\u0131na dayand\u0131rarak haz\u0131rlad\u0131\u011f\u0131 haberde 29 ya\u015f\u0131ndaki 3. Pilot Olgay \u00d6zg\u00fcr&#8217;\u00fcn u\u00e7a\u011f\u0131 indirmek \u00fczere motorlar\u0131 yava\u015flatmaya \u00e7al\u0131\u015f\u0131rken yanl\u0131\u015fl\u0131kla tamamen durdurdu\u011fu y\u00f6n\u00fcndeki ihtimalinin a\u011f\u0131rl\u0131k kazand\u0131\u011f\u0131n\u0131 \u00f6ne s\u00fcrd\u00fc.<br \/>\n\u00dc\u00e7\u00fcnc\u00fc pilotun hatas\u0131n\u0131 fark eden  Kaptan Pilot Hasan Tahsin Ar\u0131san hemen devreye girdi ancak  u\u00e7a\u011f\u0131 kurtaramad\u0131.. <!--more-->Haberde \u015fu ifedelere yer verildi. &#8220;U\u00e7a\u011f\u0131n 3. Pilotu 29 ya\u015f\u0131ndaki Olgay \u00d6zg\u00fcr, Boeing 737-800 tipi u\u00e7aklar i\u00e7in e\u011fitim al\u0131yordu, ancak 2004 y\u0131l\u0131ndan beri pilot lisans\u0131 bulunuyordu. U\u00e7a\u011f\u0131n d\u00fc\u015fmesinin sebebi iki motorun da durmas\u0131. Uzmanlara g\u00f6re tahminen motorlarla ilgili bir \u015fey yanl\u0131\u015f gitmi\u015f. Pilotun teknik sebeplerden dolay\u0131 inmeye \u00e7al\u0131\u015ft\u0131\u011f\u0131n\u0131, ancak ivme kaybederek d\u00fc\u015ft\u00fc\u011f\u00fcn\u00fc belirtiyor. Burada 3. Pilot&#8217;un u\u00e7a\u011f\u0131 kulland\u0131\u011f\u0131n\u0131 ve son anda kaptan pilotun (kontrol\u00fc) devrald\u0131\u011f\u0131 ihtimalini \u00f6n plana \u00e7\u0131kar\u0131yorlar. &#8221;<br \/>\nDelft Teknik \u00dcniversitesi&#8217;nden aerodinamik uzman\u0131 Michel van Tooren de, kaza s\u0131ras\u0131nda r\u00fczg\u00e2r\u0131n bir etken olmad\u0131\u011f\u0131n\u0131, u\u00e7a\u011f\u0131n a\u015f\u0131r\u0131 h\u0131z kayb\u0131ndan \u00f6t\u00fcr\u00fc kald\u0131rma kuvvetini kaybetti\u011fini ve bu y\u00fczden &#8220;g\u00f6kten d\u00fc\u015fen bir ta\u015f gibi&#8221; yere d\u00fc\u015ft\u00fc\u011f\u00fcn\u00fc ifade etti.\n<\/p>\n<p style=\"text-align: justify;\"><span style=\"color: #888888;\">Kaynak : Vatan Gazetesi<\/span><\/p>\n","protected":false},"excerpt":{"rendered":"<\/p>\n<p style=\"text-align: justify;\">Der Spiegel&#8217;den \u015foke eden iddia<\/p>\n<p style=\"text-align: justify;\">Alman Der Spiegel dergisinin internet sitesinde Amsterdam&#8217;da inerken yere \u00e7ak\u0131lan THY u\u00e7a\u011f\u0131yla ilgili \u015fa\u015f\u0131rt\u0131c\u0131 bir iddia yay\u0131mland\u0131.<\/p>\n<p style=\"text-align: justify;\">Site havac\u0131l\u0131k uzmanlar\u0131na dayand\u0131rarak haz\u0131rlad\u0131\u011f\u0131 haberde 29 ya\u015f\u0131ndaki 3. Pilot Olgay \u00d6zg\u00fcr&#8217;\u00fcn u\u00e7a\u011f\u0131 indirmek \u00fczere motorlar\u0131 yava\u015flatmaya \u00e7al\u0131\u015f\u0131rken yanl\u0131\u015fl\u0131kla tamamen durdurdu\u011fu y\u00f6n\u00fcndeki ihtimalinin a\u011f\u0131rl\u0131k kazand\u0131\u011f\u0131n\u0131 \u00f6ne <\/p>\n","protected":false},"author":1,"featured_media":0,"comment_status":"open","ping_status":"closed","sticky":false,"template":"","format":"standard","meta":{"footnotes":""},"categories":[105],"tags":[],"class_list":["post-3711","post","type-post","status-publish","format-standard","hentry","category-gundem","odd"],"_links":{"self":[{"href":"http:\/\/www.korhanyilmaz.com\/index.php?rest_route=\/wp\/v2\/posts\/3711","targetHints":{"allow":["GET"]}}],"collection":[{"href":"http:\/\/www.korhanyilmaz.com\/index.php?rest_route=\/wp\/v2\/posts"}],"about":[{"href":"http:\/\/www.korhanyilmaz.com\/index.php?rest_route=\/wp\/v2\/types\/post"}],"author":[{"embeddable":true,"href":"http:\/\/www.korhanyilmaz.com\/index.php?rest_route=\/wp\/v2\/users\/1"}],"replies":[{"embeddable":true,"href":"http:\/\/www.korhanyilmaz.com\/index.php?rest_route=%2Fwp%2Fv2%2Fcomments&post=3711"}],"version-history":[{"count":0,"href":"http:\/\/www.korhanyilmaz.com\/index.php?rest_route=\/wp\/v2\/posts\/3711\/revisions"}],"wp:attachment":[{"href":"http:\/\/www.korhanyilmaz.com\/index.php?rest_route=%2Fwp%2Fv2%2Fmedia&parent=3711"}],"wp:term":[{"taxonomy":"category","embeddable":true,"href":"http:\/\/www.korhanyilmaz.com\/index.php?rest_route=%2Fwp%2Fv2%2Fcategories&post=3711"},{"taxonomy":"post_tag","embeddable":true,"href":"http:\/\/www.korhanyilmaz.com\/index.php?rest_route=%2Fwp%2Fv2%2Ftags&post=3711"}],"curies":[{"name":"wp","href":"https:\/\/api.w.org\/{rel}","templated":true}]}}