{"id":37104,"date":"2011-07-20T18:57:45","date_gmt":"2011-07-20T15:57:45","guid":{"rendered":"http:\/\/www.korhanyilmaz.com\/?p=37104"},"modified":"2011-07-20T23:45:00","modified_gmt":"2011-07-20T20:45:00","slug":"ergenekon-davasi-aihme-gitti","status":"publish","type":"post","link":"http:\/\/www.korhanyilmaz.com\/?p=37104","title":{"rendered":"&#8220;Ergenekon&#8221; davas\u0131 A\u0130HM&#8217;e gitti"},"content":{"rendered":"<p style=\"text-align: center;\"><a href=\"http:\/\/www.korhanyilmaz.com\/wp-content\/uploads\/2011\/07\/1682.jpg\"  class=\"lightview\"><img loading=\"lazy\" decoding=\"async\" class=\"aligncenter size-full wp-image-37105\" src=\"http:\/\/www.korhanyilmaz.com\/wp-content\/uploads\/2011\/07\/1682.jpg\" alt=\"\" width=\"307\" height=\"236\" \/><\/a><\/p>\n<p style=\"text-align: justify;\">&#8220;Ergenekon&#8221; soru\u015fturmas\u0131 kapsam\u0131nda tutuklanan OdaTv internet sitesi y\u00f6neticileri Do\u011fan Yurdakul ile Bar\u0131\u015f Terko\u011flu&#8217;nun da aralar\u0131nda bulundu\u011fu 4 ki\u015fi, soru\u015fturmada Avrupa \u0130nsan Haklar\u0131 S\u00f6zle\u015fmesi&#8217;nin (A\u0130HS) 5, 6, 10 ve 13. maddelerine ayk\u0131r\u0131 davran\u0131ld\u0131\u011f\u0131n\u0131 \u00f6ne s\u00fcrerek bunun tespiti talebiyle A\u0130HM&#8217;e ba\u015fvurdu. <!--more--><\/p>\n<p style=\"text-align: justify;\">OdaTv internet sitesi y\u00f6neticileri Do\u011fan Yurdakul, Bar\u0131\u015f Terko\u011flu, Co\u015fkun Musluk ve Sait \u00c7ak\u0131r&#8217;\u0131n avukatlar\u0131 Celal \u00dclgen ile H\u00fcseyin Ers\u00f6z taraf\u0131ndan haz\u0131rlanan 4 ayr\u0131 ba\u015fvuru dilek\u00e7esinde, Yurdakul, Terko\u011flu, Musluk ve \u00c7ak\u0131r&#8217;\u0131n Devlet G\u00fcvenlik Mahkemeleri yerine kurulan \u00f6zel yetkili \u0130stanbul 10 ve 12. A\u011f\u0131r Ceza Mahkemesi N\u00f6bet\u00e7i Hakimli\u011fince tutukland\u0131\u011f\u0131 belirtildi.<\/p>\n<p style=\"text-align: justify;\">S\u00f6z konusu kararlarda, tutuklama gerek\u00e7esi olarak &#8220;su\u00e7lar\u0131n vas\u0131f ve mahiyeti, mevcut delil durumu, soru\u015fturma dosyas\u0131n\u0131n kapsam\u0131, ileti\u015fimin tespiti tutanaklar\u0131n\u0131n i\u00e7erikleri, daha \u00f6nce iddia olunan Ergenekon Soru\u015fturmas\u0131 kapsam\u0131nda OdaTv&#8217;de yap\u0131lan aramalarda ele ge\u00e7irilen belge ve bilgilerin g\u00f6sterildi\u011fi belirtilen dilek\u00e7ede, bu kararlar\u0131n soyut, genel ve kal\u0131p ifadelerden olu\u015ftu\u011fu savunuldu.<\/p>\n<p style=\"text-align: justify;\">Karara bir\u00e7ok kez itirazda bulunuldu\u011fu, bu itirazlar\u0131n da benzer soyut ve kal\u0131p gerek\u00e7elerle reddedildi\u011fi kaydedilen dilek\u00e7elerde \u015f\u00f6yle denildi: &#8220;Soru\u015fturma dosyas\u0131 \u00fczerinde Ter\u00f6rle M\u00fccadele Kanunu&#8217;nun 10\/d maddesi uyar\u0131nca k\u0131s\u0131tlama karar\u0131 al\u0131nm\u0131\u015f ve savunma makam\u0131n\u0131n tutuklamaya esas delillere bu yolla ula\u015fmas\u0131 engellenmi\u015ftir. Taraf\u0131m\u0131zdan CMK 153\/3 maddesine dayanarak k\u0131s\u0131tlama karar\u0131 kapsam\u0131nda olmayan bilirki\u015fi raporlar\u0131 ile savc\u0131l\u0131k sorgusu s\u0131ras\u0131nda y\u00f6neltilen sorulara esas delillerin bir kopyas\u0131n\u0131n verilmesi talep edilmi\u015fse de bu taleplerimizde hukuka ayk\u0131r\u0131 olarak reddedilmi\u015ftir. Bu noktada ba\u015fvurucu, hakk\u0131ndaki isnatlardan habersiz ve delillere ula\u015fma imkan\u0131ndan uzak bir durumda 5 aya yak\u0131n bir s\u00fcredir tutuklu bulunmaktad\u0131r.&#8221;<\/p>\n<p style=\"text-align: justify;\"><strong>&#8216;Truva at\u0131&#8217;<\/strong><\/p>\n<p style=\"text-align: justify;\">Ba\u015fvurucular\u0131n kariyerlerine ili\u015fkin bilgiler verilen dilek\u00e7elerde, OdaTv isimli internet haber sitesinin \u015firket merkezinde yer alan bilgisayarlardan ele ge\u00e7ti\u011fi iddia olunan dijital dok\u00fcmanlarla ilgili olarak Prof. Dr. Ufuk \u00c7a\u011flayan&#8217;a bilirki\u015fi incelemesi yapt\u0131r\u0131ld\u0131\u011f\u0131 ifade edildi.<\/p>\n<p style=\"text-align: justify;\">Dilek\u00e7elerde, Prof. Dr. \u00c7a\u011flayan&#8217;\u0131n bilirki\u015fi raporunda, &#8220;Yukar\u0131daki tabloda dikkati \u00e7eken nokta, dosyalar\u0131n ayn\u0131 tarih ve zamanda bir dakikal\u0131k bir zaman dilimi i\u00e7inde yarat\u0131l\u0131p silindi\u011fidir. Normal olarak bir dosya yarat\u0131ld\u0131ktan sonra \u00fczerinde belli i\u015flemler yap\u0131l\u0131p ya ba\u015fkas\u0131na g\u00f6nderilecek ve silinecek ya da i\u015flemlerin bo\u015funa yap\u0131ld\u0131\u011f\u0131 anla\u015f\u0131ld\u0131\u011f\u0131 i\u00e7in \u00e7\u00f6pe at\u0131lacak fakat her hal\u00fckarda bu i\u015flemler aras\u0131nda dakikalar ge\u00e7ecektir. Dosyalar\u0131n ayn\u0131 zamanda bir dakikal\u0131k bir zaman dilimi i\u00e7inde yarat\u0131l\u0131p silinmesi normal bir bilgisayar kullan\u0131m\u0131na i\u015faret etmemektedir. B\u00f6yle bir durumda, dosyalar\u0131n bir vir\u00fcs ya da &#8216;Truva at\u0131&#8217; arac\u0131l\u0131\u011f\u0131 ile yarat\u0131l\u0131p silinmi\u015f olmas\u0131 ihtimali b\u00fcy\u00fckt\u00fcr&#8221; ifadelerine yer verildi\u011fine dikkat \u00e7ekildi.<\/p>\n<p style=\"text-align: justify;\">S\u00f6z konusu raporun savc\u0131l\u0131\u011fa sunuldu\u011fu ancak tutukluluk durumunda bir de\u011fi\u015fiklik olmad\u0131\u011f\u0131 belirtilen dilek\u00e7elerde, &#8220;Aksine bu de\u011ferlendirmelerimizin kamuoyu ile payla\u015f\u0131lmas\u0131n\u0131n ard\u0131ndan CMK 134. madde \u00e7er\u00e7evesinde taraf\u0131m\u0131za verilmi\u015f olan hard disk as\u0131llar\u0131 ile imajlar\u0131n\u0131n da toplat\u0131lmas\u0131 i\u00e7in \u0130stanbul 12. A\u011f\u0131r Ceza Mahkemesi N\u00f6bet\u00e7i Hakimli\u011finden karar \u00e7\u0131kart\u0131lm\u0131\u015ft\u0131r. S\u00f6z konusu karar\u0131n ard\u0131ndan Ter\u00f6rle M\u00fccadele \u015eube M\u00fcd\u00fcrl\u00fc\u011f\u00fcnde g\u00f6revli polisler dosya kapsam\u0131nda \u015f\u00fcpheli konumunda olan ki\u015filerin avukatlar\u0131n\u0131 telefonla aramak suretiyle ellerinde bulunan hard disk as\u0131llar\u0131 ile imajlar\u0131n\u0131 talep etmi\u015fler, geri vermedikleri takdirde ise ter\u00f6r \u00f6rg\u00fct\u00fcne yard\u0131m ve yatakl\u0131k su\u00e7lamas\u0131ndan haklar\u0131nda soru\u015fturma ba\u015flat\u0131labilece\u011fi uyar\u0131s\u0131nda bulunmu\u015flard\u0131r. Bu durum a\u00e7\u0131k bir \u015fekilde savunma makam\u0131n\u0131n bask\u0131 alt\u0131na al\u0131nmas\u0131 anlam\u0131na gelmektedir&#8221; denildi.<\/p>\n<p style=\"text-align: justify;\">Durumun bas\u0131n \u00f6zg\u00fcrl\u00fc\u011f\u00fcn\u00fc d\u00fczenleyen Anayasa&#8217;n\u0131n 28. maddesi ile ifade \u00f6zg\u00fcrl\u00fc\u011f\u00fcn\u00fc d\u00fczenleyen A\u0130HS&#8217;in 10. maddesine ayk\u0131r\u0131l\u0131k olu\u015fturdu\u011fu belirtilen dilek\u00e7elerde, tutuklulu\u011fun bu haliyle s\u00fcrd\u00fcr\u00fclmesinin de kararlar\u0131n gerek\u00e7eli olmas\u0131 gerekti\u011fini d\u00fczenleyen Anayasa&#8217;n\u0131n 141. maddesi ile CMK&#8217;n\u0131n 34. maddesine ve adil yarg\u0131lama hakk\u0131n\u0131 d\u00fczenleyen A\u0130HS&#8217;in 6. maddesi ile \u00f6zg\u00fcrl\u00fck hakk\u0131n\u0131 d\u00fczenleyen 5. maddesine ayk\u0131r\u0131l\u0131k olu\u015fturdu\u011fu savunuldu.<\/p>\n<p style=\"text-align: justify;\">Dilek\u00e7elerde, yap\u0131lan hukuka ayk\u0131r\u0131 i\u015flemler nedeniyle A\u0130HS&#8217;in 5, 6, 10 ve 13. maddelerine ayk\u0131r\u0131l\u0131\u011f\u0131n tespitine karar verilmesi istendi.<\/p>\n<p style=\"text-align: justify;\"><a href=\"http:\/\/www.cnnturk.com\/2011\/turkiye\/07\/20\/ergenekon.davasi.aihme.gitti\/623525.0\/index.html\" target=\"_blank\">Kaynak : CNN T\u00dcRK<\/a><\/p>\n","protected":false},"excerpt":{"rendered":"<p style=\"text-align: center;\">\n<p style=\"text-align: justify;\">&#8220;Ergenekon&#8221; soru\u015fturmas\u0131 kapsam\u0131nda tutuklanan OdaTv internet sitesi y\u00f6neticileri Do\u011fan Yurdakul ile Bar\u0131\u015f Terko\u011flu&#8217;nun da aralar\u0131nda bulundu\u011fu 4 ki\u015fi, soru\u015fturmada Avrupa \u0130nsan Haklar\u0131 S\u00f6zle\u015fmesi&#8217;nin (A\u0130HS) 5, 6, 10 ve 13. maddelerine ayk\u0131r\u0131 davran\u0131ld\u0131\u011f\u0131n\u0131 \u00f6ne s\u00fcrerek bunun tespiti talebiyle A\u0130HM&#8217;e ba\u015fvurdu. <\/p>\n","protected":false},"author":1,"featured_media":0,"comment_status":"open","ping_status":"open","sticky":false,"template":"","format":"standard","meta":{"footnotes":""},"categories":[105],"tags":[],"class_list":["post-37104","post","type-post","status-publish","format-standard","hentry","category-gundem","odd"],"_links":{"self":[{"href":"http:\/\/www.korhanyilmaz.com\/index.php?rest_route=\/wp\/v2\/posts\/37104","targetHints":{"allow":["GET"]}}],"collection":[{"href":"http:\/\/www.korhanyilmaz.com\/index.php?rest_route=\/wp\/v2\/posts"}],"about":[{"href":"http:\/\/www.korhanyilmaz.com\/index.php?rest_route=\/wp\/v2\/types\/post"}],"author":[{"embeddable":true,"href":"http:\/\/www.korhanyilmaz.com\/index.php?rest_route=\/wp\/v2\/users\/1"}],"replies":[{"embeddable":true,"href":"http:\/\/www.korhanyilmaz.com\/index.php?rest_route=%2Fwp%2Fv2%2Fcomments&post=37104"}],"version-history":[{"count":0,"href":"http:\/\/www.korhanyilmaz.com\/index.php?rest_route=\/wp\/v2\/posts\/37104\/revisions"}],"wp:attachment":[{"href":"http:\/\/www.korhanyilmaz.com\/index.php?rest_route=%2Fwp%2Fv2%2Fmedia&parent=37104"}],"wp:term":[{"taxonomy":"category","embeddable":true,"href":"http:\/\/www.korhanyilmaz.com\/index.php?rest_route=%2Fwp%2Fv2%2Fcategories&post=37104"},{"taxonomy":"post_tag","embeddable":true,"href":"http:\/\/www.korhanyilmaz.com\/index.php?rest_route=%2Fwp%2Fv2%2Ftags&post=37104"}],"curies":[{"name":"wp","href":"https:\/\/api.w.org\/{rel}","templated":true}]}}