{"id":37100,"date":"2011-07-20T22:08:40","date_gmt":"2011-07-20T19:08:40","guid":{"rendered":"http:\/\/www.korhanyilmaz.com\/?p=37100"},"modified":"2011-07-20T23:36:53","modified_gmt":"2011-07-20T20:36:53","slug":"erdogandan-guney-kibris-iddiasi","status":"publish","type":"post","link":"http:\/\/www.korhanyilmaz.com\/?p=37100","title":{"rendered":"Erdo\u011fan&#8217;dan &#8220;G\u00fcney K\u0131br\u0131s&#8221; iddias\u0131"},"content":{"rendered":"<p style=\"text-align: justify;\"><a href=\"http:\/\/www.korhanyilmaz.com\/wp-content\/uploads\/2011\/07\/1681.jpg\"  class=\"lightview\"><img loading=\"lazy\" decoding=\"async\" class=\"aligncenter size-full wp-image-37101\" src=\"http:\/\/www.korhanyilmaz.com\/wp-content\/uploads\/2011\/07\/1681.jpg\" alt=\"\" width=\"307\" height=\"236\" \/><\/a><\/p>\n<p style=\"text-align: justify;\">Ba\u015fbakan Recep Tayyip Erdo\u011fan, Kuzey K\u0131br\u0131s T\u00fcrk Cumhuriyeti&#8217;nin (KKTC) kamu maliyesi a\u00e7\u0131s\u0131ndan, bug\u00fcn bir\u00e7ok AB \u00fcyesi \u00fclkenin dahi s\u0131n\u0131fta kald\u0131\u011f\u0131 bir s\u0131navda \u00e7ok ba\u015far\u0131l\u0131 sonu\u00e7lar ald\u0131\u011f\u0131n\u0131 belirterek, &#8220;\u0130\u015fte Yunanistan&#8217;\u0131n hali ortada. G\u00fcney K\u0131br\u0131s da ayn\u0131 duruma d\u00fc\u015ferse \u015fa\u015fmay\u0131n&#8221; dedi.<\/p>\n<p style=\"text-align: justify;\">Ba\u015fbakan Erdo\u011fan, KKTC&#8217;deki temaslar\u0131 kapsam\u0131nda Gazima\u011fusa&#8217;da toplu a\u00e7\u0131l\u0131\u015f t\u00f6renine kat\u0131ld\u0131. <!--more--><\/p>\n<p style=\"text-align: justify;\">Konu\u015fmas\u0131na, t\u00f6rene kat\u0131lmaktan ve 61. h\u00fck\u00fcmetin ilk ziyaretini KKTC&#8217;ye yapmaktan duydu\u011fu memnuniyeti dile getirerek ba\u015flayan Erdo\u011fan, &#8220;Sizin sevincinizi payla\u015fmak ve sizlerle kucakla\u015fmak benim i\u00e7in, t\u00fcm bakan ve milletvekili arkada\u015flar\u0131m i\u00e7in daima heyecan verici olmu\u015ftur. Zira K\u0131br\u0131s bizim i\u00e7in m\u00fcbarek \u015fehit kanlar\u0131yla yo\u011frulmu\u015f \u00c7anakkale gibi aziz bir toprakt\u0131r. Burada tarihe istikamet veren ecdad\u0131m\u0131z\u0131n aziz hat\u0131ralar\u0131n\u0131 \u015f\u00fckranla, minnetle yad ediyoruz&#8221; dedi.<\/p>\n<p style=\"text-align: justify;\">Bar\u0131\u015f ve \u00d6zg\u00fcrl\u00fck Bayram\u0131 kutlamalar\u0131na &#8220;eli bo\u015f&#8221; gelmedi\u011fi i\u00e7in mutluluk duydu\u011funu ifade eden Ba\u015fbakan Erdo\u011fan, T\u00fcrkiye&#8217;nin deste\u011fiyle yap\u0131m\u0131 ger\u00e7ekle\u015ftirilen tesislerin KKTC ekonomisine \u00f6nemli katk\u0131 sa\u011flayaca\u011f\u0131na i\u015faret etti.<\/p>\n<p style=\"text-align: justify;\">Ba\u015fbakan Erdo\u011fan, s\u00f6zlerini \u015f\u00f6yle s\u00fcrd\u00fcrd\u00fc: &#8220;KKTC bug\u00fcne kadar, b\u00fct\u00fcn engelleme ve ambargolara ra\u011fmen dimdik ayakta durmay\u0131 ve g\u00fc\u00e7l\u00fcklere kar\u015f\u0131 direnmeyi ba\u015farm\u0131\u015ft\u0131r. KKTC&#8217;nin kendi ayaklar\u0131 \u00fczerinde durmas\u0131 ve ekonomik a\u00e7\u0131dan kendine yeterli hale gelmesi i\u00e7in T\u00fcrkiye Cumhuriyeti olarak elimizden geleni yap\u0131yoruz, yapaca\u011f\u0131z. Bug\u00fcn a\u00e7\u0131l\u0131\u015f\u0131n\u0131 yapt\u0131\u011f\u0131m\u0131z gibi somut projeler, K\u0131br\u0131s T\u00fcrk halk\u0131na uygulanan haks\u0131z izolasyonun menfi etkilerini asgari d\u00fczeye indirecektir. Elbette diplomatik alanda K\u0131br\u0131sl\u0131 T\u00fcrklere uygulanan bu haks\u0131zl\u0131\u011fa son vermek i\u00e7in gerekli her ad\u0131m\u0131 atmaya devam edece\u011fiz ancak bu gibi projelerle K\u0131br\u0131sl\u0131 T\u00fcrk karde\u015flerimizin sorunlar\u0131n\u0131n \u00e7\u00f6z\u00fcm\u00fcne, bu \u00fclkenin kalk\u0131nmas\u0131na azami destek sa\u011flayaca\u011f\u0131z.&#8221;<\/p>\n<p style=\"text-align: justify;\"><strong>&#8220;Ayn\u0131 duruma d\u00fc\u015ferse \u015fa\u015fmay\u0131n&#8221;<\/strong><\/p>\n<p style=\"text-align: justify;\">Anamur&#8217;da, Mart ay\u0131nda KKTC Cumhurba\u015fkan\u0131 Dervi\u015f Ero\u011flu ile Alak\u00f6pr\u00fc Baraj\u0131&#8217;n\u0131n temelini att\u0131klar\u0131n\u0131 hat\u0131rlatan Ba\u015fbakan Erdo\u011fan, baraj\u0131n KKTC&#8217;nin verimli topraklar\u0131na hayat suyu getirilmesini sa\u011flayacak projenin \u00e7ok \u00f6nemli bir aya\u011f\u0131n\u0131 olu\u015fturdu\u011funu belirtti.<\/p>\n<p style=\"text-align: justify;\">Projenin KKTC&#8217;deki aya\u011f\u0131 olacak baraj\u0131n yerini ve G\u00fczelyurt&#8217;u helikopterden inceledi\u011fini s\u00f6yleyen Erdo\u011fan, at\u0131lacak ad\u0131mlar\u0131n \u00f6nemli oldu\u011funu dile getirdi.<\/p>\n<p style=\"text-align: justify;\">Projenin \u00fc\u00e7 y\u0131lda tamamlanaca\u011f\u0131n\u0131 ve Kuzey K\u0131br\u0131s&#8217;\u0131n \u00f6nemli bir sorununun daha \u00e7\u00f6z\u00fcme kavu\u015fturulmu\u015f olaca\u011f\u0131n\u0131 s\u00f6yleyen Ba\u015fbakan Erdo\u011fan, \u015f\u00f6yle konu\u015ftu: &#8220;Sadece su de\u011fil, T\u00fcrkiye&#8217;den KKTC&#8217;ye elektrik getirecek olan projemizin \u00e7al\u0131\u015fmalar\u0131na da b\u00fcy\u00fck bir h\u0131zla devam ediyoruz, ne olur ne olmaz diye. B\u00f6yle dev projeler, bir yandan Kuzey K\u0131br\u0131s&#8217;\u0131n ekonomik a\u00e7\u0131dan kabu\u011funu k\u0131rmas\u0131n\u0131 sa\u011flayacak, bir yandan da sizleri yaln\u0131zl\u0131\u011fa itmek isteyenlere anlaml\u0131 bir mesaj te\u015fkil edecektir.<\/p>\n<p style=\"text-align: justify;\">Bu t\u00fcr projelerden daha \u00f6nemli olan bir husus var, \u00f6ncelikle KKTC&#8217;nin ekonomik altyap\u0131s\u0131n\u0131n sa\u011flam bir zemine kavu\u015fmas\u0131 gerekiyor. Halihaz\u0131rda uygulanan ekonomik program\u0131n meyvelerini vermeye ba\u015flamas\u0131 son derece \u00f6nemlidir, sevindiricidir. KKTC, kamu maliyesi a\u00e7\u0131s\u0131ndan, bug\u00fcn bir\u00e7ok AB \u00fcyesi \u00fclkenin dahi s\u0131n\u0131fta kald\u0131\u011f\u0131 bir s\u0131navda \u00e7ok ba\u015far\u0131l\u0131 sonu\u00e7lar almaktad\u0131r. \u0130\u015fte Yunanistan&#8217;\u0131n hali ortada. G\u00fcney K\u0131br\u0131s da ayn\u0131 duruma d\u00fc\u015ferse \u015fa\u015fmay\u0131n.<\/p>\n<p style=\"text-align: justify;\">\u015eimdi niye b\u00f6yle konu\u015ftum diye de k\u0131zabilirler, onu da s\u00f6yleyeyim. Bug\u00fcn birlikte g\u00f6\u011f\u00fcs gerece\u011finiz birtak\u0131m zorluklar, yar\u0131n sizler i\u00e7in kolayl\u0131k olacak, yolunuzu a\u00e7acak, umutlar\u0131n\u0131z\u0131 \u00e7o\u011faltacakt\u0131r. 2002 y\u0131l\u0131nda g\u00f6reve geldi\u011fimizden itibaren, biz de T\u00fcrkiye&#8217;de benzer bir ekonomik program uygulad\u0131k karde\u015flerim. Onu uygulad\u0131\u011f\u0131m\u0131z i\u00e7in bak\u0131n bug\u00fcn d\u00fcnya ekonomileri aras\u0131nda T\u00fcrkiye b\u00fcy\u00fcmede birinci s\u0131raya \u00e7\u0131kt\u0131. Hamdolsun, ki\u015fi ba\u015f\u0131na milli gelir 10 bin dolar\u0131n \u00fczerine \u00e7\u0131kt\u0131. Bu y\u0131l sonu itibar\u0131yla zannediyorumki 11 bin dolar\u0131 bulaca\u011f\u0131z. Bak\u0131n beraber yola \u00e7\u0131kt\u0131\u011f\u0131m\u0131z bir\u00e7ok \u00fclke, Avrupa&#8217;n\u0131n ekonomide en g\u00fc\u00e7l\u00fc \u00fclkelerinden biri \u0130spanya, i\u015fsizlikte y\u00fczde 20&#8217;lere ula\u015ft\u0131. Biz ise o kriz d\u00f6nemlerini atlatt\u0131k ve \u015fu anda 9,9&#8217;a d\u00fc\u015ft\u00fck. Daha iyi olacak ama ne yapaca\u011f\u0131z? Birbirimize inanaca\u011f\u0131z. Durmak yok, yola devam, kararl\u0131 bir \u015fekilde.&#8221;<\/p>\n<p style=\"text-align: justify;\"><strong>&#8220;Muhatab\u0131m\u0131z Kuzey K\u0131br\u0131s&#8217;\u0131n samimi halk\u0131d\u0131r&#8221;<\/strong><\/p>\n<p style=\"text-align: justify;\">T\u00fcrkiye&#8217;nin uygulanan ekonomik program neticesinde ula\u015ft\u0131\u011f\u0131 seviyenin, KKTC&#8217;nin gelece\u011fi i\u00e7in de \u00f6nemli bir motivasyon kayna\u011f\u0131 olaca\u011f\u0131n\u0131 vurgulayan Ba\u015fbakan Erdo\u011fan, bug\u00fcn T\u00fcrkiye&#8217;nin, makro ekonomik g\u00f6stergeler a\u00e7\u0131s\u0131ndan d\u00fcnyada yat\u0131r\u0131mc\u0131lar\u0131n en \u00e7ok dikkatini \u00e7eken, parmakla g\u00f6sterilen \u00fclkelerden biri haline geldi\u011fini ifade etti.<\/p>\n<p style=\"text-align: justify;\">Bu y\u0131l\u0131n ilk \u00e7eyre\u011finde y\u00fczde 11 oran\u0131nda b\u00fcy\u00fcyen T\u00fcrkiye ekonomisinin, d\u00fcnyada \u00e7ift haneli b\u00fcy\u00fcyen tek ekonomi oldu\u011funa dikkati \u00e7eken Ba\u015fbakan Erdo\u011fan, \u015funlar\u0131 s\u00f6yledi:<\/p>\n<p style=\"text-align: justify;\">&#8220;KKTC&#8217;nin ekonomik alanda ataca\u011f\u0131 ad\u0131mlar, bu \u00fclkeye uygulanan haks\u0131z ambargoya son verilmesi i\u00e7in uluslararas\u0131 kamuoyu nezdinde bask\u0131 olu\u015fturacakt\u0131r. \u00c7ok a\u00e7\u0131k, net s\u00f6yl\u00fcyorum, sizin dertliniz olarak s\u00f6yl\u00fcyorum; 2015&#8217;i iyi hedefleyin. Bak\u0131n \u015fu anda ustal\u0131k d\u00f6nemimize y\u00f6nelik Kuzey K\u0131br\u0131s&#8217;ta ataca\u011f\u0131m\u0131z ad\u0131mlarla 2015&#8217;in Kuzey K\u0131br\u0131s&#8217;\u0131 \u00e7ok farkl\u0131 olur. Bunu Kuzey K\u0131br\u0131s&#8217;taki baz\u0131 marjinal gruplar\u0131n, kim olursa olsun baz\u0131 marjinal d\u00fc\u015f\u00fcncelerin, T\u00fcrkiye&#8217;ye kar\u015f\u0131 tav\u0131r tak\u0131nan baz\u0131, adeta s\u0131\u011f\u0131nmac\u0131 gruplar\u0131n s\u00f6ylediklerine sak\u0131n kulak asmay\u0131n. Bizim muhatab\u0131m\u0131z sizsiniz, siz. Bizim muhatab\u0131m\u0131z Kuzey K\u0131br\u0131s&#8217;\u0131n samimi halk\u0131d\u0131r. Siz bizim can\u0131m\u0131zs\u0131n\u0131z, ci\u011ferimizsiniz, ba\u015f tac\u0131m\u0131zs\u0131n\u0131z. T\u00fcrkiye olarak, ekonomi y\u00f6netiminde sekiz bu\u00e7uk y\u0131lda kazand\u0131\u011f\u0131m\u0131z t\u00fcm bilgi ve tecr\u00fcbeyi, Kuzey K\u0131br\u0131s&#8217;\u0131n ya\u015fad\u0131\u011f\u0131 ekonomik d\u00f6n\u00fc\u015f\u00fcm s\u00fcrecine de aktaracak, t\u00fcm imkanlar\u0131m\u0131zla K\u0131br\u0131sl\u0131 karde\u015flerimizin yan\u0131nda olaca\u011f\u0131z.&#8221;<\/p>\n<p style=\"text-align: justify;\"><a href=\"http:\/\/www.cnnturk.com\/2011\/dunya\/07\/20\/erdogandan.guney.kibris.iddiasi\/623534.0\/index.html\" target=\"_blank\">Kaynak : CNN T\u00dcRK<\/a><\/p>\n","protected":false},"excerpt":{"rendered":"<p style=\"text-align: justify;\">\n<p style=\"text-align: justify;\">Ba\u015fbakan Recep Tayyip Erdo\u011fan, Kuzey K\u0131br\u0131s T\u00fcrk Cumhuriyeti&#8217;nin (KKTC) kamu maliyesi a\u00e7\u0131s\u0131ndan, bug\u00fcn bir\u00e7ok AB \u00fcyesi \u00fclkenin dahi s\u0131n\u0131fta kald\u0131\u011f\u0131 bir s\u0131navda \u00e7ok ba\u015far\u0131l\u0131 sonu\u00e7lar ald\u0131\u011f\u0131n\u0131 belirterek, &#8220;\u0130\u015fte Yunanistan&#8217;\u0131n hali ortada. G\u00fcney K\u0131br\u0131s da ayn\u0131 duruma d\u00fc\u015ferse \u015fa\u015fmay\u0131n&#8221; dedi.<\/p>\n<p style=\"text-align: justify;\">Ba\u015fbakan Erdo\u011fan, KKTC&#8217;deki temaslar\u0131 kapsam\u0131nda Gazima\u011fusa&#8217;da toplu a\u00e7\u0131l\u0131\u015f t\u00f6renine <\/p>\n","protected":false},"author":1,"featured_media":0,"comment_status":"open","ping_status":"open","sticky":false,"template":"","format":"standard","meta":{"footnotes":""},"categories":[105],"tags":[],"class_list":["post-37100","post","type-post","status-publish","format-standard","hentry","category-gundem","odd"],"_links":{"self":[{"href":"http:\/\/www.korhanyilmaz.com\/index.php?rest_route=\/wp\/v2\/posts\/37100","targetHints":{"allow":["GET"]}}],"collection":[{"href":"http:\/\/www.korhanyilmaz.com\/index.php?rest_route=\/wp\/v2\/posts"}],"about":[{"href":"http:\/\/www.korhanyilmaz.com\/index.php?rest_route=\/wp\/v2\/types\/post"}],"author":[{"embeddable":true,"href":"http:\/\/www.korhanyilmaz.com\/index.php?rest_route=\/wp\/v2\/users\/1"}],"replies":[{"embeddable":true,"href":"http:\/\/www.korhanyilmaz.com\/index.php?rest_route=%2Fwp%2Fv2%2Fcomments&post=37100"}],"version-history":[{"count":0,"href":"http:\/\/www.korhanyilmaz.com\/index.php?rest_route=\/wp\/v2\/posts\/37100\/revisions"}],"wp:attachment":[{"href":"http:\/\/www.korhanyilmaz.com\/index.php?rest_route=%2Fwp%2Fv2%2Fmedia&parent=37100"}],"wp:term":[{"taxonomy":"category","embeddable":true,"href":"http:\/\/www.korhanyilmaz.com\/index.php?rest_route=%2Fwp%2Fv2%2Fcategories&post=37100"},{"taxonomy":"post_tag","embeddable":true,"href":"http:\/\/www.korhanyilmaz.com\/index.php?rest_route=%2Fwp%2Fv2%2Ftags&post=37100"}],"curies":[{"name":"wp","href":"https:\/\/api.w.org\/{rel}","templated":true}]}}