{"id":37095,"date":"2011-07-20T12:18:28","date_gmt":"2011-07-20T09:18:28","guid":{"rendered":"http:\/\/www.korhanyilmaz.com\/?p=37095"},"modified":"2011-07-20T13:23:13","modified_gmt":"2011-07-20T10:23:13","slug":"erdogan-turklerden-zarar-gelmez","status":"publish","type":"post","link":"http:\/\/www.korhanyilmaz.com\/?p=37095","title":{"rendered":"Erdo\u011fan: T\u00fcrklerden zarar gelmez"},"content":{"rendered":"<p style=\"text-align: center;\"><a href=\"http:\/\/www.korhanyilmaz.com\/wp-content\/uploads\/2011\/07\/1680.jpeg\"  class=\"lightview\"><img loading=\"lazy\" decoding=\"async\" class=\"aligncenter size-full wp-image-37096\" src=\"http:\/\/www.korhanyilmaz.com\/wp-content\/uploads\/2011\/07\/1680.jpeg\" alt=\"\" width=\"384\" height=\"254\" \/><\/a><\/p>\n<p style=\"text-align: justify;\">KKTC Bar\u0131\u015f ve \u00d6zg\u00fcrl\u00fck Bayram\u0131&#8217;nda konu\u015fan Erdo\u011fan Rum Y\u00f6netimi \u00e7\u00f6z\u00fcm olmadan AB d\u00f6nem ba\u015fkan\u0131 olursa, T\u00fcrkiye&#8217;nin AB ile ili\u015fkilerinin tamamen donaca\u011f\u0131n\u0131 bir kez daha vurgulad\u0131. Rumlar\u0131n kayg\u0131lar\u0131n\u0131 b\u0131rakmalar\u0131n\u0131 istedi.<!--more--><\/p>\n<p style=\"text-align: justify;\">LEFKO\u015eA &#8211; Ba\u015fbakan Erdo\u011fan \u00f6zetle \u015f\u00f6yle konu\u015ftu: &#8220;Bu topraklarda \u015fehit d\u00fc\u015fen ve gazi olan karde\u015flerimizin aziz hat\u0131ralar\u0131n\u0131 da sayg\u0131 ve minnetle y\u00e2d ediyorum. T\u00fcm d\u00fcnya bilsin ki K\u0131br\u0131s T\u00fcrkleriyle karde\u015fli\u011fimiz ve dan\u0131\u015fmam\u0131z ilk g\u00fcnk\u00fc gibi taze ve diridir ve b\u00f6yle devam edecektir. Sadece K\u0131br\u0131s T\u00fcrklerinin de\u011fil, insanl\u0131\u011f\u0131n onurunu sonun kadar savunmak boynumuza bor\u00e7 olsun. Bar\u0131\u015fa olan inan\u00e7 ve irademizi bir kez daha t\u00fcm d\u00fcnyaya ilan ediyoruz. KKTC h\u00fck\u00fcmeti ve meclisi ile \u00e7a\u011fda\u015f bir devlet olarak b\u00f6lgesinde bar\u0131\u015fa katk\u0131 sa\u011flayacak bir konumundad\u0131r. KKTC bu g\u00fcnlere birlik ve beraberlik i\u00e7inde milli de\u011ferlerine sahip \u00e7\u0131karak gelmi\u015ftir.<\/p>\n<p style=\"text-align: justify;\"><strong>\u00c7\u00d6Z\u00dcM \u0130RADES\u0130 G\u00d6STEREN T\u00dcRK\u0130YE VE KKTC<\/strong><\/p>\n<p style=\"text-align: justify;\">Biz T\u00fcrkiye Cumhuriyeti\u2019nin temel ilkeleri \u00e7er\u00e7evesinde b\u00f6lgemizde g\u00fcvenlik ve refah\u0131 hedefledik. KKTC ile tam bir fikir ve g\u00f6n\u00fcl birli\u011fi i\u00e7inde \u00e7\u00f6z\u00fcm i\u00e7in \u00e7aba sarf ettik ezberleri bozduk. K\u0131br\u0131s sorunu tam yar\u0131m as\u0131rd\u0131r BM\u2019nin g\u00fcndeminde. \u00c7\u00f6z\u00fcm iradesi g\u00f6steren taraf KKTC ve T\u00fcrkiye\u2019dir.<\/p>\n<p style=\"text-align: justify;\"><strong>BI\u00c7AK KEM\u0130\u011eE DAYANDI<\/strong><\/p>\n<p style=\"text-align: justify;\">Uzla\u015fma ve bar\u0131\u015fa hat\u0131r diyen G\u00fcney K\u0131br\u0131s \u00f6d\u00fcllendirildi evet diyen KKTC cezaland\u0131r\u0131ld\u0131. Haks\u0131zl\u0131klara ra\u011fmen KKTC bar\u0131\u015f ve \u00e7\u00f6z\u00fcm i\u00e7in \u00e7aba sarf ediyor. Ama art\u0131k b\u0131\u00e7ak kemi\u011fe dayand\u0131.3 y\u0131l\u0131 a\u015fan g\u00f6r\u00fc\u015fme s\u00fcrecinde nihai a\u015famaya gelindi. 19 g\u00f6r\u00fc\u015fme planlan\u0131yor. Netice almay\u0131 temenni ediyoruz. Zorlama i\u00e7ine girmek \u00e7\u00f6z\u00fcm iradesini sabote etmek olur. F\u0131rsat penceresinin sonsuza kadar a\u00e7\u0131k kalmayaca\u011f\u0131 herkes taraf\u0131ndan bilinmelidir. Rumlar e\u011fer \u00e7\u00f6z\u00fcm olmadan AB d\u00f6nem ba\u015fkan\u0131 olursa, T\u00fcrkiye\u2019nin AB ile ili\u015fkileri tamamen donacakt\u0131r. Rumlar AB d\u00f6nem ba\u015fkan\u0131 olsa da kimse bizden onlarla ayn\u0131 masaya oturmam\u0131z\u0131 beklemesin. K\u0131br\u0131s diye bir devlet yoktur. Rum Y\u00f6netimi ve KKTC vard\u0131r.<\/p>\n<p style=\"text-align: justify;\"><strong>MESNETS\u0130Z KAYGILARI BIRAKIN<\/strong><\/p>\n<p style=\"text-align: justify;\">Rum taraf\u0131 mesnetsiz kayg\u0131lar\u0131n\u0131 b\u0131rakmal\u0131. G\u00fcney K\u0131br\u0131s\u2019ta kilise KKTC elektri\u011fini kullanmak haramd\u0131r diyor. Bunlar \u00e7a\u011f\u0131n \u00e7ok gerisinde ya\u015f\u0131yor. Ben G\u00fcney K\u0131br\u0131s\u2019a \u2018Sizin sorununuz i\u00e7inizdedir. T\u00fcrklerden zarar gelmez\u2019 diyorum.<\/p>\n<p style=\"text-align: justify;\"><a href=\"http:\/\/www.radikal.com.tr\/Radikal.aspx?aType=RadikalDetayV3&amp;ArticleID=1056980&amp;Date=20.07.2011&amp;CategoryID=81\" target=\"_blank\">Kaynak : Radikal.com.tr<\/a><\/p>\n","protected":false},"excerpt":{"rendered":"<p style=\"text-align: center;\">\n<p style=\"text-align: justify;\">KKTC Bar\u0131\u015f ve \u00d6zg\u00fcrl\u00fck Bayram\u0131&#8217;nda konu\u015fan Erdo\u011fan Rum Y\u00f6netimi \u00e7\u00f6z\u00fcm olmadan AB d\u00f6nem ba\u015fkan\u0131 olursa, T\u00fcrkiye&#8217;nin AB ile ili\u015fkilerinin tamamen donaca\u011f\u0131n\u0131 bir kez daha vurgulad\u0131. Rumlar\u0131n kayg\u0131lar\u0131n\u0131 b\u0131rakmalar\u0131n\u0131 istedi.<\/p>\n","protected":false},"author":1,"featured_media":0,"comment_status":"open","ping_status":"open","sticky":false,"template":"","format":"standard","meta":{"footnotes":""},"categories":[105],"tags":[],"class_list":["post-37095","post","type-post","status-publish","format-standard","hentry","category-gundem","odd"],"_links":{"self":[{"href":"http:\/\/www.korhanyilmaz.com\/index.php?rest_route=\/wp\/v2\/posts\/37095","targetHints":{"allow":["GET"]}}],"collection":[{"href":"http:\/\/www.korhanyilmaz.com\/index.php?rest_route=\/wp\/v2\/posts"}],"about":[{"href":"http:\/\/www.korhanyilmaz.com\/index.php?rest_route=\/wp\/v2\/types\/post"}],"author":[{"embeddable":true,"href":"http:\/\/www.korhanyilmaz.com\/index.php?rest_route=\/wp\/v2\/users\/1"}],"replies":[{"embeddable":true,"href":"http:\/\/www.korhanyilmaz.com\/index.php?rest_route=%2Fwp%2Fv2%2Fcomments&post=37095"}],"version-history":[{"count":0,"href":"http:\/\/www.korhanyilmaz.com\/index.php?rest_route=\/wp\/v2\/posts\/37095\/revisions"}],"wp:attachment":[{"href":"http:\/\/www.korhanyilmaz.com\/index.php?rest_route=%2Fwp%2Fv2%2Fmedia&parent=37095"}],"wp:term":[{"taxonomy":"category","embeddable":true,"href":"http:\/\/www.korhanyilmaz.com\/index.php?rest_route=%2Fwp%2Fv2%2Fcategories&post=37095"},{"taxonomy":"post_tag","embeddable":true,"href":"http:\/\/www.korhanyilmaz.com\/index.php?rest_route=%2Fwp%2Fv2%2Ftags&post=37095"}],"curies":[{"name":"wp","href":"https:\/\/api.w.org\/{rel}","templated":true}]}}