{"id":37072,"date":"2011-07-19T22:51:28","date_gmt":"2011-07-19T19:51:28","guid":{"rendered":"http:\/\/www.korhanyilmaz.com\/?p=37072"},"modified":"2011-07-20T00:28:22","modified_gmt":"2011-07-19T21:28:22","slug":"erdogan-kibris-diye-bir-devlet-yok","status":"publish","type":"post","link":"http:\/\/www.korhanyilmaz.com\/?p=37072","title":{"rendered":"Erdo\u011fan: &#8220;K\u0131br\u0131s diye bir devlet yok&#8221;"},"content":{"rendered":"<p style=\"text-align: justify;\"><a href=\"http:\/\/www.korhanyilmaz.com\/wp-content\/uploads\/2011\/07\/1675.jpg\"  class=\"lightview\"><img loading=\"lazy\" decoding=\"async\" class=\"aligncenter size-full wp-image-37073\" src=\"http:\/\/www.korhanyilmaz.com\/wp-content\/uploads\/2011\/07\/1675.jpg\" alt=\"\" width=\"307\" height=\"236\" \/><\/a><\/p>\n<p style=\"text-align: justify;\">Ba\u015fbakan Erdo\u011fan, 20 Temmuz Bar\u0131\u015f ve \u00d6zg\u00fcrl\u00fck Bayram\u0131 kutlamalar\u0131 i\u00e7in KKTC&#8217;de. Havaalan\u0131nda toplanan KKTC&#8217;lilere seslenen Erdo\u011fan, &#8220;biz et ve t\u0131rnak gibiyiz. Kim ki bu v\u00fccudun azalar\u0131n\u0131, uzuvlar\u0131n\u0131 birbirinden ay\u0131rmak istiyorsa yanl\u0131\u015f bir yoldad\u0131r&#8221; dedi. Erdo\u011fan, &#8220;\u015fu anda &#8220;K\u0131br\u0131s&#8221; diye bir devlet olmad\u0131\u011f\u0131n\u0131&#8221; s\u00f6yledi.<\/p>\n<p style=\"text-align: justify;\">Ba\u015fbakan Recep Tayyip Erdo\u011fan, 61. H\u00fck\u00fcmeti kurduktan sonra ilk resmi ziyaretini yapt\u0131\u011f\u0131 KKTC&#8217;de Ba\u015fbakan \u0130rsen K\u00fc\u00e7\u00fck taraf\u0131ndan resmi t\u00f6renle kar\u015f\u0131land\u0131. <!--more--><\/p>\n<p style=\"text-align: justify;\">Ercan Havalan\u0131&#8217;na &#8220;ANA&#8221; U\u00e7a\u011f\u0131yla gelen Ba\u015fbakan Ero\u011fan, t\u00f6ren k\u0131tas\u0131n\u0131 selamlad\u0131.<\/p>\n<p style=\"text-align: justify;\">Ba\u015fbakan Erdo\u011fan, resmi t\u00f6renin ard\u0131ndan KKTC Cumhurba\u015fkan\u0131 Dervi\u015f Ero\u011flu taraf\u0131ndan da kar\u015f\u0131land\u0131.<\/p>\n<p style=\"text-align: justify;\">Erdo\u011fan, havaalan\u0131nda toplanan KKTC&#8217;lilere seslendi.<\/p>\n<p style=\"text-align: justify;\">&#8220;Yar\u0131n 20 Temmuz sizlerle birlikte yine Kuzey K\u0131br\u0131s&#8217;\u0131m\u0131zda \u00d6zg\u00fcrl\u00fck Bayram\u0131m\u0131z\u0131n yeni bir y\u0131l d\u00f6n\u00fcm\u00fcnde birlikte olaca\u011f\u0131z&#8221; diyen Erdo\u011fan, \u015f\u00f6yle konu\u015ftu: &#8220;1974 hi\u00e7 bir zaman bizim an\u0131lar\u0131m\u0131zdan \u00e7\u0131km\u0131yor, \u00e7\u0131kmayacak. Biz, art\u0131k farkl\u0131 bir s\u00fcrecin i\u00e7erisindeyiz, kimse ama kimse Kuzey K\u0131br\u0131s&#8217;\u0131n T\u00fcrk&#8217;\u00fcne hi\u00e7bir zaman kalk\u0131p da k\u00f6lelik uygulamas\u0131n\u0131 yapamaz. Kimse kendine g\u00f6re kuraca\u011f\u0131 hesaplarla Kuzey K\u0131br\u0131s \u00fczerinde \u00e7e\u015fitli planlar uygulayamaz. Ne ambargo ne izolasyon.<\/p>\n<p style=\"text-align: justify;\">Bunlar\u0131n hi\u00e7birisi Kuzey K\u0131br\u0131s&#8217;a uygulanamaz. Biz et ve t\u0131rnak gibiyiz. Kim ki bu v\u00fccudun azalar\u0131n\u0131, uzuvlar\u0131n\u0131 birbirinden ay\u0131rmak istiyorsa yanl\u0131\u015f bir yoldad\u0131r. \u015eunu iyi bilece\u011fiz: Bu topraklar \u015fehitlerimizin, gazilerimizin kanlar\u0131yla yo\u011frulmu\u015f topraklard\u0131r. Dolay\u0131s\u0131yla \u015fehit kanlar\u0131yla, gazilerimizin kanlar\u0131yla yo\u011frulmu\u015f bu topraklar \u00fczerinde kimseye operasyon m\u00fcsaadesi veremeyiz. Her zaman \u015funu s\u00f6yledik: Adil, kapsaml\u0131 ve kurucu iki devlet anlay\u0131\u015f\u0131 kabul edilmedi\u011fi s\u00fcrece burada bir ad\u0131m at\u0131lmas\u0131 m\u00fcmk\u00fcn de\u011fildir.&#8221;<\/p>\n<p style=\"text-align: justify;\"><strong>&#8220;K\u0131br\u0131s diye bir devlet yok&#8221;<\/strong><\/p>\n<p style=\"text-align: justify;\">&#8220;\u015eu anda K\u0131br\u0131s diye bir devlet yoktur. G\u00fcney K\u0131br\u0131s Rum Y\u00f6netimi vard\u0131r, Kuzey K\u0131br\u0131s T\u00fcrk Cumhuriyeti vard\u0131r&#8221; diyen Erdo\u011fan, Burgenstock&#8217;ta ger\u00e7ekle\u015ftirilen g\u00f6r\u00fc\u015fmelere de\u011findi.<\/p>\n<p style=\"text-align: justify;\">Erdo\u011fan \u015f\u00f6yle devam etti: &#8220;Oturduk konu\u015ftuk ama onlar buna sad\u0131k kalmad\u0131lar. Biz sad\u0131k kald\u0131k. Siz sad\u0131k kald\u0131n\u0131z, y\u00fczde 65 &#8216;evet&#8217; dediniz. Ama G\u00fcney y\u00fczde 75 &#8216;hay\u0131r&#8217; dedi. AB m\u00fcktesebat\u0131nda b\u00f6yle bir yap\u0131 yoktur. S\u00f6zlerinde durmad\u0131lar ama; siz s\u00f6z\u00fcn\u00fczde durdunuz ve biz hakl\u0131y\u0131z. \u015eimdi d\u00fcnyan\u0131n neresine gidersek gidelim, sizin o tavr\u0131n\u0131z her yerde bizim hakl\u0131l\u0131\u011f\u0131m\u0131z\u0131 ifade ediyor. Biz onlara \u015funu s\u00f6yl\u00fcyoruz. Diyoruz ki; &#8216;siz bizden ne istediniz? Referandum. Yap\u0131ld\u0131 m\u0131 bu referandum? Yap\u0131ld\u0131. Peki Kuzey sizin arzular\u0131n\u0131z istikametinde &#8216;evet&#8217; dedi mi? Dedi. G\u00fcney &#8216;hay\u0131r&#8217; dedi. Peki siz onlar\u0131 \u00f6d\u00fcllendirdiniz. Kuzey&#8217;e ne yapt\u0131n\u0131z?&#8221;<\/p>\n<p style=\"text-align: justify;\"><strong>K\u00fc\u00e7\u00fck: &#8220;T\u0131rnakla et gibiyiz&#8221;<\/strong><\/p>\n<p style=\"text-align: justify;\">KKTC Ba\u015fbakan\u0131 \u0130rsen K\u00fc\u00e7\u00fck de, &#8220;T\u0131rnakla et gibiyiz, bizim birbirimizden ayr\u0131m\u0131z, gayr\u0131m\u0131z yoktur. Birlikte y\u00fcr\u00fcd\u00fck, bug\u00fcn de birlikte y\u00fcr\u00fcyece\u011fiz, ilelebet birlikte y\u00fcr\u00fcyece\u011fiz&#8221; dedi.<\/p>\n<p style=\"text-align: justify;\">K\u00fc\u00e7\u00fck, Ercan Havaliman\u0131&#8217;nda Ba\u015fbakan Recep Tayyip Erdo\u011fan ile Ba\u015fbakanl\u0131k otob\u00fcs\u00fcn\u00fcn \u00fczerinden meydanda toplanan vatanda\u015flara seslendi.<\/p>\n<p style=\"text-align: justify;\">20 Temmuz&#8217;u kutlamak \u00fczere biraraya geldiklerini ifade eden K\u00fc\u00e7\u00fck, &#8220;20 Temmuz bizim \u00d6zg\u00fcrl\u00fck Bayram\u0131m\u0131zd\u0131r, 20 Temmuz anavatan\u0131m\u0131zla yavru vatan\u0131m\u0131z\u0131n bulu\u015ftu\u011fu g\u00fcnd\u00fcr&#8221; dedi.<\/p>\n<p style=\"text-align: justify;\">Bu y\u0131l 20 Temmuz&#8217;u \u00e7ok farkl\u0131 kutlad\u0131klar\u0131n\u0131 ifade eden K\u00fc\u00e7\u00fck, Ba\u015fbakan Recep Tayyip Erdo\u011fan ve heyetinin kutlamalara kat\u0131laca\u011f\u0131n\u0131 ifade etti.<\/p>\n<p style=\"text-align: justify;\">K\u00fc\u00e7\u00fck, \u015funlar\u0131 s\u00f6yledi: &#8220;T\u0131rnakla et gibiyiz, bizim birbirimizden ayr\u0131m\u0131z, gayr\u0131m\u0131z yoktur. Birlikte y\u00fcr\u00fcd\u00fck, bug\u00fcn de birlikte y\u00fcr\u00fcyece\u011fiz, ilelebet birlikte y\u00fcr\u00fcyece\u011fiz. Anavatan\u0131m\u0131za bir kez daha te\u015fekk\u00fcr ediyoruz. Biz de anavatan\u0131m\u0131zda Say\u0131n Ba\u015fbakan\u0131m\u0131zla, T\u00fcrkiye&#8217;mizle gurur duyuyoruz. Tekrar huzurlar\u0131n\u0131zda Say\u0131n Ba\u015fbakana, Say\u0131n Recep Tayyip Erdo\u011fan&#8217;a KKTC&#8217;ye ho\u015fgeldiniz derken, d\u00fcnya liderini ba\u011fr\u0131m\u0131za bas\u0131yoruz.&#8221;<\/p>\n<p style=\"text-align: justify;\"><strong>Erdo\u011fan-K\u00fc\u00e7\u00fck g\u00f6r\u00fc\u015fmesi<\/strong><\/p>\n<p style=\"text-align: justify;\">Bu arada KKTC Cumhurba\u015fkan\u0131 Dervi\u015f Ero\u011flu, Ba\u015fbakan Recep Tayyip Erdo\u011fan&#8217;\u0131 kabul etti.<\/p>\n<p style=\"text-align: justify;\">Ero\u011flu, Ba\u015fbakan Erdoa\u011fan&#8217;\u0131 Cumhurba\u015fkanl\u0131\u011f\u0131 giri\u015finde kar\u015f\u0131lad\u0131. Medya mensuplar\u0131na g\u00f6r\u00fcnt\u00fc verilmesinin ard\u0131ndan, g\u00f6r\u00fc\u015fme bas\u0131na kapal\u0131 yap\u0131ld\u0131.<\/p>\n<p style=\"text-align: justify;\">Erdo\u011fan&#8217;\u0131n, Cumhurba\u015fkanl\u0131\u011f\u0131&#8217;na, T\u00fcrkiye&#8217;den getirilen makam arac\u0131 ve koruma ara\u00e7lar\u0131 ile geldi\u011fi g\u00f6r\u00fcld\u00fc.<\/p>\n<p style=\"text-align: justify;\">G\u00f6r\u00fc\u015fme yakla\u015f\u0131k 50 dakika s\u00fcrd\u00fc.<\/p>\n<p style=\"text-align: justify;\">G\u00f6r\u00fc\u015fmenin ard\u0131ndan ortak bas\u0131n toplant\u0131s\u0131 d\u00fczenlendi. Bas\u0131n toplant\u0131da konu\u015fan Erdo\u011fan, g\u00f6r\u00fc\u015fmenin \u00e7ok \u00e7ok verimli ve faydal\u0131 ge\u00e7ti\u011fini belirtti.<\/p>\n<p style=\"text-align: justify;\">K\u0131sa bir s\u00fcre \u00f6nce Cumhurba\u015fkan\u0131 Ero\u011flu&#8217;nun Cenevre&#8217;de BM Genel Sekreteri ve G\u00fcney K\u0131br\u0131s Rum Y\u00f6netimi&#8217;nin Ba\u015fkan\u0131yla bir araya geldi\u011fini hat\u0131rlatan Erdo\u011fan, \u015f\u00f6yle devam etti: &#8220;Ama bug\u00fcne kadar bir \u00e7ok g\u00f6r\u00fc\u015fmeler yap\u0131ld\u0131. Her zaman KKTC olumlu tav\u0131rlar sergilerken, ne yaz\u0131k ki G\u00fcney K\u0131br\u0131s taraf\u0131 olumlu tav\u0131r sergilememi\u015ftir. Sadece bu iki taraf aras\u0131nda m\u0131 b\u00f6yle oldu? Hay\u0131r. Asl\u0131nda b\u00f6yle olmas\u0131n\u0131 te\u015fvik eden sebepler, nedenler de olmu\u015ftur. Bildi\u011finiz gibi 2004 y\u0131l\u0131 bu noktada \u00e7ok anlaml\u0131 bir y\u0131ld\u0131r. Bu s\u00fcre\u00e7 i\u00e7erisinde hep Kuzey K\u0131br\u0131s&#8217;tan istenen \u015fu olmu\u015ftu; referanduma &#8216;evet&#8217; densin.<\/p>\n<p style=\"text-align: justify;\">Referandum noktas\u0131nda Kuzey K\u0131br\u0131s, Avrupa Birli\u011fi \u00fcyesi \u00fclkelerin bu noktadaki talebine y\u00fczde 65 ile -o zaman tabii Annan Plan\u0131&#8217;yd\u0131- &#8216;evet&#8217; demi\u015ftir. G\u00fcney K\u0131br\u0131s, y\u00fczde 75 ile &#8216;hay\u0131r&#8217; demi\u015ftir. Ve o zaman Avrupa Birli\u011fi \u00fcyesi \u00fclkeler Kuzey K\u0131br\u0131s T\u00fcrk Cumhuriyeti&#8217;nin a\u011f\u0131rl\u0131kl\u0131 &#8216;evet&#8217; demesi halinde &#8216;bizler bu konuda \u00fczerimize d\u00fc\u015fen g\u00f6revi yerine getirece\u011fiz&#8217; demelerine ra\u011fmen, AB m\u00fcktesebat\u0131na ters bir karar vermi\u015flerdir.&#8221;<\/p>\n<p style=\"text-align: justify;\"><strong>&#8220;Masaya oturmay\u0131z&#8221;<\/strong><\/p>\n<p style=\"text-align: justify;\">O g\u00fcnleri bizzat ya\u015fad\u0131\u011f\u0131n\u0131 ifade eden Erdo\u011fan, &#8220;Ve bak\u0131n hala Annan&#8217;\u0131n haz\u0131rlad\u0131\u011f\u0131 rapor -May\u0131s 2004- a\u00e7\u0131klanmam\u0131\u015ft\u0131r. Bu da d\u00fc\u015f\u00fcnd\u00fcr\u00fcc\u00fcd\u00fcr. Niye a\u00e7\u0131klam\u0131yorlar? Neden a\u00e7\u0131klam\u0131yorlar? Bu da ilgin\u00e7tir. B\u00fct\u00fcn bunlara ra\u011fmen, gerek Say\u0131n Talat gerek Say\u0131n Ero\u011flu sab\u0131rla bu s\u00fcreci devam ettirmi\u015flerdir&#8221; dedi.<\/p>\n<p style=\"text-align: justify;\">\u015eimdi de 19 g\u00f6r\u00fc\u015fme planland\u0131\u011f\u0131n\u0131 anlatan Erdo\u011fan, &#8220;Temenni ederiz ki, bu 19 g\u00f6r\u00fc\u015fmede o beklenen sona ula\u015f\u0131l\u0131r. Bizim de garant\u00f6r \u00fclke T\u00fcrkiye olarak temennimiz bu. Ve ayn\u0131 temenniyi garant\u00f6r \u00fclke Yunanistan&#8217;dan da bekliyoruz. Hatta yine garant\u00f6r \u00fclke \u0130ngiltere&#8217;den de bekliyoruz. \u015eunu \u00e7ok a\u00e7\u0131k, net olarak ortaya koymam\u0131z gerekir. Kimse bizden G\u00fcney K\u0131br\u0131s Rum Y\u00f6netimi Ba\u015fkan\u0131&#8217;n\u0131n muhatab\u0131 olmay\u0131 beklemesin. Hi\u00e7bir zaman biz oray\u0131 muhatap alarak masaya oturmay\u0131z&#8221; \u015feklinde konu\u015ftu.<\/p>\n<p style=\"text-align: justify;\"><strong>Protesto afi\u015fine iki g\u00f6zalt\u0131<\/strong><\/p>\n<p style=\"text-align: justify;\">\u00d6te yandan K\u0131br\u0131s T\u00fcrk Amme Memurlar\u0131 Sendikas\u0131, Erdo\u011fan&#8217;\u0131 protesto etmek amac\u0131yla sendika binas\u0131na Erdo\u011fan&#8217;a y\u00f6nelik, &#8216;Bir verip be\u015f al\u0131yorsun, utanmadan besleme diyorsun&#8217; yaz\u0131l\u0131 pankart ast\u0131. Polis olaya m\u00fcdahale etti. M\u00fcdahale s\u0131ras\u0131nda polisle sendika yetkilileri aras\u0131nda tart\u0131\u015fma \u00e7\u0131kt\u0131. Olayda iki sendikac\u0131 g\u00f6zalt\u0131na al\u0131nd\u0131.<\/p>\n<p style=\"text-align: justify;\"><span style=\"font-size: medium; color: #993300;\"><strong>-NOTLAR-<\/strong><\/span><\/p>\n<p style=\"text-align: justify;\">Ba\u015fbakan Erdo\u011fan, havaalan\u0131nda KKTC Cumhurba\u015fkan\u0131 Dervi\u015f Ero\u011flu ve KKTC Ba\u015fbakan\u0131 \u0130rsen K\u00fc\u00e7\u00fck ile bir s\u00fcre g\u00f6r\u00fc\u015ft\u00fckten sonra, y\u00fcr\u00fcyerek konu\u015fma yapaca\u011f\u0131 alana geldi.<\/p>\n<p style=\"text-align: justify;\">Erdo\u011fan&#8217;\u0131n konu\u015fmas\u0131ndan \u00f6nce, Ba\u015fbakan Yard\u0131mc\u0131s\u0131 Be\u015fir Atalay, D\u0131\u015fi\u015fleri Bakan\u0131 Ahmet Davuto\u011flu, Avrupa Birli\u011fi Bakan\u0131 Egemen Ba\u011f\u0131\u015f, Milli Savunma Bakan\u0131 \u0130smet Y\u0131lmaz ve KKTC&#8217;li bakanlar otob\u00fcse \u00e7\u0131karak, halk\u0131 selamlad\u0131lar.<\/p>\n<p style=\"text-align: justify;\">Alanda &#8220;Ne Mutlu T\u00fcrk\u00fcm Diyene&#8221;, &#8220;Ne Mutlu KKTC&#8217;liyim Diyebiline&#8221;, Ho\u015fgeldiniz Ba\u015fbakan\u0131m, ho\u015fgeldiniz b\u00fcy\u00fck usta&#8221;, &#8220;El ele, g\u00f6n\u00fcl g\u00f6n\u00fcle Anavatan, Yavruvatan, Ho\u015fgeldin Recep Tayyip Erdo\u011fan&#8221; yaz\u0131l\u0131 pankartlar a\u00e7\u0131ld\u0131 ve &#8220;Onuncu Y\u0131l Mar\u015f\u0131&#8221; s\u00f6ylendi.<\/p>\n<p style=\"text-align: justify;\">Erdo\u011fan&#8217;a havaalan\u0131ndan Lefko\u015fa&#8217;ya giderken vatanda\u015flar a\u00e7t\u0131klar\u0131 \u00e7e\u015fitli pankartlarla sevgi g\u00f6sterisinde bulundu.<\/p>\n<p style=\"text-align: justify;\">Billboardlarda ise,&#8221;D\u00fcn\u00fcm\u00fcz bir, yar\u0131n\u0131m\u0131z bir, tek y\u00fcre\u011fiz&#8221;, &#8220;20 Temmuz bayram\u0131n\u0131z\u0131 kutluyoruz&#8221; \u015feklinde yaz\u0131lar yer ald\u0131.<\/p>\n<p style=\"text-align: justify;\"><a href=\"http:\/\/www.cnnturk.com\/2011\/dunya\/07\/19\/erdogan.kibris.diye.bir.devlet.yok\/623243.0\/index.html\" target=\"_blank\">Kaynak : CNN T\u00dcRK<\/a><\/p>\n","protected":false},"excerpt":{"rendered":"<p style=\"text-align: justify;\">\n<p style=\"text-align: justify;\">Ba\u015fbakan Erdo\u011fan, 20 Temmuz Bar\u0131\u015f ve \u00d6zg\u00fcrl\u00fck Bayram\u0131 kutlamalar\u0131 i\u00e7in KKTC&#8217;de. Havaalan\u0131nda toplanan KKTC&#8217;lilere seslenen Erdo\u011fan, &#8220;biz et ve t\u0131rnak gibiyiz. Kim ki bu v\u00fccudun azalar\u0131n\u0131, uzuvlar\u0131n\u0131 birbirinden ay\u0131rmak istiyorsa yanl\u0131\u015f bir yoldad\u0131r&#8221; dedi. Erdo\u011fan, &#8220;\u015fu anda &#8220;K\u0131br\u0131s&#8221; diye bir devlet olmad\u0131\u011f\u0131n\u0131&#8221; s\u00f6yledi.<\/p>\n<p style=\"text-align: justify;\">Ba\u015fbakan Recep Tayyip Erdo\u011fan, 61. <\/p>\n","protected":false},"author":1,"featured_media":0,"comment_status":"open","ping_status":"open","sticky":false,"template":"","format":"standard","meta":{"footnotes":""},"categories":[105],"tags":[],"class_list":["post-37072","post","type-post","status-publish","format-standard","hentry","category-gundem","odd"],"_links":{"self":[{"href":"http:\/\/www.korhanyilmaz.com\/index.php?rest_route=\/wp\/v2\/posts\/37072","targetHints":{"allow":["GET"]}}],"collection":[{"href":"http:\/\/www.korhanyilmaz.com\/index.php?rest_route=\/wp\/v2\/posts"}],"about":[{"href":"http:\/\/www.korhanyilmaz.com\/index.php?rest_route=\/wp\/v2\/types\/post"}],"author":[{"embeddable":true,"href":"http:\/\/www.korhanyilmaz.com\/index.php?rest_route=\/wp\/v2\/users\/1"}],"replies":[{"embeddable":true,"href":"http:\/\/www.korhanyilmaz.com\/index.php?rest_route=%2Fwp%2Fv2%2Fcomments&post=37072"}],"version-history":[{"count":0,"href":"http:\/\/www.korhanyilmaz.com\/index.php?rest_route=\/wp\/v2\/posts\/37072\/revisions"}],"wp:attachment":[{"href":"http:\/\/www.korhanyilmaz.com\/index.php?rest_route=%2Fwp%2Fv2%2Fmedia&parent=37072"}],"wp:term":[{"taxonomy":"category","embeddable":true,"href":"http:\/\/www.korhanyilmaz.com\/index.php?rest_route=%2Fwp%2Fv2%2Fcategories&post=37072"},{"taxonomy":"post_tag","embeddable":true,"href":"http:\/\/www.korhanyilmaz.com\/index.php?rest_route=%2Fwp%2Fv2%2Ftags&post=37072"}],"curies":[{"name":"wp","href":"https:\/\/api.w.org\/{rel}","templated":true}]}}