{"id":37066,"date":"2011-07-19T16:10:46","date_gmt":"2011-07-19T13:10:46","guid":{"rendered":"http:\/\/www.korhanyilmaz.com\/?p=37066"},"modified":"2011-07-19T17:22:10","modified_gmt":"2011-07-19T14:22:10","slug":"guney-kibrisa-baskanlik-verilirse","status":"publish","type":"post","link":"http:\/\/www.korhanyilmaz.com\/?p=37066","title":{"rendered":"&#8220;G\u00fcney K\u0131br\u0131s&#8217;a ba\u015fkanl\u0131k verilirse&#8230;&#8221;"},"content":{"rendered":"<p style=\"text-align: center;\"><a href=\"http:\/\/www.korhanyilmaz.com\/wp-content\/uploads\/2011\/07\/1674.jpg\"  class=\"lightview\"><img loading=\"lazy\" decoding=\"async\" class=\"aligncenter size-full wp-image-37067\" src=\"http:\/\/www.korhanyilmaz.com\/wp-content\/uploads\/2011\/07\/1674.jpg\" alt=\"\" width=\"462\" height=\"210\" \/><\/a><\/p>\n<p style=\"text-align: justify;\">KKTC ziyareti \u00f6ncesi bir bas\u0131n toplant\u0131s\u0131 d\u00fczenleyen Ba\u015fbakan Erdo\u011fan, AB&#8217;ye \u00e7ok sert bir K\u0131br\u0131s mesaj\u0131 verdi. Erdo\u011fan, Silvan sald\u0131r\u0131s\u0131yla ilgili olarak da askerin yan\u0131 s\u0131ra sald\u0131r\u0131y\u0131 bakanl\u0131\u011f\u0131n da ara\u015ft\u0131raca\u011f\u0131n\u0131 belirtti.<!--more--><\/p>\n<p style=\"text-align: justify;\">ANKARA &#8211; Ba\u015fbakan Recep Tayyip Erdo\u011fan, Silvan&#8217;da 13 askerin \u015fehit edilmesinin ard\u0131ndan \u0130\u00e7i\u015fleri Bakanl\u0131\u011f\u0131&#8217;n\u0131n soru\u015fturma ba\u015flatmas\u0131yla ilgili, &#8221;G\u00fcvenli\u011fimizle alakal\u0131 13 yavrumuzun \u015fehit oldu\u011fu b\u00f6yle bir olay\u0131n Genelkurmay taraf\u0131ndan incelenmesi, tetkiki yap\u0131laca\u011f\u0131 gibi, bir de sivil g\u00f6zle, sivil iradenin bu \u015fekilde inceleme yapmas\u0131, ara\u015ft\u0131rmas\u0131 en do\u011fal, en tabii y\u00f6ntemdir&#8221; dedi.<\/p>\n<p style=\"text-align: justify;\">Erdo\u011fan, KKTC&#8217;ye yapaca\u011f\u0131 resmi ziyaret \u00f6ncesinde Esenbo\u011fa Havaalan\u0131&#8217;nda a\u00e7\u0131klamalarda bulundu ve gazetecilerin sorular\u0131n\u0131 yan\u0131tlad\u0131.<\/p>\n<p style=\"text-align: justify;\">Ter\u00f6r \u00f6rg\u00fct\u00fc taraf\u0131ndan Silvan&#8217;da 13 askerin \u015fehit edilmesinin ard\u0131ndan \u0130\u00e7i\u015fleri Bakanl\u0131\u011f\u0131&#8217;na da soru\u015fturma talimat\u0131 verilmesiyle ilgili soruyu yan\u0131tlarken Ba\u015fbakan Erdo\u011fan, \u015funlar\u0131 s\u00f6yledi:<\/p>\n<p style=\"text-align: justify;\">&#8221;Bu olay s\u0131radan bir olay de\u011fil. Dolay\u0131s\u0131yla g\u00fcvenli\u011fimizle alakal\u0131 13 yavrumuzun \u015fehit oldu\u011fu b\u00f6yle bir olay\u0131n Genelkurmay taraf\u0131ndan incelenmesi, tetkiki yap\u0131laca\u011f\u0131 gibi, bir de sivil g\u00f6zle, sivil iradenin bu \u015fekilde inceleme yapmas\u0131, ara\u015ft\u0131rmas\u0131 en do\u011fal, en tabii y\u00f6ntemdir. Toplumdaki, halk\u0131m\u0131z aras\u0131ndaki soru i\u015faretlerine de cevap olu\u015fturabilecek bir ara\u015ft\u0131rmay\u0131 \u00e7ift y\u00f6nl\u00fc yapmam\u0131z\u0131n uygun olaca\u011f\u0131na inanarak b\u00f6yle bir karar\u0131 ald\u0131k ve onun i\u00e7in b\u00f6yle bir talimat\u0131 vermi\u015f bulunuyoruz&#8221;<\/p>\n<p style=\"text-align: justify;\"><strong>&#8220;G\u00dcNEY KIBRIS \u0130LE MASAYA OTURMAYIZ&#8221;<\/strong><\/p>\n<p style=\"text-align: justify;\">Erdo\u011fan, G\u00fcney K\u0131br\u0131s&#8217;\u0131n AB d\u00f6nem ba\u015fkan\u0131 olmas\u0131yla ilgili yapt\u0131\u011f\u0131 de\u011ferlendirmede, &#8221;G\u00fcney K\u0131br\u0131s&#8217;a b\u00f6yle bir d\u00f6nem ba\u015fkanl\u0131\u011f\u0131 vermeleri halinde biz kesinlikle kendilerini tan\u0131m\u0131yoruz ve G\u00fcney K\u0131br\u0131s&#8217;la b\u00f6yle bir masaya oturma, g\u00f6r\u00fc\u015fme, b\u00f6yle bir \u015feyi asla yapmay\u0131z&#8221; dedi.<\/p>\n<p style=\"text-align: justify;\">&#8221;G\u00fcney K\u0131br\u0131s&#8217;\u0131n AB d\u00f6nem ba\u015fkanl\u0131\u011f\u0131 durumunda 6 ay AB ile ili\u015fkilerin dondurulmas\u0131ndan bahsettiniz. B\u00f6yle bir s\u00fcre\u00e7te ili\u015fkiler konusunda nas\u0131l bir \u00f6ng\u00f6r\u00fcn\u00fcz var?&#8221; sorusu \u00fczerine Erdo\u011fan, bu konuda daha \u00f6nce D\u0131\u015fi\u015fleri Bakan\u0131&#8217;n\u0131n da a\u00e7\u0131klama yapt\u0131\u011f\u0131n\u0131 an\u0131msatarak, &#8221;Bu bizim h\u00fck\u00fcmet olarak kesin tavr\u0131m\u0131zd\u0131r, kararl\u0131l\u0131\u011f\u0131m\u0131zd\u0131r&#8221; dedi.<\/p>\n<p style=\"text-align: justify;\">Erdo\u011fan, \u015f\u00f6yle konu\u015ftu:<\/p>\n<p style=\"text-align: justify;\">&#8221;Biz tan\u0131mad\u0131\u011f\u0131m\u0131z bir G\u00fcney K\u0131br\u0131s Rum Y\u00f6netimi ile nas\u0131l olur da AB&#8217;de kalk\u0131p onun Birli\u011fe al\u0131nmas\u0131n\u0131 bir kabul i\u015fareti olarak g\u00f6r\u00fcp, onunla masaya oturmak veya onun d\u00f6nem birli\u011fini ya\u015famak gibi bir \u015feyi kabul ederiz, b\u00f6yle bir\u015fey olabilir mi? Bu teklifin bize yap\u0131lmas\u0131 bir defa \u00e7ok yanl\u0131\u015f bir \u015fey. Dolay\u0131s\u0131yla AB ne d\u00fc\u015f\u00fcn\u00fcr, bunlar\u0131n hi\u00e7birisi bizi ilgilendirmez. AB; G\u00fcney K\u0131br\u0131s Rum y\u00f6netimi&#8217;nin kabul ederken bunu d\u00fc\u015f\u00fcnseydi. Onlar buzu o zaman d\u00fc\u015f\u00fcnmediler. Bize kar\u015f\u0131 yanl\u0131\u015f yapt\u0131lar, bize kar\u015f\u0131 d\u00fcr\u00fcst davranmad\u0131lar. Bize kar\u015f\u0131 K\u0131br\u0131s&#8217;ta bir referandumun yap\u0131lmas\u0131 hususunu g\u00fcndeme getirdiler. Ve kuzey K\u0131br\u0131s&#8217;ta y\u00fczde 65 &#8216;evet&#8217; \u00e7\u0131kt\u0131\u011f\u0131 halde G\u00fcney&#8217;de y\u00fczde 75 &#8216;hay\u0131r&#8217; \u00e7\u0131kt\u0131\u011f\u0131 halde kalm\u0131\u015flard\u0131r, hay\u0131r diyenleri \u00f6d\u00fcllendirmi\u015flerdir.<\/p>\n<p style=\"text-align: justify;\">B\u00fct\u00fcn bu \u00f6d\u00fcllendirmelerin hepsi de AB m\u00fcktesebat\u0131na da terstir. \u00c7\u00fcnk\u00fc \u015fu anda bir defa K\u0131br\u0131s&#8217;ta m\u00fcstakil bir &#8216;K\u0131br\u0131s Devleti&#8217; diye bir\u015fey yoktur. Kuzey&#8217;de kim var? Kuzey&#8217;de T\u00fcrk devleti var. Rumlar sadece G\u00fcney&#8217;de var. Kimse d\u00fcnyay\u0131 aldatmas\u0131n. Hele hele bizi kimse aldatmaya kalkmas\u0131n. Tamamen ortadan, \u015fu anda hatla ayr\u0131lm\u0131\u015f bir K\u0131br\u0131s var. kimi aldat\u0131yorsunuz. Dolay\u0131s\u0131yla G\u00fcney K\u0131br\u0131s&#8217;a b\u00f6yle bir d\u00f6nem ba\u015fkanl\u0131\u011f\u0131 vermeleri halinde biz kesinlikle kendilerini tan\u0131m\u0131yoruz ve G\u00fcney K\u0131br\u0131s&#8217;la b\u00f6yle bir masaya oturma, g\u00f6r\u00fc\u015fme, b\u00f6yle bir \u015feyi asla yapmay\u0131z. Bunu bilmeleri laz\u0131m. Zaten bunu da AB&#8217;nin yetkililerinin bildiklerini zannediyorum. Olay budur&#8230;&#8221;<\/p>\n<p style=\"text-align: justify;\"><a href=\"http:\/\/www.gazeteport.com.tr\/haber\/43206\/quot13_sehiti_bakanlik_inceleyecekquot\" target=\"_blank\">Kaynak : GAZETEPORT<\/a><\/p>\n","protected":false},"excerpt":{"rendered":"<p style=\"text-align: center;\">\n<p style=\"text-align: justify;\">KKTC ziyareti \u00f6ncesi bir bas\u0131n toplant\u0131s\u0131 d\u00fczenleyen Ba\u015fbakan Erdo\u011fan, AB&#8217;ye \u00e7ok sert bir K\u0131br\u0131s mesaj\u0131 verdi. Erdo\u011fan, Silvan sald\u0131r\u0131s\u0131yla ilgili olarak da askerin yan\u0131 s\u0131ra sald\u0131r\u0131y\u0131 bakanl\u0131\u011f\u0131n da ara\u015ft\u0131raca\u011f\u0131n\u0131 belirtti.<\/p>\n","protected":false},"author":1,"featured_media":0,"comment_status":"open","ping_status":"open","sticky":false,"template":"","format":"standard","meta":{"footnotes":""},"categories":[105],"tags":[],"class_list":["post-37066","post","type-post","status-publish","format-standard","hentry","category-gundem","odd"],"_links":{"self":[{"href":"http:\/\/www.korhanyilmaz.com\/index.php?rest_route=\/wp\/v2\/posts\/37066","targetHints":{"allow":["GET"]}}],"collection":[{"href":"http:\/\/www.korhanyilmaz.com\/index.php?rest_route=\/wp\/v2\/posts"}],"about":[{"href":"http:\/\/www.korhanyilmaz.com\/index.php?rest_route=\/wp\/v2\/types\/post"}],"author":[{"embeddable":true,"href":"http:\/\/www.korhanyilmaz.com\/index.php?rest_route=\/wp\/v2\/users\/1"}],"replies":[{"embeddable":true,"href":"http:\/\/www.korhanyilmaz.com\/index.php?rest_route=%2Fwp%2Fv2%2Fcomments&post=37066"}],"version-history":[{"count":0,"href":"http:\/\/www.korhanyilmaz.com\/index.php?rest_route=\/wp\/v2\/posts\/37066\/revisions"}],"wp:attachment":[{"href":"http:\/\/www.korhanyilmaz.com\/index.php?rest_route=%2Fwp%2Fv2%2Fmedia&parent=37066"}],"wp:term":[{"taxonomy":"category","embeddable":true,"href":"http:\/\/www.korhanyilmaz.com\/index.php?rest_route=%2Fwp%2Fv2%2Fcategories&post=37066"},{"taxonomy":"post_tag","embeddable":true,"href":"http:\/\/www.korhanyilmaz.com\/index.php?rest_route=%2Fwp%2Fv2%2Ftags&post=37066"}],"curies":[{"name":"wp","href":"https:\/\/api.w.org\/{rel}","templated":true}]}}