{"id":37063,"date":"2011-07-18T08:21:22","date_gmt":"2011-07-18T05:21:22","guid":{"rendered":"http:\/\/www.korhanyilmaz.com\/?p=37063"},"modified":"2011-07-19T17:16:46","modified_gmt":"2011-07-19T14:16:46","slug":"ankara-generalleri-kisla-yolcusu","status":"publish","type":"post","link":"http:\/\/www.korhanyilmaz.com\/?p=37063","title":{"rendered":"&#8216;Ankara generalleri&#8217; k\u0131\u015fla yolcusu"},"content":{"rendered":"<p style=\"text-align: center;\"><a href=\"http:\/\/www.korhanyilmaz.com\/wp-content\/uploads\/2011\/07\/1673.jpg\"  class=\"lightview\"><img loading=\"lazy\" decoding=\"async\" class=\"aligncenter size-full wp-image-37064\" src=\"http:\/\/www.korhanyilmaz.com\/wp-content\/uploads\/2011\/07\/1673.jpg\" alt=\"\" width=\"462\" height=\"210\" \/><\/a><\/p>\n<p style=\"text-align: justify;\">\u2018Tutuklu generaller zaafiyet yarat\u0131yor\u2019 ele\u015ftirilerine Ankara\u2019da bulunan 170 generalin k\u0131\u015flalara y\u00f6nlendirilmesi \u00e7\u00f6z\u00fcm\u00fc masada.<\/p>\n<p style=\"text-align: justify;\">T\u00fcrk Silahl\u0131 Kuvvetleri\u2019nin daha etkin hale getirilmesi i\u00e7in 2011 Y\u00fcksek Askeri \u015euras\u0131\u2019nda \u00f6nemli ad\u0131mlar at\u0131lacak. Bu kapsamda Ankara\u2019da bulunan 170 Generalin, etkin g\u00f6revlere kayd\u0131r\u0131lmas\u0131 masaya yat\u0131r\u0131lacak. \u00d6zellikle ter\u00f6rle m\u00fccadelede T\u00fcrk Silahl\u0131 Kuvvetleri\u2019nin daha etkin ve atak bir yap\u0131ya b\u00fcr\u00fcnd\u00fcr\u00fclebilmesi i\u00e7in bu y\u0131lki Y\u00fcksek Askeri \u015eura\u2019da \u00f6nemli kararlar al\u0131nmas\u0131 bekleniyor. TSK\u2019n\u0131n personel yap\u0131s\u0131 detayl\u0131 olarak incelenirken, Ankara\u2019da g\u00f6rev yapan 170 general en \u00f6nemli kalemi olu\u015fturuyor. <!--more--><\/p>\n<p style=\"text-align: justify;\"><strong>SAYI B\u00dcT\u00dcN ORDULARDAN Y\u00dcKSEK<\/strong><\/p>\n<p style=\"text-align: justify;\">Star gazetesinde yer alan habere g\u00f6re, d\u00fcnya ordular\u0131yla k\u0131yaslan\u0131nca b\u00fcnyesinde olduk\u00e7a y\u00fcksek say\u0131da General bar\u0131nd\u0131ran T\u00fcrk Silahl\u0131 Kuvvetleri\u2019nde bu say\u0131n\u0131n d\u00fc\u015f\u00fcr\u00fclmesi ve Ankara\u2019da etkin olmayan g\u00f6revlerde bulunan 170 generalin k\u0131\u015fla g\u00f6revlerine da\u011f\u0131t\u0131lmas\u0131 i\u00e7in form\u00fcller \u00fczerinde \u00e7al\u0131\u015f\u0131l\u0131yor. \u00c7al\u0131\u015fmada modern d\u00fcnya ordular\u0131n\u0131n kuvvet yap\u0131s\u0131 masaya yat\u0131r\u0131l\u0131rken ba\u015fka hi\u00e7bir Orduda merkezde bu kadar y\u00fcksek say\u0131da generalin g\u00f6rev yapmad\u0131\u011f\u0131 belirlendi.<\/p>\n<p style=\"text-align: justify;\">TSK\u2019da normalde general say\u0131s\u0131n\u0131n 301 olmas\u0131 gerekirken bu say\u0131n\u0131n a\u015f\u0131lm\u0131\u015f olmas\u0131na da \u00e7\u00f6z\u00fcm \u00fcretilecek.<\/p>\n<p style=\"text-align: justify;\"><strong>ETK\u0130NL\u0130\u011e\u0130 AZALTAN UNSUR \u00c7OK<\/strong><\/p>\n<p style=\"text-align: justify;\">Uzatmalarla ilave say\u0131 47 en fazla adet artmas\u0131 gerekirken, bu say\u0131n\u0131n da a\u015f\u0131lmas\u0131 s\u0131k\u0131nt\u0131 olu\u015fturuyor. \u015eu an TSK\u2019da 363 general g\u00f6rev yap\u0131yor. Bir di\u011fer s\u0131k\u0131nt\u0131 da TSK\u2019da sava\u015f\u00e7\u0131 subay kadrosunun geni\u015f tutulmas\u0131 yerine y\u00fckselme esasl\u0131 yap\u0131da olu\u015fuyor. Bu nedenle TSK\u2019da Albay say\u0131s\u0131 8 bin 175\u2019i bulmu\u015f durumda. Albay say\u0131s\u0131n\u0131n y\u00fcksekli\u011fi hem Generallik i\u00e7in bask\u0131 olu\u015fturmas\u0131 hem de etkinli\u011fi azaltan bir unsura d\u00f6n\u00fc\u015fmesi nedeniyle H\u00fck\u00fcmetin g\u00fcndemindeki bir di\u011fer konu.<\/p>\n<p style=\"text-align: justify;\"><strong>TAB\u0130P KADROSU TARTI\u015eMA \u00c7IKARIR<\/strong><\/p>\n<p style=\"text-align: justify;\">YA\u015e\u2019ta Kara ve Deniz Kuvvetleri\u2019ni kar\u015f\u0131 kar\u015f\u0131ya getirecek bir unsur da tabip s\u0131n\u0131f\u0131ndan se\u00e7ilecek pa\u015fa konusu. Team\u00fcllere g\u00f6re bu y\u0131l s\u0131ra Karac\u0131larda ve Kara s\u0131n\u0131f\u0131ndan bir tabip albay\u0131n general olmas\u0131 gerekiyor. Ancak Deniz Kuvvetleri Komutan\u0131 Oramiral U\u011fur Yi\u011fit\u2019in Denizci bir albay\u0131n tabip amiral yap\u0131lmas\u0131 i\u00e7in yo\u011fun talebi bulunuyor.<\/p>\n<p style=\"text-align: justify;\"><a href=\"http:\/\/www.gazeteport.com.tr\/haber\/42893\/ankara_generalleri_kisla_yolcusu\" target=\"_blank\">Kaynak : GAZETEPORT <\/a><\/p>\n","protected":false},"excerpt":{"rendered":"<p style=\"text-align: center;\">\n<p style=\"text-align: justify;\">\u2018Tutuklu generaller zaafiyet yarat\u0131yor\u2019 ele\u015ftirilerine Ankara\u2019da bulunan 170 generalin k\u0131\u015flalara y\u00f6nlendirilmesi \u00e7\u00f6z\u00fcm\u00fc masada.<\/p>\n<p style=\"text-align: justify;\">T\u00fcrk Silahl\u0131 Kuvvetleri\u2019nin daha etkin hale getirilmesi i\u00e7in 2011 Y\u00fcksek Askeri \u015euras\u0131\u2019nda \u00f6nemli ad\u0131mlar at\u0131lacak. Bu kapsamda Ankara\u2019da bulunan 170 Generalin, etkin g\u00f6revlere kayd\u0131r\u0131lmas\u0131 masaya yat\u0131r\u0131lacak. \u00d6zellikle ter\u00f6rle m\u00fccadelede T\u00fcrk Silahl\u0131 Kuvvetleri\u2019nin daha etkin ve <\/p>\n","protected":false},"author":1,"featured_media":0,"comment_status":"open","ping_status":"open","sticky":false,"template":"","format":"standard","meta":{"footnotes":""},"categories":[105],"tags":[],"class_list":["post-37063","post","type-post","status-publish","format-standard","hentry","category-gundem","odd"],"_links":{"self":[{"href":"http:\/\/www.korhanyilmaz.com\/index.php?rest_route=\/wp\/v2\/posts\/37063","targetHints":{"allow":["GET"]}}],"collection":[{"href":"http:\/\/www.korhanyilmaz.com\/index.php?rest_route=\/wp\/v2\/posts"}],"about":[{"href":"http:\/\/www.korhanyilmaz.com\/index.php?rest_route=\/wp\/v2\/types\/post"}],"author":[{"embeddable":true,"href":"http:\/\/www.korhanyilmaz.com\/index.php?rest_route=\/wp\/v2\/users\/1"}],"replies":[{"embeddable":true,"href":"http:\/\/www.korhanyilmaz.com\/index.php?rest_route=%2Fwp%2Fv2%2Fcomments&post=37063"}],"version-history":[{"count":0,"href":"http:\/\/www.korhanyilmaz.com\/index.php?rest_route=\/wp\/v2\/posts\/37063\/revisions"}],"wp:attachment":[{"href":"http:\/\/www.korhanyilmaz.com\/index.php?rest_route=%2Fwp%2Fv2%2Fmedia&parent=37063"}],"wp:term":[{"taxonomy":"category","embeddable":true,"href":"http:\/\/www.korhanyilmaz.com\/index.php?rest_route=%2Fwp%2Fv2%2Fcategories&post=37063"},{"taxonomy":"post_tag","embeddable":true,"href":"http:\/\/www.korhanyilmaz.com\/index.php?rest_route=%2Fwp%2Fv2%2Ftags&post=37063"}],"curies":[{"name":"wp","href":"https:\/\/api.w.org\/{rel}","templated":true}]}}