{"id":37059,"date":"2011-07-19T11:28:36","date_gmt":"2011-07-19T08:28:36","guid":{"rendered":"http:\/\/www.korhanyilmaz.com\/?p=37059"},"modified":"2011-07-19T13:17:00","modified_gmt":"2011-07-19T10:17:00","slug":"yasta-14-isim-terfi-edemeyecek","status":"publish","type":"post","link":"http:\/\/www.korhanyilmaz.com\/?p=37059","title":{"rendered":"YA\u015e&#8217;ta 14 isim terfi edemeyecek"},"content":{"rendered":"<p style=\"text-align: justify;\"><a href=\"http:\/\/www.korhanyilmaz.com\/wp-content\/uploads\/2011\/07\/1671.jpg\"  class=\"lightview\"><img loading=\"lazy\" decoding=\"async\" class=\"aligncenter size-full wp-image-37060\" src=\"http:\/\/www.korhanyilmaz.com\/wp-content\/uploads\/2011\/07\/1671.jpg\" alt=\"\" width=\"307\" height=\"236\" \/><\/a><\/p>\n<p style=\"text-align: justify;\">&#8220;Balyoz&#8221; davas\u0131 kapsam\u0131nda tutuklu 43 general nedeniyle YA\u015e s\u0131ras\u0131nda ortaya \u00e7\u0131kabilecek muhtemel krizlerin h\u00fck\u00fcmetin elindeki &#8220;Kanun H\u00fckm\u00fcnde Kararname&#8221; yetkisi ile a\u015f\u0131labilece\u011fi dile getiriliyor. T\u00fcrk Silahl\u0131 Kuvvetleri Personel Kanunu&#8217;na g\u00f6re, haklar\u0131nda a\u00e7\u0131lan dava kapsam\u0131nda tutuklananlar, daha sonra sal\u0131verilseler dahi terfi edemiyorlar. Bu y\u00fczden bu seneki \u015f\u00fbrada terfi s\u0131ras\u0131nda bulunan 14 ismin bu \u015fans\u0131n\u0131 yitirdi\u011fi de\u011ferlendiriliyor. <!--more--><\/p>\n<p style=\"text-align: justify;\">Cumhuriyet gazetesinde Bark\u0131n \u015e\u0131k imzal\u0131 habere g\u00f6re, Y\u00fcksek Askeri \u015e\u00fbra (YA\u015e) 131 general\/amiralin terfi durumunu masaya yat\u0131racak.<\/p>\n<p style=\"text-align: justify;\">&#8220;Balyoz&#8221; davas\u0131 kapsam\u0131nda tutuklu 14 generalin ise terfi \u015fans\u0131 bulunmuyor. H\u00fck\u00fcmetin bu isimlerin emeklili\u011fini isteyebilece\u011fi dile getiriliyor.<\/p>\n<p style=\"text-align: justify;\">\u015euradaki en kritik konulardan birisi Hava Kuvvetleri Komutanl\u0131\u011f\u0131. Mevcut komutan Orgeneral Hasan Aksay\u2019\u0131n g\u00f6rev s\u00fcresi ya 1 y\u0131l uzat\u0131lacak ya da Hava Kuvvetleri Lojistik Komutan\u0131 Korgeneral Mehmet Erten bir \u00fcst r\u00fctbeye terfi ederek ya\u015f haddi nedeniyle 2 y\u0131l Hava Kuvvetleri Komutanl\u0131\u011f\u0131 yapmas\u0131n\u0131n ard\u0131ndan emekliye ayr\u0131lacak.<\/p>\n<p style=\"text-align: justify;\">\u015e\u00fbra s\u0131ras\u0131nda ortaya \u00e7\u0131kabilecek muhtemel krizlerin ise h\u00fck\u00fcmetin elindeki \u201cKanun H\u00fckm\u00fcnde Kararname\u201d yetkisi ile a\u015f\u0131labilece\u011fi Ankara kulislerinde dile getiriliyor. &#8220;Balyoz Davas\u0131&#8221; kapsam\u0131nda tutuklanan general\/amiral say\u0131s\u0131 43\u2019\u00fc buldu. T\u00fcrk Silahl\u0131 Kuvvetleri Personel Kanunu\u2019na g\u00f6re, haklar\u0131nda a\u00e7\u0131lan dava kapsam\u0131nda tutuklananlar, daha sonra sal\u0131verilseler dahi terfi edemiyorlar. Bu y\u00fczden bu seneki \u015f\u00fbrada terfi s\u0131ras\u0131nda bulunan 14 ismin bu \u015fans\u0131n\u0131 yitirdi\u011fi de\u011ferlendiriliyor.<\/p>\n<p style=\"text-align: justify;\">Korgeneral Nejat Bek, Korgeneral Korkut \u00d6zarslan, Koramiral Mehmet Otuzbiro\u011flu, Korgeneral Korcan Pulats\u00fc, Korgeneral Ziya G\u00fcler, T\u00fcmgeneral Abdullah Dalay, T\u00fcmgeneral Salim Erkal Bekta\u015f, T\u00fcmgeneral Ahmet Yavuz, T\u00fcmgeneral \u0130hsan Balabanl\u0131, T\u00fcmamiral M\u00fccahit \u015ei\u015flio\u011flu, T\u00fcmgeneral Beyaz\u0131t Karata\u015f, Tu\u011famiral Ahmet T\u00fcrkmen, Tu\u011fgeneral Kas\u0131m Erdem ve Tu\u011fgeneral Ali Ayd\u0131n 2011\u2019de terfi s\u0131ras\u0131nda bulunuyordu.<\/p>\n<p style=\"text-align: justify;\">Bu y\u0131lki \u015f\u00fbrada &#8220;Balyoz Darbe Plan\u0131&#8221; davas\u0131 nedeniyle Deniz Kuvvetleri\u2019nin \u00f6n\u00fcm\u00fczdeki iki d\u00f6nem komutanlar\u0131 belli olacak. Ola\u011fan\u00fcst\u00fc bir durum ya\u015fanmamas\u0131 durumunda, Deniz Kuvvetleri Komutan\u0131 Oramiral U\u011fur Yi\u011fit, koltu\u011funu Donanma Komutan\u0131 Oramiral Emin Murat Bilgel\u2019e devredecek. Bu y\u0131lki \u015f\u00fbrada terfi s\u0131ras\u0131nda bulunan Koramiral Mehmet Otuzbiro\u011flu, Balyoz davas\u0131 kapsam\u0131nda tutukland\u0131\u011f\u0131 i\u00e7in terfi \u015fans\u0131n\u0131 yitirdi ve Koramiral G\u00fcner terfi ederek Deniz Kuvvetleri Komutanl\u0131\u011f\u0131\u2019na gelecek tek isim olarak kald\u0131.<\/p>\n<p style=\"text-align: justify;\">Kara Kuvvetleri Komutan\u0131 Orgeneral Erdal Ceylano\u011flu, kuvvet komutanl\u0131\u011f\u0131na 1 y\u0131l \u00f6nce atanmas\u0131na ra\u011fmen ya\u015f haddini doldurmas\u0131 nedeniyle emekli olacak. Orgeneral Ceylano\u011flu\u2019nun emeklili\u011finin ard\u0131ndan a\u011fustosta Kara Kuvvetleri Komutanl\u0131\u011f\u0131\u2019na Jandarma Genel Komutan\u0131 Orgeneral Necdet \u00d6zel atanacak. Jandarma Genel Komutanl\u0131\u011f\u0131\u2019na ise Kara Kuvvetleri Kurmay Ba\u015fkan\u0131 Orgeneral Bekir Kalyoncu\u2019nun getirilmesi bekleniyor.<\/p>\n<p style=\"text-align: justify;\">\u015e\u00fbrada, durumu g\u00f6r\u00fc\u015f\u00fclecek ve Cumhuriyet\u2019in ilk kez a\u00e7\u0131klad\u0131\u011f\u0131 terfi s\u0131ras\u0131nda general ve amirallerin listesi ise \u015f\u00f6yle:<\/p>\n<p style=\"text-align: justify;\"><strong>KARA KUVVETLER\u0130:<\/strong><\/p>\n<p style=\"text-align: justify;\">ORGENERALLER &#8211; Necdet \u00d6zel: Kara Kuvvetleri Komutanl\u0131\u011f\u0131\u2019na atanmas\u0131 bekleniyor.<\/p>\n<p style=\"text-align: justify;\">Erdal Ceylano\u011flu: Ya\u015f haddi nedeniyle emekli olacak.<\/p>\n<p style=\"text-align: justify;\">Sald\u0131ray Berk: G\u00f6rev s\u00fcresi bitti\u011fi i\u00e7in emekliye ayr\u0131lacak.<\/p>\n<p style=\"text-align: justify;\">KORGENERALLER &#8211; \u0130smail Hakk\u0131 Pekin (temditli), Abdullah Atay (temditli), Nejat Bek (temditli &#8211; tutuklu), \u00d6mer Necati \u00d6zbahad\u0131r (temditli), Mustafa Korkut \u00d6zarslan &#8211; (tutuklu), Ahmet Turmu\u015f, Galip Mendi, Hulusi Akar, Abdullah Ya\u015far Cihans\u0131z.<\/p>\n<p style=\"text-align: justify;\">T\u00dcMGENERALLER &#8211; G\u00fcrb\u00fcz Kaya (ge\u00e7en y\u0131lki terfisi h\u00fck\u00fcmet taraf\u0131ndan onaylanmad\u0131- tutuklu), \u0130smail Serdar Sava\u015f (temditli), Ahmet Yavuz (temditli &#8211; tutuklu), Salim Erkal Bekta\u015f (temditli &#8211; tutuklu), Ali Erdin\u00e7 (temditli), B\u00fclent Da\u011fsal\u0131 (temditli), Abdullah Dalay (temditli &#8211; tutuklu), \u0130hsan Balabanl\u0131 (temditli &#8211; tutuklu), Alaeddin \u00d6rsal (temditli), Muharrem Mutlu Ar\u0131kan (temditli), Tahir Bekiro\u011flu, \u0130hsan Uyar, Ra\u015fit Atila Onk\u00f6k, Y\u00fcksel \u00d6ztekin, Berkay Turgut, Ya\u015far Bal, Musa Avsever, \u00d6mer Bayrakl\u0131, Orhan Turfan, Y\u0131ld\u0131r\u0131m G\u00fcven\u00e7, Mehmet \u00c7etin, Selahattin K\u0131sac\u0131k.<\/p>\n<p style=\"text-align: justify;\">TU\u011eGENERALLER &#8211; \u015eahin Tarlan (temditli), Orhan K\u00f6pr\u00fc (temditli), \u0130shak Ceylan (temditli), Nam\u0131k Kemal \u00c7al\u0131\u015fkan (temditli), Tacettin Co\u015fkun (temditli), Hamza Ko\u00e7yi\u011fit (temditli), Sat\u0131 Bahad\u0131r K\u00f6se (temditli), Azmi Utfan Cinek (temditli), G\u00f6kt\u00fcrk G\u00f6kbayrak (temditli), Mehmet Ali Y\u0131ld\u0131r\u0131m (temditli), Osman Gazi Kandemir (temditli), Kas\u0131m Erdem (temditli &#8211; tutuklu), Naim Barb\u00fcro\u011flu (temditli), \u015eendo\u011fan Karaku\u015f (temditli), As\u0131m B\u00fclent Aker (temditli), Levent G\u00f6zkaya, Yavuz T\u00fcrkgenci, Erdo\u011fan Akyol, Levent \u00c7olak, Tayyar S\u00fcng\u00fc, Ersun Altunsoy, \u0130lyas Bozkurt, \u0130zzet \u00c7eting\u00f6z, Oktay Bing\u00f6l, Yakup Battal, \u00d6zhan Aya\u015f, \u015eeref Ogu\u015f, \u0130lhan B\u00f6l\u00fck, Mete Salt, Ali Do\u011fan \u0130nce, Mustafa G\u00fcler, Osman \u00dcnl\u00fc, Muammer Bayram, Mustafa \u00d6zsoy, Mustafa K\u00fc\u00e7\u00fckayan, Mehmet \u015eahing\u00f6z, Murat \u00dc\u00e7\u00fcnc\u00fc, Fevzi C\u00f6mert.<\/p>\n<p style=\"text-align: justify;\"><strong>DEN\u0130Z KUVVETLER\u0130:<\/strong><\/p>\n<p style=\"text-align: justify;\">ORAM\u0130RAL- E\u015fref U\u011fur Yi\u011fit (emekliye ayr\u0131lacak).<\/p>\n<p style=\"text-align: justify;\">KORAM\u0130RAL &#8211; Nusret G\u00fcner (terfi edecek tek isim olarak kald\u0131).<\/p>\n<p style=\"text-align: justify;\">T\u00dcMAM\u0130RALLER &#8211; \u0130zzet Artun\u00e7 (temditli), Halit \u00d6zko\u00e7 (temditli), Haydar M\u00fccahit \u015ei\u015flio\u011flu (tutuklu), Atilla Kezek, Veysel K\u00f6sele.<\/p>\n<p style=\"text-align: justify;\">TU\u011eAM\u0130RALLER &#8211; Abdullah Gavremo\u011flu (Ge\u00e7en y\u0131lki terfisi h\u00fck\u00fcmet taraf\u0131ndan onaylanmad\u0131-tutuklu), Mustafa Do\u011fan Denizmen (temditli), Ahmet T\u00fcrkmen (temditli &#8211; tutuklu), Mustafa \u0130pte\u015f (temditli), Nurhan Kahyao\u011flu (temditli), Kemalettin G\u00fcr, \u0130smail Taylan, Sualp Tayfun At\u0131l\u0131r, Nadir Hakan Erayd\u0131n, Erc\u00fcment Tatl\u0131o\u011flu, Alaettin Sevim, Hasan \u015e\u00fckr\u00fc Korlu, Emin Sami \u00d6rg\u00fc\u00e7.<\/p>\n<p style=\"text-align: justify;\"><strong>HAVA KUVVETLER\u0130:<\/strong><\/p>\n<p style=\"text-align: justify;\">ORGENERAL &#8211; Hasan Aksay (G\u00f6rev s\u00fcresi doldu, h\u00fck\u00fcmet g\u00f6rev s\u00fcresini uzatabilir).<\/p>\n<p style=\"text-align: justify;\">KORGENERALLER &#8211; Korcan Pulats\u00fc (temditli &#8211; tutuklu), Ziya G\u00fcler (temditli &#8211; tutuklu), Mehmet Erten.<\/p>\n<p style=\"text-align: justify;\">T\u00dcMGENERALLER &#8211; Fuat \u00d6zakda\u011f (temditli), Semih Birdo\u011fan (temditli), Nezih Damc\u0131, Beyaz\u0131t Karata\u015f (tutuklu), Mehmet \u00c7etin,<\/p>\n<p style=\"text-align: justify;\">Atilla \u00d6zler.<\/p>\n<p style=\"text-align: justify;\">TU\u011eGENERALLER &#8211; Kaz\u0131m \u00d6nd\u00fcl (temditli), Adnan Demirci (temditli), Ahmet Barlas (temditli), Muhittin Fatih Sert, Mustafa \u0130lhan, Atilla \u00d6zt\u00fcrk, Ziya Cemal Kad\u0131o\u011flu, Ate\u015f Mehmet \u0130rez, Cemal Sancak, Y\u0131lmaz \u00d6zkaya, Ha\u015fmet Cihangir Kadakal.<\/p>\n<p style=\"text-align: justify;\"><strong>JANDARMA:<\/strong><\/p>\n<p style=\"text-align: justify;\">KORGENERALLER &#8211; Fikret Demirta\u015f<\/p>\n<p style=\"text-align: justify;\">T\u00dcMGENERALLER &#8211; Halil Helvac\u0131o\u011flu (ge\u00e7en y\u0131lki terfisi h\u00fck\u00fcmet taraf\u0131ndan onaylanmad\u0131- tutuklu), Tunay Bilgen.<\/p>\n<p style=\"text-align: justify;\">TU\u011eGENERALLER &#8211; Ali Ayd\u0131n (temditli &#8211; tutuklu), Erhan G\u00fcder (temditli) Vahdettin Bereceli (temditli), \u0130smail Salim Olguner, Ali Lapanta, Arif \u00c7etin, \u00dcmit Y\u0131lmaz, Murat K\u0131rkaya.<\/p>\n<p style=\"text-align: justify;\"><strong>GATA:<\/strong><\/p>\n<p style=\"text-align: justify;\">TU\u011eGENERALLER &#8211; Harun Tatar (temditli), Ersoy I\u015f\u0131k (temditli), Sadettin \u00c7etiner (temditli), Yusuf Ziya Yerg\u00f6k (temditli), Mustafa Kutlu (temditli) Okan \u00d6zcan (temditli) Mehmet Tahir \u00dcnal.<\/p>\n<p style=\"text-align: justify;\"><a href=\"http:\/\/www.cnnturk.com\/2011\/yazarlar\/07\/19\/yasta.14.isim.terfi.edemeyecek\/623362.0\/index.html\" target=\"_blank\">Kaynak : CNN T\u00dcRK<\/a><\/p>\n","protected":false},"excerpt":{"rendered":"<p style=\"text-align: justify;\">\n<p style=\"text-align: justify;\">&#8220;Balyoz&#8221; davas\u0131 kapsam\u0131nda tutuklu 43 general nedeniyle YA\u015e s\u0131ras\u0131nda ortaya \u00e7\u0131kabilecek muhtemel krizlerin h\u00fck\u00fcmetin elindeki &#8220;Kanun H\u00fckm\u00fcnde Kararname&#8221; yetkisi ile a\u015f\u0131labilece\u011fi dile getiriliyor. T\u00fcrk Silahl\u0131 Kuvvetleri Personel Kanunu&#8217;na g\u00f6re, haklar\u0131nda a\u00e7\u0131lan dava kapsam\u0131nda tutuklananlar, daha sonra sal\u0131verilseler dahi terfi edemiyorlar. Bu y\u00fczden bu seneki \u015f\u00fbrada terfi s\u0131ras\u0131nda bulunan 14 ismin <\/p>\n","protected":false},"author":1,"featured_media":0,"comment_status":"open","ping_status":"open","sticky":false,"template":"","format":"standard","meta":{"footnotes":""},"categories":[105],"tags":[],"class_list":["post-37059","post","type-post","status-publish","format-standard","hentry","category-gundem","odd"],"_links":{"self":[{"href":"http:\/\/www.korhanyilmaz.com\/index.php?rest_route=\/wp\/v2\/posts\/37059","targetHints":{"allow":["GET"]}}],"collection":[{"href":"http:\/\/www.korhanyilmaz.com\/index.php?rest_route=\/wp\/v2\/posts"}],"about":[{"href":"http:\/\/www.korhanyilmaz.com\/index.php?rest_route=\/wp\/v2\/types\/post"}],"author":[{"embeddable":true,"href":"http:\/\/www.korhanyilmaz.com\/index.php?rest_route=\/wp\/v2\/users\/1"}],"replies":[{"embeddable":true,"href":"http:\/\/www.korhanyilmaz.com\/index.php?rest_route=%2Fwp%2Fv2%2Fcomments&post=37059"}],"version-history":[{"count":0,"href":"http:\/\/www.korhanyilmaz.com\/index.php?rest_route=\/wp\/v2\/posts\/37059\/revisions"}],"wp:attachment":[{"href":"http:\/\/www.korhanyilmaz.com\/index.php?rest_route=%2Fwp%2Fv2%2Fmedia&parent=37059"}],"wp:term":[{"taxonomy":"category","embeddable":true,"href":"http:\/\/www.korhanyilmaz.com\/index.php?rest_route=%2Fwp%2Fv2%2Fcategories&post=37059"},{"taxonomy":"post_tag","embeddable":true,"href":"http:\/\/www.korhanyilmaz.com\/index.php?rest_route=%2Fwp%2Fv2%2Ftags&post=37059"}],"curies":[{"name":"wp","href":"https:\/\/api.w.org\/{rel}","templated":true}]}}