{"id":37049,"date":"2011-07-19T12:27:10","date_gmt":"2011-07-19T09:27:10","guid":{"rendered":"http:\/\/www.korhanyilmaz.com\/?p=37049"},"modified":"2011-07-19T13:06:08","modified_gmt":"2011-07-19T10:06:08","slug":"savcilik-ali-demir-icin-israrli","status":"publish","type":"post","link":"http:\/\/www.korhanyilmaz.com\/?p=37049","title":{"rendered":"Savc\u0131l\u0131k Ali Demir i\u00e7in \u0131srarl\u0131"},"content":{"rendered":"<p style=\"text-align: center;\"><a href=\"http:\/\/www.korhanyilmaz.com\/wp-content\/uploads\/2011\/07\/1669.jpg\"  class=\"lightview\"><img loading=\"lazy\" decoding=\"async\" class=\"aligncenter size-full wp-image-37051\" src=\"http:\/\/www.korhanyilmaz.com\/wp-content\/uploads\/2011\/07\/1669.jpg\" alt=\"\" width=\"307\" height=\"236\" \/><\/a><\/p>\n<p style=\"text-align: justify;\">Ankara Cumhuriyet Ba\u015fsavc\u0131l\u0131\u011f\u0131, \u00d6SYM Ba\u015fkan\u0131 Ali Demir hakk\u0131nda soru\u015fturma izni verilmesi i\u00e7in Dan\u0131\u015ftay&#8217;a ba\u015fvurdu.<\/p>\n<p style=\"text-align: justify;\">Ankara Cumhuriyet Ba\u015fsavc\u0131l\u0131\u011f\u0131, &#8220;YGS&#8217;deki \u015fifre&#8221; iddialar\u0131yla ilgili olarak, Y\u00fcksek \u00d6\u011fretim Kurulu&#8217;nun (Y\u00d6K), \u00d6SYM Ba\u015fkan\u0131 Ali Demir hakk\u0131nda soru\u015fturma izni verilmemesine ili\u015fkin karar\u0131n\u0131n kald\u0131r\u0131lmas\u0131 istemiyle Dan\u0131\u015ftay&#8217;a ba\u015fvurdu. <!--more--><\/p>\n<p style=\"text-align: justify;\">AA muhabirinin ald\u0131\u011f\u0131 bilgiye g\u00f6re, &#8220;YGS&#8217;deki \u015fifre&#8221; iddialar\u0131na ili\u015fkin soru\u015fturmay\u0131 y\u00fcr\u00fcten Cumhuriyet Ba\u015fsavc\u0131vekili \u015eadan Sak\u0131nan, itiraz dilek\u00e7esini, Dan\u0131\u015ftay 1. Dairesine g\u00f6nderilmek \u00fczere Y\u00d6K Ba\u015fkanl\u0131\u011f\u0131na g\u00f6nderdi. Dilek\u00e7ede, Y\u00d6K Ba\u015fkanl\u0131\u011f\u0131n\u0131n, 23 Haziran 2011 tarihli karar\u0131 ile \u00d6SYM Ba\u015fkan\u0131 Ali Demir ile sorumlulu\u011fu tespit edilebilecek di\u011fer g\u00f6revliler hakk\u0131nda, 2011 YGS&#8217;de, 6114 say\u0131l\u0131 Kanun&#8217;un 9\/3. maddesinde yer alan &#8220;sorular\u0131n haz\u0131rlanmas\u0131 da dahil olmak \u00fczere, s\u0131nav s\u00fcrecinin herhangi bir a\u015famas\u0131nda g\u00f6rev alanlar, ilgili mevzuat \u00e7er\u00e7evesinde Y\u00f6netim Kurulu taraf\u0131ndan belirlenen kurallara titizlikle uymakla y\u00fck\u00fcml\u00fcd\u00fcrler&#8221; h\u00fckm\u00fcn\u00fcn gereklerini yerine getirmede kusurlu davran\u0131\u015flarda bulunduklar\u0131; talimatlara ayk\u0131r\u0131 hareket ettikleri, derecesi ve katk\u0131s\u0131 net bir bi\u00e7imde birbirinden ay\u0131rt edilemeyecek \u00f6l\u00e7\u00fcde ihmali tutum ve davran\u0131\u015flar\u0131n s\u00fcbut buldu\u011fu ve g\u00f6rev gereklerini yerine getirmede ihmal ve gecikmelerde bulunduklar\u0131 saptamas\u0131nda bulunuldu\u011fu aktar\u0131ld\u0131.<\/p>\n<p style=\"text-align: justify;\">Ba\u015fvuru dilek\u00e7esinde, Y\u00d6K&#8217;\u00fcn karar\u0131nda, buna kar\u015f\u0131n bu eylem ve davran\u0131\u015flar\u0131n 5237 say\u0131l\u0131 TCK&#8217;n\u0131n 257. maddesinde yer verilen &#8220;ki\u015filerin ma\u011fduriyetine, kamunun zarar\u0131na neden olunmas\u0131 veya ki\u015filere haks\u0131z kazan\u00e7 sa\u011flama&#8221; sonu\u00e7lar\u0131ndan birine yol a\u00e7mam\u0131\u015f olmas\u0131 kar\u015f\u0131s\u0131nda unsurlar\u0131 y\u00f6n\u00fcnden olu\u015fmayan &#8220;g\u00f6revin k\u00f6t\u00fcye kullan\u0131lmas\u0131&#8221; su\u00e7undan dolay\u0131 ilgililer hakk\u0131nda soru\u015fturma izni verilmemesi karar\u0131 verilerek, dosyan\u0131n Ankara Cumhuriyet Ba\u015fsavc\u0131l\u0131\u011f\u0131na g\u00f6nderildi\u011fi an\u0131msat\u0131ld\u0131.<\/p>\n<p style=\"text-align: justify;\">Dilek\u00e7ede, hakk\u0131nda soru\u015fturma izni istenen ilgililerin su\u00e7 i\u015fleme kas\u0131tlar\u0131n\u0131n, dosyada bulunan delillerin takdirinin ve su\u00e7un unsurlar\u0131n\u0131n de\u011ferlendirilmesinin Cumhuriyet Ba\u015fsavc\u0131l\u0131\u011f\u0131 makam\u0131na ait olmas\u0131 nedeniyle soru\u015fturma izni verilmemesine dair karar\u0131n kald\u0131r\u0131lmas\u0131 talep edildi.<\/p>\n<p style=\"text-align: justify;\"><a href=\"http:\/\/www.cnnturk.com\/2011\/turkiye\/07\/19\/savcilik.ali.demir.icin.israrli\/623372.0\/index.html\" target=\"_blank\">Kaynak : CNN T\u00dcRK<\/a><\/p>\n","protected":false},"excerpt":{"rendered":"<p style=\"text-align: center;\">\n<p style=\"text-align: justify;\">Ankara Cumhuriyet Ba\u015fsavc\u0131l\u0131\u011f\u0131, \u00d6SYM Ba\u015fkan\u0131 Ali Demir hakk\u0131nda soru\u015fturma izni verilmesi i\u00e7in Dan\u0131\u015ftay&#8217;a ba\u015fvurdu.<\/p>\n<p style=\"text-align: justify;\">Ankara Cumhuriyet Ba\u015fsavc\u0131l\u0131\u011f\u0131, &#8220;YGS&#8217;deki \u015fifre&#8221; iddialar\u0131yla ilgili olarak, Y\u00fcksek \u00d6\u011fretim Kurulu&#8217;nun (Y\u00d6K), \u00d6SYM Ba\u015fkan\u0131 Ali Demir hakk\u0131nda soru\u015fturma izni verilmemesine ili\u015fkin karar\u0131n\u0131n kald\u0131r\u0131lmas\u0131 istemiyle Dan\u0131\u015ftay&#8217;a ba\u015fvurdu. <\/p>\n","protected":false},"author":1,"featured_media":0,"comment_status":"open","ping_status":"open","sticky":false,"template":"","format":"standard","meta":{"footnotes":""},"categories":[105],"tags":[],"class_list":["post-37049","post","type-post","status-publish","format-standard","hentry","category-gundem","odd"],"_links":{"self":[{"href":"http:\/\/www.korhanyilmaz.com\/index.php?rest_route=\/wp\/v2\/posts\/37049","targetHints":{"allow":["GET"]}}],"collection":[{"href":"http:\/\/www.korhanyilmaz.com\/index.php?rest_route=\/wp\/v2\/posts"}],"about":[{"href":"http:\/\/www.korhanyilmaz.com\/index.php?rest_route=\/wp\/v2\/types\/post"}],"author":[{"embeddable":true,"href":"http:\/\/www.korhanyilmaz.com\/index.php?rest_route=\/wp\/v2\/users\/1"}],"replies":[{"embeddable":true,"href":"http:\/\/www.korhanyilmaz.com\/index.php?rest_route=%2Fwp%2Fv2%2Fcomments&post=37049"}],"version-history":[{"count":0,"href":"http:\/\/www.korhanyilmaz.com\/index.php?rest_route=\/wp\/v2\/posts\/37049\/revisions"}],"wp:attachment":[{"href":"http:\/\/www.korhanyilmaz.com\/index.php?rest_route=%2Fwp%2Fv2%2Fmedia&parent=37049"}],"wp:term":[{"taxonomy":"category","embeddable":true,"href":"http:\/\/www.korhanyilmaz.com\/index.php?rest_route=%2Fwp%2Fv2%2Fcategories&post=37049"},{"taxonomy":"post_tag","embeddable":true,"href":"http:\/\/www.korhanyilmaz.com\/index.php?rest_route=%2Fwp%2Fv2%2Ftags&post=37049"}],"curies":[{"name":"wp","href":"https:\/\/api.w.org\/{rel}","templated":true}]}}