{"id":37046,"date":"2011-07-19T12:45:51","date_gmt":"2011-07-19T09:45:51","guid":{"rendered":"http:\/\/www.korhanyilmaz.com\/?p=37046"},"modified":"2011-07-19T13:03:07","modified_gmt":"2011-07-19T10:03:07","slug":"sartlar-degisti-artik-taviz-yok","status":"publish","type":"post","link":"http:\/\/www.korhanyilmaz.com\/?p=37046","title":{"rendered":"\u015eartlar de\u011fi\u015fti art\u0131k taviz yok"},"content":{"rendered":"<p style=\"text-align: center;\"><a href=\"http:\/\/www.korhanyilmaz.com\/wp-content\/uploads\/2011\/07\/1668.jpg\"  class=\"lightview\"><img loading=\"lazy\" decoding=\"async\" class=\"aligncenter size-full wp-image-37047\" src=\"http:\/\/www.korhanyilmaz.com\/wp-content\/uploads\/2011\/07\/1668.jpg\" alt=\"\" width=\"307\" height=\"236\" \/><\/a><\/p>\n<p style=\"text-align: justify;\">Erdo\u011fan&#8217;dan K\u0131br\u0131s mesaj\u0131: Ben T\u00fcrkiye\u2019de Ba\u015fbakan oldu\u011fum s\u00fcrece art\u0131k benim defterimde iyilik yoktur. Yeterince iyilik yapt\u0131k K\u0131br\u0131s\u2019ta. \u0130yili\u011fe iyilikle kar\u015f\u0131l\u0131k veririz.<\/p>\n<p style=\"text-align: justify;\">Milliyet gazetesinin haberine g\u00f6re Ba\u015fbakan Recep Tayyip Erdo\u011fan, K\u0131br\u0131s\u2019ta art\u0131k yeni bir s\u00fcrecin ba\u015flad\u0131\u011f\u0131n\u0131 belirterek, \u201cUstal\u0131k d\u00f6neminin K\u0131br\u0131s\u2019a da yans\u0131yaca\u011f\u0131n\u0131\u201d s\u00f6yledi. K\u0131br\u0131s sorunun \u00e7\u00f6z\u00fcm\u00fc konusunda Annan Plan\u0131 d\u00f6neminde ortada olan \u015fartlar\u0131n de\u011fi\u015fti\u011fine dikkat \u00e7eken Erdo\u011fan, \u201cBu \u015fartlar\u0131 yeniden g\u00f6r\u00fc\u015fece\u011fiz\u201d dedi. <!--more--><\/p>\n<p style=\"text-align: justify;\">Kuzey K\u0131br\u0131s T\u00fcrk Cumhuriyeti\u2019ne bug\u00fcn yapaca\u011f\u0131 ziyaret \u00f6ncesinde K\u0131br\u0131sl\u0131 gazetecilerle AK Parti Genel Merkezi\u2019nde kahvalt\u0131da bir araya gelen Erdo\u011fan \u00f6nemli mesajlar verdi. \u201cBu millet asildir\u201d diye konu\u015fan Erdo\u011fan, \u201cHi\u00e7 bir yerde taviz vermemiz s\u00f6z konusu de\u011fildir. Bizden bunu kimse beklemesin\u201d dedi.<\/p>\n<p style=\"text-align: justify;\">Rum Y\u00f6netimi Lideri Dimitris Hristofyas\u2019\u0131n, \u201cErdo\u011fan\u2019la Bo\u011faz\u2019da bal\u0131k yiyelim sorunu \u00e7\u00f6zeriz\u201d y\u00f6n\u00fcnde yapt\u0131\u011f\u0131 a\u00e7\u0131klamayla ilgili olarak ise, \u201cYorgo\u2019yu alal\u0131m Ero\u011flu\u2019nu da alal\u0131m. Burada benim misafirim olsunlar. Hristofyas da gelsin d\u00f6rtl\u00fc olarak bal\u0131\u011f\u0131 yiyelim\u201d teklifi yapt\u0131. Besleme tart\u0131\u015fmalar\u0131na da de\u011finen Erdo\u011fan, K\u0131br\u0131sl\u0131 T\u00fcrklerle tek y\u00fcrek olduklar\u0131na i\u015faret etti ve \u201c\u015eimdi bizim Kuzey K\u0131br\u0131s\u2019ta ya\u015fayan karde\u015flerimizle aram\u0131zda bir ayr\u0131l\u0131k d\u00fc\u015f\u00fcnelebilir mi?\u201d sorusunu sordu. \u0130\u015fte Erdo\u011fan\u2019\u0131n Kuzey K\u0131br\u0131s ziyareti \u00f6ncesinde yapt\u0131\u011f\u0131 a\u00e7\u0131klamalar\u0131n ana hatlar\u0131;<\/p>\n<p style=\"text-align: justify;\"><strong>G\u00fczelyurt verilemez:<\/strong><\/p>\n<p style=\"text-align: justify;\">(\u015eapkan\u0131zdan bir tav\u015fan \u00e7\u0131kar m\u0131? sorusu \u00fczerine) \u201c\u015eapkadan bir tav\u015fan bekliyorsan\u0131z, T\u00fcrkiye Cumhuriyeti\u2019nde ben ba\u015fbakan oldu\u011fum s\u00fcrece ki 4 y\u0131l s\u00fcrem var. \u00c7ok a\u00e7\u0131k net s\u00f6yl\u00fcyorum, mesela benim kitab\u0131mda art\u0131k G\u00fczelyurt yok. Annan Plan\u0131\u2019ndaki gibi G\u00fczelyurt\u2019a bakm\u0131yorum. G\u00fczelyurt tamamen Kuzey K\u0131br\u0131s\u2019\u0131nd\u0131r. (Annan Plan\u0131\u2019nda Rumlara veriliyordu) Karpaz\u2019da zaten en ufak oynama yap\u0131lamaz. Onlar ibadet yapmaya gelmek isterlerse gelsinler. Daha farkl\u0131 oturaca\u011f\u0131z masaya. Onlar hala Annan Plan\u0131\u2019n\u0131n \u00fczerine biz daha ne al\u0131r\u0131z\u0131 konu\u015fuyorlar. Kusura bakmas\u0131nlar ge\u00e7ti o. Biz \u00e7ok a\u00e7\u0131k ve net s\u00f6yl\u00fcyoruz. Bir defa iki kesimli, e\u015fit stat\u00fcde ve iki devletli bir yap\u0131 kabul edilebilir olmal\u0131. Kabul ettiler etmediler, art\u0131k kendileri bilir. S\u00fcre darald\u0131. Kuzey K\u0131br\u0131s verdi\u011fi s\u00f6z\u00fc tuttu, bunu yapt\u0131\u011f\u0131m\u0131z halde referandum neticesinde Kuzey K\u0131br\u0131s y\u00fczde 65 \u201cevet\u201d Rumlar 75 \u201chay\u0131r\u201d dedi.<\/p>\n<p style=\"text-align: justify;\"><strong>\u0130li\u015fkiler donar<\/strong><\/p>\n<p style=\"text-align: justify;\">G\u00fcney K\u0131br\u0131s Rum Y\u00f6netimi d\u00f6nem ba\u015fkan\u0131 olacak. G\u00fcney K\u0131br\u0131s Rum Y\u00f6netimi d\u00f6nem ba\u015fkanl\u0131\u011f\u0131nda, kesinlikle kendileriyle g\u00f6r\u00fc\u015fmeyiz. AB ile ili\u015fkiler donar. 6 ay T\u00fcrkiye-AB ili\u015fkisi yoktur. Sadece biz T\u00fcrkiye\u2019den s\u00fcreci seyrederiz. Rumlarla g\u00f6r\u00fc\u015fmek bizim i\u00e7in s\u00f6z konusu de\u011fildir. Tan\u0131mad\u0131\u011f\u0131m\u0131z bir \u00fclkeyle g\u00f6r\u00fc\u015fmeyiz. Biz onlarla ayn\u0131 masada oturmay\u0131 bile zul telakti ediyoruz BM\u2019de. 2012 i\u00e7erisinde bu i\u015f bitecek mi bakal\u0131m.<\/p>\n<p style=\"text-align: justify;\">Bunlar 2012 i\u00e7erisinde bu i\u015fi bitirdiler bitirdiler, bitirmediler art\u0131k ba\u015f\u0131m\u0131z\u0131n \u00e7aresine bakmam\u0131z gerekecek. Bunu zaten onlar da biliyor. AB\u2019yi K\u0131br\u0131s konusunda muhatap kabul etmiyoruz. AB, bunu kendi zeminine \u00e7ekmeye \u00e7al\u0131\u015f\u0131yor. Biz diyoruz ki bu tamamen BM zemininde olacak. Bu da zaten AB\u2019yi ciddi mana rahats\u0131z ediyor.<\/p>\n<p style=\"text-align: justify;\"><strong>Koval\u0131yoruz ka\u00e7\u0131yorlar<\/strong><\/p>\n<p style=\"text-align: justify;\">\u201cCenevre Zirvesi yap\u0131ld\u0131, Say\u0131n Ero\u011flu iyi niyetini ortaya koydu. D\u00f6rd\u00fcnc\u00fc zirve New York\u2019ta olacak. Oray\u0131 da bir g\u00f6relim. \u00c7\u0131kacak neticeden sonra ortaya \u00e7\u0131kacak tablodan sonra tekrar oturaca\u011f\u0131z de\u011ferlendirmeleri yapaca\u011f\u0131z. Zaten dikkat ederseniz biz koval\u0131yoruz onlar ka\u00e7\u0131yor. Benim Davos\u2019ta s\u00f6yledi\u011fim bir ad\u0131m \u00f6nde politikam\u0131z devam ediyor. Ben Papandreu\u2019ya da s\u00f6yledim. Garant\u00f6r \u00fclke olarak gel otural\u0131m konu\u015fal\u0131m. Ero\u011flu da olsun Hristofyas da. Bunun yan\u0131nda BM sekreteri de olabilir. Hatta hatta \u0130ngilizleri de alal\u0131m. Ama cesaret edemiyorlar. Cesaret edemeyi\u015flerinin sebebi yani burada iki devletlilik e\u015fit stat\u00fc bunlar\u0131n i\u015flerine gelmiyor. Olmas\u0131 gereken bu.\u201d<\/p>\n<p style=\"text-align: justify;\"><strong>Hem \u00e7ocuk do\u011furmuyorsunuz hem n\u00fcfus istemiyorsunuz<\/strong><\/p>\n<p style=\"text-align: justify;\">Erdo\u011fan tek tek gazetecilere \u00e7ocuk say\u0131lar\u0131n\u0131 sordu. Havadis Genel Yay\u0131n Y\u00f6netmeni Ba\u015faran D\u00fczg\u00fcn 2, K\u0131br\u0131s Haber M\u00fcd\u00fcr\u00fc Ali Baturay 2, Yenid\u00fczen yazar\u0131 Aysu Basri \u201cHi\u00e7 \u00e7ocuk yok\u201d dedi. Bunun \u00fczerine Erdo\u011fan, \u201cKa\u00e7 y\u0131l evlisin?\u201d diye sordu. Basri de, \u201c7 y\u0131l\u201d cevab\u0131 verince, Erdo\u011fan, \u201cYedi y\u0131l ve \u00e7ocuk yok. Hem do\u011furmuyorsunuz, hem de oraya n\u00fcfus g\u00f6t\u00fcrmemize kar\u015f\u0131 \u00e7\u0131k\u0131yorsunuz. Madem n\u00fcfus aktarmam\u0131z\u0131 istemiyorsunuz, siz de do\u011furun. Burada 3 ama K\u0131br\u0131s i\u00e7in 4 \u00e7ocuk \u00f6ng\u00f6r\u00fcyorum \u00e7\u00fcnk\u00fc n\u00fcfusa ihtiyac\u0131m\u0131z var\u201d dedi. Ba\u015fbakan Erdo\u011fan kahvalt\u0131 sonras\u0131nda da, gazetecilerden \u201c4 \u00e7ocuk yapacaklar\u0131\u201d s\u00f6z\u00fc ald\u0131.<\/p>\n<p style=\"text-align: justify;\"><strong>Hay\u0131r! k\u0131br\u0131s\u2019tan asker \u00e7ekmeyiz<\/strong><\/p>\n<p style=\"text-align: justify;\">AB s\u00fcreci i\u00e7in 2012 yak\u0131n bir zaman. AB s\u00fcrecine biz uzun soluklu bak\u0131yoruz. Ama Kuzey K\u0131br\u0131s o kadar uzun s\u00fcrece bak\u0131lacak durum de\u011fil. Art\u0131k d\u00fcnyan\u0131n ufku de\u011fi\u015fti, hala bunlar Kuzey K\u0131br\u0131s bizim olacak diye bekliyorlarsa daha \u00e7ok beklerler. Bu T\u00fcrkiye burada oldu\u011fu s\u00fcrece Kuzey K\u0131br\u0131s\u2019\u0131n bir garant\u00f6r\u00fc olarak daha \u00e7ok beklerler. \u00c7ok a\u00e7\u0131k s\u00f6yl\u00fcyorum bizim orada \u015fehidimiz var, bizim orada gazimiz var. Biraz asker \u00e7ekseniz olmaz m\u0131? Hay\u0131r asker de \u00e7ekmeyiz. Biz hepsini Annan Plan\u0131\u2019nda \u00e7ok a\u00e7\u0131k net ortaya koyduk. Annan Plan\u0131\u2019nda da asker \u00e7ekmeyi kabul ettik. Bunlar ona bile yakla\u015fmad\u0131, onlar kaybetti. \u015eimdi ayn\u0131 \u015fartta olur mu, yeniden onu da konu\u015fmam\u0131z laz\u0131m. Bunlar\u0131n hepsi \u015fimdi yeniden konu\u015fulacak.<\/p>\n<p style=\"text-align: justify;\"><strong>Mara\u015f\u2019\u0131n a\u00e7\u0131lmas\u0131n\u0131 daha \u00e7ok beklerler<\/strong><\/p>\n<p style=\"text-align: justify;\">\u201cKapal\u0131 Mara\u015f\u2019\u0131n a\u00e7\u0131lmas\u0131yla ilgili soruya, \u201cK\u00f6t\u00fc niyet kar\u015f\u0131s\u0131nda kimse bizden iyi niyet beklemesin. iyi niyete iyi niyet, k\u00f6t\u00fc niyete ayn\u0131s\u0131. Mara\u015f\u2019\u0131n a\u00e7\u0131lmas\u0131 konusu daha \u00e7ok beklerler. B\u00fct\u00fcn olanlar kar\u015f\u0131s\u0131nda t\u0131kanma tehdidi alt\u0131nday\u0131z. Ama \u00fcmit ederim ki d\u00f6rd\u00fcnc\u00fc bulu\u015fma bu i\u015fin \u00f6n\u00fcn\u00fc a\u00e7s\u0131n. Ama bu i\u015finde nedeni G\u00fcney\u2019den kaynaklanmaktad\u0131r. Kuzey devaml\u0131 yap\u0131c\u0131 oldu, s\u00fcreci a\u00e7maya destek verdi. G\u00fcney her zaman bu i\u015fi t\u0131kaman\u0131n gayreti i\u00e7erisindeydi.\u201d<\/p>\n<p style=\"text-align: justify;\">KKTC\u2019nin tan\u0131t\u0131lmas\u0131: \u201cO da konu\u015fulur. De\u011ferlendirilecek ba\u015fl\u0131klar i\u00e7erisidedir o. E\u011fer bunlar iki devletli e\u015fit stat\u00fc adil \u00e7\u00f6z\u00fcme gelmiyorsa, b\u00fct\u00fcn alternatifleri bizim \u00f6nlerine s\u00fcrmemiz laz\u0131m. Sadece G\u00fcney\u2019in de\u011fil d\u00fcnyan\u0131n \u00f6n\u00fcne s\u00fcrmemiz laz\u0131m. Bak\u0131n bu i\u015f olmad\u0131. Art\u0131k sadece bu yollar var dememiz laz\u0131m.\u201d<\/p>\n<p style=\"text-align: justify;\">Bana kar\u015f\u0131 kampanya yapm\u0131\u015f olabilirler: \u201c\u015eimdi bizim Kuzey K\u0131br\u0131s\u2019ta ya\u015fayan karde\u015flerimizle aram\u0131zda bir ayr\u0131l\u0131k d\u00fc\u015f\u00fcnelebilir mi? Tek y\u00fcrek olman\u0131n d\u0131\u015f\u0131nda bir \u015fey olamaz. Ama orada baz\u0131 kendini bilmezler bir olumsuz T\u00fcrkiye\u2019ye kar\u015f\u0131 kampanya yapm\u0131\u015f olabilirler. Benim partime kar\u015f\u0131 bir kampanya yapm\u0131\u015f olabilirler \u015fahs\u0131mza kar\u015f\u0131 yapm\u0131\u015f olabilirler. Biz o ki\u015filerin veya bir ka\u00e7tane derne\u011fin bu t\u00fcr yapm\u0131\u015f oldu\u011fu \u015feyleri hi\u00e7 bir zaman Kuzey K\u0131br\u0131s\u2019\u0131n geneline mal edemeyiz. B\u00f6yle bir \u015fey s\u00f6z konusu olamaz. Orada kalk\u0131p bir tane T\u00fcrk bayra\u011f\u0131 asmay\u0131p veyahut da o toplant\u0131da bulundurmay\u0131p G\u00fcney K\u0131br\u0131s bayra\u011f\u0131 bulunduranlarad\u0131r serzeni\u015fim. Onlara o f\u0131rsat\u0131 verenlerde su\u00e7ludur. Kim olursa olsun. Zaten h\u00fck\u00fcmete de o d\u00f6nemde gerekenleri s\u00f6yledim. O \u00e7irkin pankartlar yenilir yutulur pankartlar de\u011fil. Bunlar\u0131n hepsinin foto\u011fraflar\u0131 g\u00f6r\u00fcnt\u00fcleri var. Ve biz ne yapm\u0131\u015f\u0131z ki bizim g\u00fcnah\u0131m\u0131z ne biz ne yanl\u0131\u015f yapm\u0131\u015fs\u0131z da bize bu yap\u0131l\u0131yor? Bunlar Kuzey K\u0131br\u0131s\u2019\u0131n temsilcileri de\u011fildir. Bunlar G\u00fcney\u2019in Kuzey\u2019deki temsilcileridir. \u00c7\u00fcnk\u00fc kalk\u0131pta G\u00fcney K\u0131br\u0131s\u2019\u0131n bayra\u011f\u0131n\u0131 omuzlar\u0131na alan\u0131n Kuzey\u2019le bir ba\u011flant\u0131s\u0131 olamaz. Bunlara da en b\u00fcy\u00fck tepkinin Kuzey\u2019deki medyadan olmas\u0131 gerekirdi.<\/p>\n<p style=\"text-align: justify;\">Limanlar\u0131n a\u00e7\u0131lmas\u0131: \u201cLimanlar konusu at ba\u015f\u0131 olacak. E\u015fit zamanda olacak. Biz a\u00e7al\u0131m onlar beklesin yok. Zamanlamada ayn\u0131 olacak. \u00d6nce Kuzey sonra G\u00fcney yok. E\u015f zamanl\u0131 buyursunlar yapal\u0131m. Bunun d\u0131\u015f\u0131nda hi\u00e7 bir \u00e7\u0131k\u0131\u015f\u0131 yok. Finlandiya d\u00f6nem ba\u015fkanl\u0131\u011f\u0131nda bunu teklif ettik. Ama AB \u00fclkelerine bunu kabul ettiremedi.\u201d<\/p>\n<p style=\"text-align: justify;\"><strong>Ba\u011f\u0131\u015f: Ses getirecek<\/strong><\/p>\n<p style=\"text-align: justify;\">Ba\u015fbakan Yard\u0131mc\u0131s\u0131 Egemen Ba\u011f\u0131\u015f d\u00fcnk\u00fc twitter mesaj\u0131nda, \u201cBa\u015fbakan\u0131n a\u00e7\u0131klamalar\u0131 K\u0131br\u0131s gazetelerinde ses getirecek\u201d diye yazd\u0131.<\/p>\n<p style=\"text-align: justify;\"><a href=\"http:\/\/www.cnnturk.com\/2011\/turkiye\/07\/19\/sartlar.degisti.artik.taviz.yok\/623345.0\/index.html\" target=\"_blank\">Kaynak : CNN T\u00dcRK<\/a><\/p>\n","protected":false},"excerpt":{"rendered":"<p style=\"text-align: center;\">\n<p style=\"text-align: justify;\">Erdo\u011fan&#8217;dan K\u0131br\u0131s mesaj\u0131: Ben T\u00fcrkiye\u2019de Ba\u015fbakan oldu\u011fum s\u00fcrece art\u0131k benim defterimde iyilik yoktur. Yeterince iyilik yapt\u0131k K\u0131br\u0131s\u2019ta. \u0130yili\u011fe iyilikle kar\u015f\u0131l\u0131k veririz.<\/p>\n<p style=\"text-align: justify;\">Milliyet gazetesinin haberine g\u00f6re Ba\u015fbakan Recep Tayyip Erdo\u011fan, K\u0131br\u0131s\u2019ta art\u0131k yeni bir s\u00fcrecin ba\u015flad\u0131\u011f\u0131n\u0131 belirterek, \u201cUstal\u0131k d\u00f6neminin K\u0131br\u0131s\u2019a da yans\u0131yaca\u011f\u0131n\u0131\u201d s\u00f6yledi. K\u0131br\u0131s sorunun \u00e7\u00f6z\u00fcm\u00fc konusunda Annan Plan\u0131 <\/p>\n","protected":false},"author":1,"featured_media":0,"comment_status":"open","ping_status":"open","sticky":false,"template":"","format":"standard","meta":{"footnotes":""},"categories":[105],"tags":[],"class_list":["post-37046","post","type-post","status-publish","format-standard","hentry","category-gundem","odd"],"_links":{"self":[{"href":"http:\/\/www.korhanyilmaz.com\/index.php?rest_route=\/wp\/v2\/posts\/37046","targetHints":{"allow":["GET"]}}],"collection":[{"href":"http:\/\/www.korhanyilmaz.com\/index.php?rest_route=\/wp\/v2\/posts"}],"about":[{"href":"http:\/\/www.korhanyilmaz.com\/index.php?rest_route=\/wp\/v2\/types\/post"}],"author":[{"embeddable":true,"href":"http:\/\/www.korhanyilmaz.com\/index.php?rest_route=\/wp\/v2\/users\/1"}],"replies":[{"embeddable":true,"href":"http:\/\/www.korhanyilmaz.com\/index.php?rest_route=%2Fwp%2Fv2%2Fcomments&post=37046"}],"version-history":[{"count":0,"href":"http:\/\/www.korhanyilmaz.com\/index.php?rest_route=\/wp\/v2\/posts\/37046\/revisions"}],"wp:attachment":[{"href":"http:\/\/www.korhanyilmaz.com\/index.php?rest_route=%2Fwp%2Fv2%2Fmedia&parent=37046"}],"wp:term":[{"taxonomy":"category","embeddable":true,"href":"http:\/\/www.korhanyilmaz.com\/index.php?rest_route=%2Fwp%2Fv2%2Fcategories&post=37046"},{"taxonomy":"post_tag","embeddable":true,"href":"http:\/\/www.korhanyilmaz.com\/index.php?rest_route=%2Fwp%2Fv2%2Ftags&post=37046"}],"curies":[{"name":"wp","href":"https:\/\/api.w.org\/{rel}","templated":true}]}}