{"id":37040,"date":"2011-07-18T22:58:28","date_gmt":"2011-07-18T19:58:28","guid":{"rendered":"http:\/\/www.korhanyilmaz.com\/?p=37040"},"modified":"2011-07-18T23:20:01","modified_gmt":"2011-07-18T20:20:01","slug":"cuvalci-cia-baskani-ankarada","status":"publish","type":"post","link":"http:\/\/www.korhanyilmaz.com\/?p=37040","title":{"rendered":"\u00c7uvalc\u0131 CIA Ba\u015fkan\u0131 Ankara&#8217;da"},"content":{"rendered":"<p style=\"text-align: justify;\">\n<div id=\"attachment_37042\" style=\"width: 288px\" class=\"wp-caption aligncenter\"><a href=\"http:\/\/www.korhanyilmaz.com\/wp-content\/uploads\/2011\/07\/1667.jpg\"  class=\"lightview\"><img loading=\"lazy\" decoding=\"async\" aria-describedby=\"caption-attachment-37042\" class=\"size-full wp-image-37042\" src=\"http:\/\/www.korhanyilmaz.com\/wp-content\/uploads\/2011\/07\/1667.jpg\" alt=\"\" width=\"278\" height=\"191\" \/><\/a><p id=\"caption-attachment-37042\" class=\"wp-caption-text\">Orgeneral Ko\u015faner&#39;e veda ziyeretinde bulunan ve D\u0131\u015fi\u015fleri Bakan\u0131 Davuto\u011flu ile g\u00f6r\u00fc\u015fen Petraeus&#39;un, yar\u0131n Ankara&#39;dan ayr\u0131larak Berlin&#39;e ge\u00e7mesi bekleniyor.<\/p><\/div>\n<p style=\"text-align: justify;\">CIA&#8217;in yeni patronu Orgeneral David Petraeus, Afganistan&#8217;daki NATO g\u00fc\u00e7lerinin komutas\u0131n\u0131 devrettikten sonra s\u00fcrpriz bir \u015fekilde Ankara&#8217;ya geldi.<\/p>\n<p style=\"text-align: justify;\">ANKARA &#8211; Afganistan&#8217;daki NATO g\u00fc\u00e7lerinin komutas\u0131n\u0131 bu sabah devreden ve Amerikan Merkezi Haberalma Te\u015fkilat\u0131&#8217;n\u0131n (CIA) ba\u015f\u0131na atanan Amerikal\u0131 Orgeneral David Petraeus Ankara&#8217;da. <!--more--><\/p>\n<p style=\"text-align: justify;\">Yeni g\u00f6revine Eyl\u00fcl ay\u0131nda ba\u015flayacak olan Petraeus, sabah saatlerinde \u00f6zel u\u00e7akla geldi\u011fi Esenbo\u011fa Havaliman\u0131&#8217;nda askeri yetkililerce kar\u015f\u0131land\u0131. Genelkurmay Ba\u015fkan\u0131 Orgeneral I\u015f\u0131k Ko\u015faner&#8217;i ziyaret eden Petraeus, D\u0131\u015fi\u015fleri Bakan\u0131 Ahmet Davuto\u011flu ile de g\u00f6r\u00fc\u015ft\u00fc.<\/p>\n<p style=\"text-align: justify;\">Ad\u0131, T\u00fcrk askerinin ba\u015f\u0131na \u00e7uval ge\u00e7irilmesi olay\u0131nda yer alan ve kamuoyunda &#8216;\u00e7uvalc\u0131 general&#8217; olarak tan\u0131nan Petraeus&#8217;un, program\u0131 hakk\u0131nda kesin bilgi verilmezken, Petraeus&#8217;un yar\u0131n Ankara&#8217;dan ayr\u0131labilece\u011fi bildirildi.<\/p>\n<p style=\"text-align: justify;\">\n<p style=\"text-align: justify;\"><strong>DAVUTO\u011eLU \u0130LE G\u00d6R\u00dc\u015eME<\/strong><\/p>\n<p style=\"text-align: justify;\"><a href=\"http:\/\/www.korhanyilmaz.com\/wp-content\/uploads\/2011\/07\/16661.jpg\"  class=\"lightview\"><img loading=\"lazy\" decoding=\"async\" class=\"alignleft size-full wp-image-37043\" style=\"margin-left: 10px; margin-right: 10px;\" src=\"http:\/\/www.korhanyilmaz.com\/wp-content\/uploads\/2011\/07\/16661.jpg\" alt=\"\" width=\"298\" height=\"186\" \/><\/a>\u00d6te yandan, Diplomatik kaynaklardan edinilen bilgiye g\u00f6re, Bakan Davuto\u011flu Petraeus ile D\u0131\u015fi\u015fleri Bakanl\u0131\u011f\u0131nda eski CENTKOM komutan\u0131 s\u0131fat\u0131yla 45 dakika kadar g\u00f6r\u00fc\u015ft\u00fc.<\/p>\n<p style=\"text-align: justify;\">Temel olarak ter\u00f6rle m\u00fccadele, Irak ve Afganistan \u015feklinde \u00fc\u00e7 konu ba\u015fl\u0131\u011f\u0131n\u0131n ele al\u0131nd\u0131\u011f\u0131 g\u00f6r\u00fc\u015fmede, Davuto\u011flu ter\u00f6rle m\u00fccadele i\u015fbirli\u011finin \u00f6nemini vurgulayarak, PKK ter\u00f6rizminin de\u011fi\u015fik boyutlar\u0131 hakk\u0131nda ayr\u0131nt\u0131l\u0131 bilgi verdi. Petraeus da mevcut yak\u0131n i\u015fbirli\u011finin s\u00fcrece\u011fini teyit ederek, Irak&#8217;taki deneyimlerini anlatt\u0131. Davuto\u011flu Irak&#8217;taki siyasi s\u00fcre\u00e7 dahil olmak \u00fczere \u00e7e\u015fitli alanlardaki Irak&#8217;a ili\u015fkin g\u00f6r\u00fc\u015flerini dile getirdi.<\/p>\n<p style=\"text-align: justify;\">Afganistan konusunda da Petraeus baz\u0131 b\u00f6lgelerde askeri sorumlulu\u011fun Afganlara devri s\u00fcreci de dahil Afganistan&#8217;daki son durum hakk\u0131nda ayr\u0131nt\u0131l\u0131 bilgi verdi. T\u00fcrkiye&#8217;nin ISAF&#8217;taki rol\u00fcn\u00fcn, diplomat, asker ve polislerinin \u00fclkenin istikrar\u0131na nas\u0131l katk\u0131da bulundu\u011funu anlatan ABD&#8217;li general, PRT&#8217;lerin katk\u0131lar\u0131ndan \u00f6vg\u00fcyle bahsetti. Siyasi s\u00fcrecin \u00f6nemine de\u011finen Petraeus, se\u00e7imlerin \u00f6nemini vurgulad\u0131.<\/p>\n<p style=\"text-align: justify;\">Bakan Davuto\u011flu da, T\u00fcrkiye&#8217;nin Afganistan ile tarihe dayanan \u00f6zel ili\u015fkilerini anlatarak, katk\u0131lar hakk\u0131nda ayr\u0131nt\u0131l\u0131 bilgi verdi. Davuto\u011flu, T\u00fcrkiye&#8217;nin Afganistan&#8217;\u0131n gelece\u011fi i\u00e7in \u00e7al\u0131\u015ft\u0131\u011f\u0131n\u0131, istikrara hi\u00e7bir kesim aras\u0131nda ayr\u0131m yap\u0131lmaks\u0131z\u0131n t\u00fcm kesimlerin kucaklanarak ula\u015f\u0131labilece\u011fini, siyasi s\u00fcrecin ise Afganl\u0131lar\u0131n kendileri taraf\u0131ndan y\u00fcr\u00fct\u00fclebilece\u011fini kaydetti.<\/p>\n<p style=\"text-align: justify;\"><strong>B\u00dcLENT ARIN\u00c7&#8217;A SORULDU<\/strong><\/p>\n<p style=\"text-align: justify;\">Bu arada, Ba\u015fbakan Yard\u0131mc\u0131s\u0131 ve H\u00fck\u00fcmet S\u00f6zc\u00fcs\u00fc B\u00fclent Ar\u0131n\u00e7&#8217;a, Bakanlar Kurulu toplant\u0131s\u0131 sonras\u0131 yapt\u0131\u011f\u0131 bas\u0131n toplant\u0131s\u0131nda Petraeus&#8217;un ziyareti soruldu.<\/p>\n<p style=\"text-align: justify;\">Ter\u00f6rle m\u00fccadele konusunun CIA Ba\u015fkan\u0131yla g\u00f6r\u00fc\u015fmelerde g\u00fcndeme gelip gelmeyece\u011fine ili\u015fkin soru \u00fczerine Ar\u0131n\u00e7, Bakanlar Kurulunun toplant\u0131s\u0131nda bu konunun g\u00fcndeme gelmedi\u011fini s\u00f6yledi.<\/p>\n<p style=\"text-align: justify;\">T\u00fcrkiye&#8217;nin dinamik bir \u00fclke oldu\u011funu ve her zaman farkl\u0131 g\u00f6revlerde bulunan ki\u015filerin i\u015fbirli\u011fi veya m\u00fczakere noktas\u0131nda muhataplar\u0131nca davet edilebilece\u011fini belirten Ar\u0131n\u00e7, &#8221;Ben CIA Ba\u015fkan\u0131n\u0131n T\u00fcrkiye&#8217;yi ziyaretinin ne ama\u00e7l\u0131 oldu\u011funu ve kimlerle g\u00f6r\u00fc\u015fme yapaca\u011f\u0131n\u0131 bilmiyorum. Bu h\u00fck\u00fcmet konusu da de\u011fil&#8221; dedi.<\/p>\n<p style=\"text-align: justify;\"><a href=\"http:\/\/www.ntvmsnbc.com\/id\/25233341\/\" target=\"_blank\">Kaynak : NTVMSNBC<\/a><\/p>\n","protected":false},"excerpt":{"rendered":"<p style=\"text-align: justify;\">\n<p id=\"caption-attachment-37042\" class=\"wp-caption-text\">Orgeneral Ko\u015faner&#39;e veda ziyeretinde bulunan ve D\u0131\u015fi\u015fleri Bakan\u0131 Davuto\u011flu ile g\u00f6r\u00fc\u015fen Petraeus&#39;un, yar\u0131n Ankara&#39;dan ayr\u0131larak Berlin&#39;e ge\u00e7mesi bekleniyor.<\/p>\n<p style=\"text-align: justify;\">CIA&#8217;in yeni patronu Orgeneral David Petraeus, Afganistan&#8217;daki NATO g\u00fc\u00e7lerinin komutas\u0131n\u0131 devrettikten sonra s\u00fcrpriz bir \u015fekilde Ankara&#8217;ya geldi.<\/p>\n<p style=\"text-align: justify;\">ANKARA &#8211; Afganistan&#8217;daki NATO g\u00fc\u00e7lerinin komutas\u0131n\u0131 bu sabah devreden ve Amerikan <\/p>\n","protected":false},"author":1,"featured_media":0,"comment_status":"open","ping_status":"open","sticky":false,"template":"","format":"standard","meta":{"footnotes":""},"categories":[105],"tags":[],"class_list":["post-37040","post","type-post","status-publish","format-standard","hentry","category-gundem","odd"],"_links":{"self":[{"href":"http:\/\/www.korhanyilmaz.com\/index.php?rest_route=\/wp\/v2\/posts\/37040","targetHints":{"allow":["GET"]}}],"collection":[{"href":"http:\/\/www.korhanyilmaz.com\/index.php?rest_route=\/wp\/v2\/posts"}],"about":[{"href":"http:\/\/www.korhanyilmaz.com\/index.php?rest_route=\/wp\/v2\/types\/post"}],"author":[{"embeddable":true,"href":"http:\/\/www.korhanyilmaz.com\/index.php?rest_route=\/wp\/v2\/users\/1"}],"replies":[{"embeddable":true,"href":"http:\/\/www.korhanyilmaz.com\/index.php?rest_route=%2Fwp%2Fv2%2Fcomments&post=37040"}],"version-history":[{"count":0,"href":"http:\/\/www.korhanyilmaz.com\/index.php?rest_route=\/wp\/v2\/posts\/37040\/revisions"}],"wp:attachment":[{"href":"http:\/\/www.korhanyilmaz.com\/index.php?rest_route=%2Fwp%2Fv2%2Fmedia&parent=37040"}],"wp:term":[{"taxonomy":"category","embeddable":true,"href":"http:\/\/www.korhanyilmaz.com\/index.php?rest_route=%2Fwp%2Fv2%2Fcategories&post=37040"},{"taxonomy":"post_tag","embeddable":true,"href":"http:\/\/www.korhanyilmaz.com\/index.php?rest_route=%2Fwp%2Fv2%2Ftags&post=37040"}],"curies":[{"name":"wp","href":"https:\/\/api.w.org\/{rel}","templated":true}]}}